{"id":81241,"date":"2026-06-25T12:31:23","date_gmt":"2026-06-25T10:31:23","guid":{"rendered":"https:\/\/escenanorte.com\/?p=81241"},"modified":"2026-07-14T19:09:30","modified_gmt":"2026-07-14T17:09:30","slug":"52-hercios","status":"publish","type":"post","link":"https:\/\/escenanorte.com\/gl\/52-hercios\/","title":{"rendered":"52 Hercios"},"content":{"rendered":"\n<div class=\"wp-block-columns is-layout-flex wp-container-core-columns-is-layout-8f761849 wp-block-columns-is-layout-flex\">\n<div class=\"wp-block-column is-layout-flow wp-block-column-is-layout-flow\" style=\"flex-basis:70%\">\n<p class=\"wp-block-paragraph\"><strong>O t\u00edtulo da obra fai referencia \u00e1 frecuencia dun son estra\u00f1o rexistrado nos \u00faltimos 35 anos en distintos lugares do Pac\u00edfico, similar ao canto dunha balea azul. Pero as baleas azuis comun\u00edcanse en frecuencias que van dos 10 aos 39 hercios, polo que a voz desta balea estra\u00f1a e solitaria, vibrando a \u201852 hercios\u2019, queda f\u00f3ra do limiar auditivo da especie. Ningunha outra balea puido escoitar a s\u00faa chamada nunca.<\/strong><\/p>\n\n\n\n<p class=\"wp-block-paragraph\"><strong>Suponse que a balea dos 52 hercios, ou Whalien 52, pode ser xorda de nacemento e que por iso nunca aprendeu a emitir o canto na frecuencia correcta. A obra utiliza a met\u00e1fora desa balea solitaria, convertida nun s\u00edmbolo do illamento social, para ganduxar unha mirada poli\u00e9drica sobre persoas que est\u00e1n a sufrir ou padeceron momentos de soidade non desexada.<\/strong><\/p>\n\n\n\n<p class=\"wp-block-paragraph\"><strong>O eco dese son traspasa o texto e a posta en escena, nun ton non realista, cheo de imaxes po\u00e9ticas e coreogr\u00e1ficas.<\/strong><\/p>\n\n\n\n<p class=\"wp-block-paragraph\"><strong>Ados Teatroa <\/strong>foi creada en 1994 coa ilusi\u00f3n de contar historias e levantar espect\u00e1culos que nos divertisen, nos emocionasen e nos interesasen, pensando que ese era o xeito de interesar, divertir e emocionar a xente.<\/p>\n\n\n\n<hr class=\"wp-block-separator has-text-color has-alpha-channel-opacity has-background is-style-default\" style=\"background-color:#a8c516;color:#a8c516\"\/>\n\n\n\n<figure class=\"wp-block-embed is-type-video is-provider-youtube wp-block-embed-youtube wp-embed-aspect-16-9 wp-has-aspect-ratio\"><div class=\"wp-block-embed__wrapper\">\n<div class=\"epyt-video-wrapper\"><iframe loading=\"lazy\"  id=\"_ytid_29214\"  width=\"800\" height=\"450\"  data-origwidth=\"800\" data-origheight=\"450\"  data-relstop=\"1\" src=\"https:\/\/www.youtube-nocookie.com\/embed\/VnI15GbAbcg?enablejsapi=1&#038;origin=https:\/\/escenanorte.com&#038;autoplay=0&#038;cc_load_policy=1&#038;cc_lang_pref=es&#038;iv_load_policy=1&#038;loop=0&#038;rel=0&#038;fs=1&#038;playsinline=0&#038;autohide=2&#038;hl=gl_ES&#038;theme=dark&#038;color=red&#038;controls=1&#038;disablekb=0&#038;\" class=\"__youtube_prefs__  epyt-is-override  no-lazyload\" title=\"YouTube player\"  allow=\"fullscreen; accelerometer; autoplay; clipboard-write; encrypted-media; gyroscope; picture-in-picture; web-share\" referrerpolicy=\"strict-origin-when-cross-origin\" allowfullscreen data-no-lazy=\"1\" data-skipgform_ajax_framebjll=\"\"><\/iframe><\/div>\n<\/div><\/figure>\n<\/div>\n\n\n\n<div class=\"wp-block-column is-layout-flow wp-block-column-is-layout-flow\" style=\"flex-basis:30%\">\n<h5 class=\"wp-block-heading\"><strong>Tipo: Teatro<\/strong><\/h5>\n\n\n\n<ul class=\"wp-block-list\">\n<li class=\"has-small-font-size\"><strong>P\u00fablico: Todos os p\u00fablicos<\/strong><\/li>\n\n\n\n<li class=\"has-small-font-size\"><strong>Duraci\u00f3n: 75\u2019<\/strong><\/li>\n\n\n\n<li class=\"has-small-font-size\"><strong>Idioma: Castel\u00e1n &#8211; Euskera<\/strong><\/li>\n\n\n\n<li class=\"has-small-font-size\"><strong>Estrea: 3 de outubro de 2025. Teatro Principal, Donostia (Guip\u00fascoa) &#8211; Euskadi<\/strong><\/li>\n<\/ul>\n\n\n\n<hr class=\"wp-block-separator has-text-color has-alpha-channel-opacity has-background is-style-default\" style=\"background-color:#a8c516;color:#a8c516\"\/>\n\n\n\n<h5 class=\"wp-block-heading\"><strong>Contacto:<\/strong><\/h5>\n\n\n\n<ul class=\"wp-block-list has-small-font-size\">\n<li>Ione Zabala<\/li>\n\n\n\n<li>Tel.: 650 908 739<\/li>\n\n\n\n<li>P\u00b0 Donostia, 102. 20115 Astigarraga (Guip\u00fascoa) &#8211; Euskadi<\/li>\n\n\n\n<li><strong><a href=\"mailto:adosteatroa@adosteatroa.com\" target=\"_blank\" rel=\"noreferrer noopener\">correo-e<\/a><\/strong><\/li>\n\n\n\n<li><strong><a href=\"https:\/\/www.adosteatroa.com\" target=\"_blank\" rel=\"noreferrer noopener\">web<\/a><\/strong><\/li>\n<\/ul>\n\n\n\n<hr class=\"wp-block-separator has-text-color has-alpha-channel-opacity has-background is-style-default\" style=\"background-color:#a8c516;color:#a8c516\"\/>\n\n\n\n<figure data-wp-context=\"{&quot;galleryId&quot;:&quot;6a9cec5b4876e&quot;}\" data-wp-interactive=\"core\/gallery\" class=\"wp-block-gallery has-nested-images columns-1 is-cropped wp-block-gallery-1 is-layout-flex wp-block-gallery-is-layout-flex\">\n<figure data-wp-context=\"{&quot;imageId&quot;:&quot;6a9cec5b493df&quot;}\" data-wp-interactive=\"core\/image\" data-wp-key=\"6a9cec5b493df\" class=\"wp-block-image size-large wp-lightbox-container\"><img loading=\"lazy\" decoding=\"async\" width=\"1024\" height=\"768\" data-wp-class--hide=\"state.isContentHidden\" data-wp-class--show=\"state.isContentVisible\" data-wp-init=\"callbacks.setButtonStyles\" data-wp-on--click=\"actions.showLightbox\" data-wp-on--load=\"callbacks.setButtonStyles\" data-wp-on--pointerdown=\"actions.preloadImage\" data-wp-on--pointerenter=\"actions.preloadImageWithDelay\" data-wp-on--pointerleave=\"actions.cancelPreload\" data-wp-on-window--resize=\"callbacks.setButtonStyles\" data-id=\"81337\" src=\"https:\/\/escenanorte.com\/wp-content\/uploads\/2026\/06\/1-52-hertz-@Ione-Zabala-1024x768.jpg\" alt=\"\" class=\"wp-image-81337\" srcset=\"https:\/\/escenanorte.com\/wp-content\/uploads\/2026\/06\/1-52-hertz-@Ione-Zabala-1024x768.jpg 1024w, https:\/\/escenanorte.com\/wp-content\/uploads\/2026\/06\/1-52-hertz-@Ione-Zabala-300x225.jpg 300w, https:\/\/escenanorte.com\/wp-content\/uploads\/2026\/06\/1-52-hertz-@Ione-Zabala-768x576.jpg 768w, https:\/\/escenanorte.com\/wp-content\/uploads\/2026\/06\/1-52-hertz-@Ione-Zabala-1536x1152.jpg 1536w, https:\/\/escenanorte.com\/wp-content\/uploads\/2026\/06\/1-52-hertz-@Ione-Zabala-2048x1536.jpg 2048w\" sizes=\"(max-width: 1024px) 100vw, 1024px\" \/><button\n\t\t\tclass=\"lightbox-trigger\"\n\t\t\ttype=\"button\"\n\t\t\taria-haspopup=\"dialog\"\n\t\t\tdata-wp-bind--aria-label=\"state.thisImage.triggerButtonAriaLabel\"\n\t\t\tdata-wp-init=\"callbacks.initTriggerButton\"\n\t\t\tdata-wp-on--click=\"actions.showLightbox\"\n\t\t\tdata-wp-style--right=\"state.thisImage.buttonRight\"\n\t\t\tdata-wp-style--top=\"state.thisImage.buttonTop\"\n\t\t>\n\t\t\t<svg xmlns=\"http:\/\/www.w3.org\/2000\/svg\" width=\"12\" height=\"12\" fill=\"none\" viewBox=\"0 0 12 12\">\n\t\t\t\t<path fill=\"#fff\" d=\"M2 0a2 2 0 0 0-2 2v2h1.5V2a.5.5 0 0 1 .5-.5h2V0H2Zm2 10.5H2a.5.5 0 0 1-.5-.5V8H0v2a2 2 0 0 0 2 2h2v-1.5ZM8 12v-1.5h2a.5.5 0 0 0 .5-.5V8H12v2a2 2 0 0 1-2 2H8Zm2-12a2 2 0 0 1 2 2v2h-1.5V2a.5.5 0 0 0-.5-.5H8V0h2Z\" \/>\n\t\t\t<\/svg>\n\t\t<\/button><\/figure>\n\n\n\n<figure data-wp-context=\"{&quot;imageId&quot;:&quot;6a9cec5b49b84&quot;}\" data-wp-interactive=\"core\/image\" data-wp-key=\"6a9cec5b49b84\" class=\"wp-block-image size-large wp-lightbox-container\"><img loading=\"lazy\" decoding=\"async\" width=\"1024\" height=\"768\" data-wp-class--hide=\"state.isContentHidden\" data-wp-class--show=\"state.isContentVisible\" data-wp-init=\"callbacks.setButtonStyles\" data-wp-on--click=\"actions.showLightbox\" data-wp-on--load=\"callbacks.setButtonStyles\" data-wp-on--pointerdown=\"actions.preloadImage\" data-wp-on--pointerenter=\"actions.preloadImageWithDelay\" data-wp-on--pointerleave=\"actions.cancelPreload\" data-wp-on-window--resize=\"callbacks.setButtonStyles\" data-id=\"81338\" src=\"https:\/\/escenanorte.com\/wp-content\/uploads\/2026\/06\/2-52-hertz-@Ione-Zabala-1024x768.jpg\" alt=\"\" class=\"wp-image-81338\" srcset=\"https:\/\/escenanorte.com\/wp-content\/uploads\/2026\/06\/2-52-hertz-@Ione-Zabala-1024x768.jpg 1024w, https:\/\/escenanorte.com\/wp-content\/uploads\/2026\/06\/2-52-hertz-@Ione-Zabala-300x225.jpg 300w, https:\/\/escenanorte.com\/wp-content\/uploads\/2026\/06\/2-52-hertz-@Ione-Zabala-768x576.jpg 768w, https:\/\/escenanorte.com\/wp-content\/uploads\/2026\/06\/2-52-hertz-@Ione-Zabala-1536x1152.jpg 1536w, https:\/\/escenanorte.com\/wp-content\/uploads\/2026\/06\/2-52-hertz-@Ione-Zabala-2048x1536.jpg 2048w\" sizes=\"(max-width: 1024px) 100vw, 1024px\" \/><button\n\t\t\tclass=\"lightbox-trigger\"\n\t\t\ttype=\"button\"\n\t\t\taria-haspopup=\"dialog\"\n\t\t\tdata-wp-bind--aria-label=\"state.thisImage.triggerButtonAriaLabel\"\n\t\t\tdata-wp-init=\"callbacks.initTriggerButton\"\n\t\t\tdata-wp-on--click=\"actions.showLightbox\"\n\t\t\tdata-wp-style--right=\"state.thisImage.buttonRight\"\n\t\t\tdata-wp-style--top=\"state.thisImage.buttonTop\"\n\t\t>\n\t\t\t<svg xmlns=\"http:\/\/www.w3.org\/2000\/svg\" width=\"12\" height=\"12\" fill=\"none\" viewBox=\"0 0 12 12\">\n\t\t\t\t<path fill=\"#fff\" d=\"M2 0a2 2 0 0 0-2 2v2h1.5V2a.5.5 0 0 1 .5-.5h2V0H2Zm2 10.5H2a.5.5 0 0 1-.5-.5V8H0v2a2 2 0 0 0 2 2h2v-1.5ZM8 12v-1.5h2a.5.5 0 0 0 .5-.5V8H12v2a2 2 0 0 1-2 2H8Zm2-12a2 2 0 0 1 2 2v2h-1.5V2a.5.5 0 0 0-.5-.5H8V0h2Z\" \/>\n\t\t\t<\/svg>\n\t\t<\/button><\/figure>\n<\/figure>\n\n\n\n<hr class=\"wp-block-separator has-text-color has-alpha-channel-opacity has-background is-style-default\" style=\"background-color:#a8c516;color:#a8c516\"\/>\n\n\n\n<div  class=\"tribe-compatibility-container\" >\n\t<div\n\t\t class=\"tribe-common tribe-events tribe-events-view tribe-events-view--widget-events-list tribe-events-widget\" \t\tdata-js=\"tribe-events-view\"\n\t\tdata-view-rest-url=\"https:\/\/escenanorte.com\/gl\/wp-json\/tribe\/views\/v2\/html\"\n\t\tdata-view-manage-url=\"1\"\n\t\t\t\t\t\t\tdata-view-breakpoint-pointer=\"b7528d2e-deb5-4bf7-8a1b-4c0e1940220e\"\n\t\t\t>\n\t\t<div class=\"tribe-events-widget-events-list\">\n\n\t\t\t<script type=\"application\/ld+json\">\r\n[{\"@context\":\"http:\/\/schema.org\",\"@type\":\"Event\",\"name\":\"Construyendo la carcasa: el trabajo f\\u00edsico en la interpretaci\\u00f3n textual | Taller\",\"description\":\"&lt;p&gt;Taller \\u2018CONSTRUYENDO LA CARCASA: EL TRABAJO F\\u00cdSICO EN LA INTERPRETACI\\u00d3N TEXTUAL\\u2019, impartido por Sandro Cordero en relaci\\u00f3n al espect\\u00e1culo \\u2018Atra Bilis\\u2019 de Hilo Producciones (CAN). \\u24d8 Inscripciones: https:\/\/mutefestival.com\/&lt;\/p&gt;\\\\n\",\"image\":\"https:\/\/escenanorte.com\/wp-content\/uploads\/2026\/06\/2.Atrabilis_AureogomeZ-scaled.jpg\",\"url\":\"https:\/\/escenanorte.com\/gl\/evento\/construyendo-la-carcasa-el-trabajo-fisico-en-la-interpretacion-textual-taller\/\",\"eventAttendanceMode\":\"https:\/\/schema.org\/OfflineEventAttendanceMode\",\"eventStatus\":\"https:\/\/schema.org\/EventScheduled\",\"startDate\":\"2026-09-06T10:00:00+02:00\",\"endDate\":\"2026-09-06T13:00:00+02:00\",\"location\":{\"@type\":\"Place\",\"name\":\"El Taller de la Danza\",\"description\":\"\",\"image\":\"https:\/\/escenanorte.com\/wp-content\/uploads\/2026\/08\/Taller-Danza.jpg\",\"url\":\"\",\"address\":{\"@type\":\"PostalAddress\",\"streetAddress\":\"Calle la Cadena 41\",\"addressLocality\":\"Varea\",\"addressRegion\":\"La Rioja\",\"postalCode\":\"26006\"},\"telephone\":\"\",\"sameAs\":\"https:\/\/eltallerdeladanza.com\"},\"performer\":\"Organization\"},{\"@context\":\"http:\/\/schema.org\",\"@type\":\"Event\",\"name\":\"Ardatzak \/ Ejes | Zirkozaurre,  Euskadi\",\"description\":\"&lt;p&gt;Tipo: Circo P\\u00fablico: Todos los p\\u00fablicos Duraci\\u00f3n: 50\\u2019 Idioma: Castellano \\u2013 Euskera Estreno: 15 de mayo de 2025. Umore Azoka, Leioa (Bizkaia) \\u2013 Euskadi Y para ti, \\u00bfqu\\u00e9 es un [&hellip;]&lt;\/p&gt;\\\\n\",\"image\":\"https:\/\/escenanorte.com\/wp-content\/uploads\/2026\/06\/Ardatzak_Ejes_Zirkozaurre01-@Juankar-Garcia.jpg\",\"url\":\"https:\/\/escenanorte.com\/gl\/evento\/ardatzak-ejes-zirkozaurre-euskadi\/\",\"eventAttendanceMode\":\"https:\/\/schema.org\/OfflineEventAttendanceMode\",\"eventStatus\":\"https:\/\/schema.org\/EventScheduled\",\"startDate\":\"2026-09-18T19:00:00+02:00\",\"endDate\":\"2026-09-18T19:50:00+02:00\",\"location\":{\"@type\":\"Place\",\"name\":\"Parque Gallarza\",\"description\":\"\",\"image\":\"https:\/\/escenanorte.com\/wp-content\/uploads\/2026\/08\/Parque-GALLARZA.jpeg\",\"url\":\"\",\"address\":{\"@type\":\"PostalAddress\",\"streetAddress\":\"Avenida P\\u00e9rez Gald\\u00f3s, 17\",\"addressLocality\":\"Logro\\u00f1o\",\"addressRegion\":\"La Rioja\",\"postalCode\":\"26002\"},\"telephone\":\"\",\"sameAs\":\"\"},\"offers\":{\"@type\":\"Offer\",\"price\":\"0\",\"priceCurrency\":\"EUR\",\"url\":\"https:\/\/escenanorte.com\/gl\/evento\/ardatzak-ejes-zirkozaurre-euskadi\/\",\"category\":\"primary\",\"availability\":\"inStock\",\"validFrom\":\"1970-01-01T00:00:00+00:00\"},\"performer\":\"Organization\"},{\"@context\":\"http:\/\/schema.org\",\"@type\":\"Event\",\"name\":\"Esto es un poema | Violeta y P\\u00e9ndula, La Rioja\",\"description\":\"&lt;p&gt;Tipo: Teatro, t\\u00edteres y nuevo circo P\\u00fablico: Todos los p\\u00fablicos Duraci\\u00f3n: 60\\u2019 Idioma: Castellano Estreno: 7 de octubre de 2018. Teatro Municipal. Los Titiriteros de Bin\\u00e9far, Bin\\u00e9far (Huesca) \\u2013 Arag\\u00f3n [&hellip;]&lt;\/p&gt;\\\\n\",\"image\":\"https:\/\/escenanorte.com\/wp-content\/uploads\/2026\/06\/1-@Andres-Hernandez-Pena.jpg\",\"url\":\"https:\/\/escenanorte.com\/gl\/evento\/esto-es-un-poema-violeta-y-pendula-la-rioja-3\/\",\"eventAttendanceMode\":\"https:\/\/schema.org\/OfflineEventAttendanceMode\",\"eventStatus\":\"https:\/\/schema.org\/EventScheduled\",\"startDate\":\"2026-09-19T17:00:00+02:00\",\"endDate\":\"2026-09-19T18:00:00+02:00\",\"location\":{\"@type\":\"Place\",\"name\":\"Palacio de Festivales de Cantabria &#8211; Sala Pereda\",\"description\":\"&lt;p&gt;El Palacio de Festivales de Cantabria, situado frente a la bah\\u00eda de Santander, es un emblem\\u00e1tico auditorio de la capital de la comunidad de Cantabria, que se ha convertido en [&hellip;]&lt;\/p&gt;\\\\n\",\"image\":\"https:\/\/escenanorte.com\/wp-content\/uploads\/2020\/08\/3Z8T3598p.jpg\",\"url\":\"\",\"address\":{\"@type\":\"PostalAddress\",\"streetAddress\":\"Gamazo s\/n\",\"addressLocality\":\"Santander\",\"addressRegion\":\"Cantabria\",\"postalCode\":\"39004\",\"addressCountry\":\"Espa\\u00f1a\"},\"telephone\":\"\",\"sameAs\":\"https:\/\/palaciofestivales.com\/\"},\"offers\":{\"@type\":\"Offer\",\"price\":\"6 \\u2013 8\",\"priceCurrency\":\"EUR\",\"url\":\"https:\/\/escenanorte.com\/gl\/evento\/esto-es-un-poema-violeta-y-pendula-la-rioja-3\/\",\"category\":\"primary\",\"availability\":\"inStock\",\"validFrom\":\"1970-01-01T00:00:00+00:00\"},\"performer\":\"Organization\"},{\"@context\":\"http:\/\/schema.org\",\"@type\":\"Event\",\"name\":\"Non pasar\\u00e1n |  \\u00c1rtika C\\u00eda, Galicia\",\"description\":\"&lt;p&gt;Tipo: Teatro P\\u00fablico: Adolescente + Adulto Duraci\\u00f3n: 75\\u2019 Idioma: Castellano \\u2013 Gallego Estreno: 23 de noviembre del 2024. Sala \\u00c1rtika, Vigo (Pontevedra) Galicia \\u2018Non pasar\\u00e1n\\u2019 se desarrolla en un pa\\u00eds\/lugar [&hellip;]&lt;\/p&gt;\\\\n\",\"image\":\"https:\/\/escenanorte.com\/wp-content\/uploads\/2026\/06\/1-No-Pasaran_A9A3891\\u00a9-Vanessa-Rabade_.jpg\",\"url\":\"https:\/\/escenanorte.com\/gl\/evento\/non-pasaran-artika-cia-galicia-2\/\",\"eventAttendanceMode\":\"https:\/\/schema.org\/OfflineEventAttendanceMode\",\"eventStatus\":\"https:\/\/schema.org\/EventScheduled\",\"startDate\":\"2026-09-19T19:00:00+02:00\",\"endDate\":\"2026-09-19T20:15:00+02:00\",\"location\":{\"@type\":\"Place\",\"name\":\"Antiguas Escuelas de Orejo\",\"description\":\"&lt;p&gt;Marina de Cudeyo&lt;\/p&gt;\\\\n\",\"url\":\"\",\"address\":{\"@type\":\"PostalAddress\",\"streetAddress\":\"Orejo\",\"addressLocality\":\"Marina de Cudeyo\",\"addressRegion\":\"Cantabria\",\"postalCode\":\"39719\"},\"telephone\":\"\",\"sameAs\":\"https:\/\/marinadecudeyo.com\/ayto\/tag\/teatro-las-escuelas\/\"},\"offers\":{\"@type\":\"Offer\",\"price\":\"0\",\"priceCurrency\":\"EUR\",\"url\":\"https:\/\/escenanorte.com\/gl\/evento\/non-pasaran-artika-cia-galicia-2\/\",\"category\":\"primary\",\"availability\":\"inStock\",\"validFrom\":\"1970-01-01T00:00:00+00:00\"},\"performer\":\"Organization\"},{\"@context\":\"http:\/\/schema.org\",\"@type\":\"Event\",\"name\":\"Esto es un poema | Violeta y P\\u00e9ndula, La Rioja\",\"description\":\"&lt;p&gt;Tipo: Teatro, t\\u00edteres y nuevo circo P\\u00fablico: Todos los p\\u00fablicos Duraci\\u00f3n: 60\\u2019 Idioma: Castellano Estreno: 7 de octubre de 2018. Teatro Municipal. Los Titiriteros de Bin\\u00e9far, Bin\\u00e9far (Huesca) \\u2013 Arag\\u00f3n [&hellip;]&lt;\/p&gt;\\\\n\",\"image\":\"https:\/\/escenanorte.com\/wp-content\/uploads\/2026\/06\/1-@Andres-Hernandez-Pena.jpg\",\"url\":\"https:\/\/escenanorte.com\/gl\/evento\/esto-es-un-poema-violeta-y-pendula-la-rioja\/\",\"eventAttendanceMode\":\"https:\/\/schema.org\/OfflineEventAttendanceMode\",\"eventStatus\":\"https:\/\/schema.org\/EventScheduled\",\"startDate\":\"2026-09-20T18:00:00+02:00\",\"endDate\":\"2026-09-20T19:00:00+02:00\",\"location\":{\"@type\":\"Place\",\"name\":\"Teatro La Laboral\",\"description\":\"&lt;p&gt;Laboral Ciudad de la Cultura es el resultado de un proyecto de transformaci\\u00f3n que el Gobierno del Principado de Asturias acometi\\u00f3 en 2001 con el fin de dar nueva vida [&hellip;]&lt;\/p&gt;\\\\n\",\"image\":\"https:\/\/escenanorte.com\/wp-content\/uploads\/2026\/08\/teatro-laboral-baja.jpg\",\"url\":\"\",\"address\":{\"@type\":\"PostalAddress\",\"streetAddress\":\"C. Luis Moya Blanco 121\",\"addressLocality\":\"Gij\\u00f3n\",\"addressRegion\":\"Oviedo\",\"postalCode\":\"33394\"},\"telephone\":\"\",\"sameAs\":\"http:\/\/www.laboralciudaddelacultura.com\/\"},\"offers\":{\"@type\":\"Offer\",\"price\":\"0\",\"priceCurrency\":\"EUR\",\"url\":\"https:\/\/escenanorte.com\/gl\/evento\/esto-es-un-poema-violeta-y-pendula-la-rioja\/\",\"category\":\"primary\",\"availability\":\"inStock\",\"validFrom\":\"1970-01-01T00:00:00+00:00\"},\"performer\":\"Organization\"}]\r\n<\/script>\n\t\t\t<script data-js=\"tribe-events-view-data\" type=\"application\/json\">\n\t{\"slug\":\"widget-events-list\",\"prev_url\":\"\",\"next_url\":\"https:\\\/\\\/escenanorte.com\\\/gl\\\/?post_type=tribe_events&eventDisplay=widget-events-list&paged=2\",\"view_class\":\"Tribe\\\\Events\\\\Views\\\\V2\\\\Views\\\\Widgets\\\\Widget_List_View\",\"view_slug\":\"widget-events-list\",\"view_label\":\"View\",\"view\":null,\"should_manage_url\":true,\"id\":null,\"alias-slugs\":null,\"title\":\"Eventos para Setembro 6 \\u2013 Setembro 20 \\u2013 Camino Escena Norte\",\"limit\":\"5\",\"no_upcoming_events\":false,\"featured_events_only\":false,\"jsonld_enable\":true,\"tribe_is_list_widget\":false,\"admin_fields\":{\"title\":{\"label\":\"Title:\",\"type\":\"text\",\"parent_classes\":\"\",\"classes\":\"\",\"dependency\":\"\",\"id\":\"widget-tribe-widget-events-list--1-title\",\"name\":\"widget-tribe-widget-events-list[-1][title]\",\"options\":[],\"placeholder\":\"\",\"value\":null},\"limit\":{\"label\":\"Show:\",\"type\":\"number\",\"default\":5,\"min\":1,\"max\":10,\"step\":1,\"parent_classes\":\"\",\"classes\":\"\",\"dependency\":\"\",\"id\":\"widget-tribe-widget-events-list--1-limit\",\"name\":\"widget-tribe-widget-events-list[-1][limit]\",\"options\":[],\"placeholder\":\"\",\"value\":null},\"no_upcoming_events\":{\"label\":\"Hide this widget if there are no upcoming events.\",\"type\":\"checkbox\",\"parent_classes\":\"\",\"classes\":\"\",\"dependency\":\"\",\"id\":\"widget-tribe-widget-events-list--1-no_upcoming_events\",\"name\":\"widget-tribe-widget-events-list[-1][no_upcoming_events]\",\"options\":[],\"placeholder\":\"\",\"value\":null},\"featured_events_only\":{\"label\":\"Limit to featured events only\",\"type\":\"checkbox\",\"parent_classes\":\"\",\"classes\":\"\",\"dependency\":\"\",\"id\":\"widget-tribe-widget-events-list--1-featured_events_only\",\"name\":\"widget-tribe-widget-events-list[-1][featured_events_only]\",\"options\":[],\"placeholder\":\"\",\"value\":null},\"jsonld_enable\":{\"label\":\"Generate JSON-LD data\",\"type\":\"checkbox\",\"parent_classes\":\"\",\"classes\":\"\",\"dependency\":\"\",\"id\":\"widget-tribe-widget-events-list--1-jsonld_enable\",\"name\":\"widget-tribe-widget-events-list[-1][jsonld_enable]\",\"options\":[],\"placeholder\":\"\",\"value\":null}},\"venue\":false,\"country\":false,\"street\":false,\"city\":false,\"region\":false,\"zip\":false,\"phone\":false,\"cost\":false,\"organizer\":false,\"website\":false,\"operand\":\"AND\",\"filters\":\"{\\\"post_tag\\\":[\\\"247\\\"]}\",\"_theme\":\"{}\",\"events\":[82250,82270,82510,82519,81917],\"url\":\"https:\\\/\\\/escenanorte.com\\\/gl\\\/?post_type=tribe_events&eventDisplay=widget-events-list\",\"url_event_date\":false,\"bar\":{\"keyword\":\"\",\"date\":\"\"},\"today\":\"2026-09-06 00:00:00\",\"now\":\"2026-09-06 06:30:19\",\"home_url\":\"https:\\\/\\\/escenanorte.com\\\/gl\\\/\",\"rest_url\":\"https:\\\/\\\/escenanorte.com\\\/gl\\\/wp-json\\\/tribe\\\/views\\\/v2\\\/html\",\"rest_method\":\"GET\",\"rest_nonce\":\"\",\"today_url\":\"https:\\\/\\\/escenanorte.com\\\/gl\\\/?post_type=tribe_events&eventDisplay=widget-events-list&rest_route=%2Fwp%2Fv2%2Fposts%2F81241\",\"today_title\":\"Facer clic para seleccionar a data de hoxe\",\"today_label\":\"Hoxe\",\"prev_label\":\"\",\"next_label\":\"\",\"date_formats\":{\"compact\":\"n\\\/j\\\/Y\",\"month_and_year_compact\":\"n\\\/Y\",\"month_and_year\":\"F Y\",\"time_range_separator\":\" - \",\"date_time_separator\":\", \"},\"messages\":[],\"start_of_week\":\"1\",\"header_title\":\"\",\"header_title_element\":\"h1\",\"content_title\":\"\",\"show_content_title\":false,\"breadcrumbs\":[],\"backlink\":false,\"before_events\":\"\",\"after_events\":\"\\n<!--\\nThis calendar is powered by The Events Calendar.\\nhttp:\\\/\\\/evnt.is\\\/18wn\\n-->\\n\",\"display_events_bar\":false,\"disable_event_search\":false,\"live_refresh\":true,\"ical\":{\"display_link\":true,\"link\":{\"url\":\"https:\\\/\\\/escenanorte.com\\\/gl\\\/?post_type=tribe_events&#038;eventDisplay=widget-events-list&#038;ical=1\",\"text\":\"Exportar Eventos\",\"title\":\"Usa esto para compartir los datos del calendario con Google Calendar, Apple iCal y otras aplicaciones compatibles\"}},\"container_classes\":[\"tribe-common\",\"tribe-events\",\"tribe-events-view\",\"tribe-events-view--widget-events-list\",\"tribe-events-widget\"],\"container_data\":[],\"is_past\":false,\"breakpoints\":{\"xsmall\":500,\"medium\":768,\"full\":960},\"breakpoint_pointer\":\"b7528d2e-deb5-4bf7-8a1b-4c0e1940220e\",\"is_initial_load\":false,\"public_views\":{\"list\":{\"view_class\":\"Tribe\\\\Events\\\\Views\\\\V2\\\\Views\\\\List_View\",\"view_url\":\"https:\\\/\\\/escenanorte.com\\\/gl\\\/eventos\\\/lista\\\/\",\"view_label\":\"Lista\",\"aria_label\":\"Display Eventos in Lista View\"},\"month\":{\"view_class\":\"Tribe\\\\Events\\\\Views\\\\V2\\\\Views\\\\Month_View\",\"view_url\":\"https:\\\/\\\/escenanorte.com\\\/gl\\\/eventos\\\/mes\\\/\",\"view_label\":\"Mes\",\"aria_label\":\"Display Eventos in Mes View\"},\"day\":{\"view_class\":\"Tribe\\\\Events\\\\Views\\\\V2\\\\Views\\\\Day_View\",\"view_url\":\"https:\\\/\\\/escenanorte.com\\\/gl\\\/eventos\\\/hoxe\\\/\",\"view_label\":\"D\\u00eda\",\"aria_label\":\"Display Eventos in D\\u00eda View\"}},\"show_latest_past\":false,\"past\":false,\"compatibility_classes\":[\"tribe-compatibility-container\"],\"view_more_text\":\"Ver calendario\",\"view_more_title\":\"View more eventos.\",\"view_more_link\":\"https:\\\/\\\/escenanorte.com\\\/gl\\\/eventos\\\/\",\"widget_title\":\"Pr\\u00f3ximos Eventos\",\"hide_if_no_upcoming_events\":false,\"display\":[],\"subscribe_links\":{\"gcal\":{\"label\":\"Google Calendar\",\"single_label\":\"A\\u00f1adir a Google Calendar\",\"visible\":true,\"block_slug\":\"hasGoogleCalendar\"},\"ical\":{\"label\":\"iCalendar\",\"single_label\":\"Add to iCalendar\",\"visible\":true,\"block_slug\":\"hasiCal\"},\"outlook-365\":{\"label\":\"Outlook 365\",\"single_label\":\"Outlook 365\",\"visible\":true,\"block_slug\":\"hasOutlook365\"},\"outlook-live\":{\"label\":\"Outlook Live\",\"single_label\":\"Outlook Live\",\"visible\":true,\"block_slug\":\"hasOutlookLive\"},\"ics\":{\"label\":\"Export .ics file\",\"single_label\":\"Export .ics file\",\"visible\":true,\"block_slug\":null},\"outlook-ics\":{\"label\":\"Exportar arquivo .ics de Outlook\",\"single_label\":\"Exportar arquivo .ics de Outlook\",\"visible\":true,\"block_slug\":null}},\"_context\":{\"slug\":\"widget-events-list\"}}<\/script>\n\n\t\t\t\t\t\t\t<header class=\"tribe-events-widget-events-list__header\">\n\t\t\t\t\t<h2 class=\"tribe-events-widget-events-list__header-title tribe-common-h6 tribe-common-h--alt\">\n\t\t\t\t\t\tPr\u00f3ximos Eventos\t\t\t\t\t<\/h2>\n\t\t\t\t<\/header>\n\t\t\t\n\t\t\t\n\t\t\t\t<div class=\"tribe-events-widget-events-list__events\">\n\t\t\t\t\t\t\t\t\t\t\t<div  class=\"tribe-common-g-row tribe-events-widget-events-list__event-row\" >\n\n\t<div class=\"tribe-events-widget-events-list__event-date-tag tribe-common-g-col\">\n\t<time class=\"tribe-events-widget-events-list__event-date-tag-datetime\" datetime=\"2026-09-06\">\n\t\t<span class=\"tribe-events-widget-events-list__event-date-tag-month\">\n\t\t\tSet\t\t<\/span>\n\t\t<span class=\"tribe-events-widget-events-list__event-date-tag-daynum tribe-common-h2 tribe-common-h4--min-medium\">\n\t\t\t6\t\t<\/span>\n\t<\/time>\n<\/div>\n\n\t<div class=\"tribe-events-widget-events-list__event-wrapper tribe-common-g-col\">\n\t\t<article  class=\"tribe-events-widget-events-list__event post-82250 tribe_events type-tribe_events status-publish has-post-thumbnail hentry tribe_events_cat-constelacions-a-rioxa tribe_events_cat-vieiros\" >\n\t\t\t<div class=\"tribe-events-widget-events-list__event-details\">\n\n\t\t\t\t<header class=\"tribe-events-widget-events-list__event-header\">\n\t\t\t\t\t<div class=\"tribe-events-widget-events-list__event-datetime-wrapper tribe-common-b2 tribe-common-b3--min-medium\">\n\t\t<time class=\"tribe-events-widget-events-list__event-datetime\" datetime=\"2026-09-06\">\n\t\t<span class=\"tribe-event-date-start\">10:00 a.m.<\/span> &#8211; <span class=\"tribe-event-time\">1:00 p.m.<\/span>\t<\/time>\n\t<\/div>\n\t\t\t\t\t<h3 class=\"tribe-events-widget-events-list__event-title tribe-common-h7\">\n\t<a\n\t\thref=\"https:\/\/escenanorte.com\/gl\/evento\/construyendo-la-carcasa-el-trabajo-fisico-en-la-interpretacion-textual-taller\/\"\n\t\ttitle=\"Construyendo la carcasa: el trabajo f\u00edsico en la interpretaci\u00f3n textual | Taller\"\n\t\trel=\"bookmark\"\n\t\tclass=\"tribe-events-widget-events-list__event-title-link tribe-common-anchor-thin\"\n\t>\n\t\tConstruyendo la carcasa: el trabajo f\u00edsico en la interpretaci\u00f3n textual | Taller\t<\/a>\n<\/h3>\n\t\t\t\t<\/header>\n\n\t\t\t\t\n\t\t\t<\/div>\n\t\t<\/article>\n\t<\/div>\n\n<\/div>\n\t\t\t\t\t\t\t\t\t\t\t<div  class=\"tribe-common-g-row tribe-events-widget-events-list__event-row tribe-events-widget-events-list__event-row--featured\" >\n\n\t<div class=\"tribe-events-widget-events-list__event-date-tag tribe-common-g-col\">\n\t<time class=\"tribe-events-widget-events-list__event-date-tag-datetime\" datetime=\"2026-09-18\">\n\t\t<span class=\"tribe-events-widget-events-list__event-date-tag-month\">\n\t\t\tSet\t\t<\/span>\n\t\t<span class=\"tribe-events-widget-events-list__event-date-tag-daynum tribe-common-h2 tribe-common-h4--min-medium\">\n\t\t\t18\t\t<\/span>\n\t<\/time>\n<\/div>\n\n\t<div class=\"tribe-events-widget-events-list__event-wrapper tribe-common-g-col\">\n\t\t<article  class=\"tribe-events-widget-events-list__event post-82270 tribe_events type-tribe_events status-publish has-post-thumbnail hentry tribe_events_cat-constelacions-a-rioxa\" >\n\t\t\t<div class=\"tribe-events-widget-events-list__event-details\">\n\n\t\t\t\t<header class=\"tribe-events-widget-events-list__event-header\">\n\t\t\t\t\t<div class=\"tribe-events-widget-events-list__event-datetime-wrapper tribe-common-b2 tribe-common-b3--min-medium\">\n\t<em class=\"tribe-events-widget-events-list__event-datetime-featured-icon\">\n\t<svg\n\t class=\"tribe-common-c-svgicon tribe-common-c-svgicon--featured tribe-events-widget-events-list__event-datetime-featured-icon-svg\" \taria-hidden=\"true\"\n\tviewBox=\"0 0 8 10\"\n\txmlns=\"http:\/\/www.w3.org\/2000\/svg\"\n>\n\t<path fill-rule=\"evenodd\" clip-rule=\"evenodd\" d=\"M0 0h8v10L4.049 7.439 0 10V0z\"\/>\n<\/svg>\n<\/em>\n<span class=\"tribe-events-widget-events-list__event-datetime-featured-text tribe-common-a11y-visual-hide\">\n\tDestacado<\/span>\n\t<time class=\"tribe-events-widget-events-list__event-datetime\" datetime=\"2026-09-18\">\n\t\t<span class=\"tribe-event-date-start\">7:00 p.m.<\/span> &#8211; <span class=\"tribe-event-time\">7:50 p.m.<\/span>\t<\/time>\n\t<\/div>\n\t\t\t\t\t<h3 class=\"tribe-events-widget-events-list__event-title tribe-common-h7\">\n\t<a\n\t\thref=\"https:\/\/escenanorte.com\/gl\/evento\/ardatzak-ejes-zirkozaurre-euskadi\/\"\n\t\ttitle=\"Ardatzak \/ Ejes | Zirkozaurre,  Euskadi\"\n\t\trel=\"bookmark\"\n\t\tclass=\"tribe-events-widget-events-list__event-title-link tribe-common-anchor-thin\"\n\t>\n\t\tArdatzak \/ Ejes | Zirkozaurre,  Euskadi\t<\/a>\n<\/h3>\n\t\t\t\t<\/header>\n\n\t\t\t\t\n\t\t\t<\/div>\n\t\t<\/article>\n\t<\/div>\n\n<\/div>\n\t\t\t\t\t\t\t\t\t\t\t<div  class=\"tribe-common-g-row tribe-events-widget-events-list__event-row tribe-events-widget-events-list__event-row--featured\" >\n\n\t<div class=\"tribe-events-widget-events-list__event-date-tag tribe-common-g-col\">\n\t<time class=\"tribe-events-widget-events-list__event-date-tag-datetime\" datetime=\"2026-09-19\">\n\t\t<span class=\"tribe-events-widget-events-list__event-date-tag-month\">\n\t\t\tSet\t\t<\/span>\n\t\t<span class=\"tribe-events-widget-events-list__event-date-tag-daynum tribe-common-h2 tribe-common-h4--min-medium\">\n\t\t\t19\t\t<\/span>\n\t<\/time>\n<\/div>\n\n\t<div class=\"tribe-events-widget-events-list__event-wrapper tribe-common-g-col\">\n\t\t<article  class=\"tribe-events-widget-events-list__event post-82510 tribe_events type-tribe_events status-publish has-post-thumbnail hentry tribe_events_cat-constelacions-cantabria\" >\n\t\t\t<div class=\"tribe-events-widget-events-list__event-details\">\n\n\t\t\t\t<header class=\"tribe-events-widget-events-list__event-header\">\n\t\t\t\t\t<div class=\"tribe-events-widget-events-list__event-datetime-wrapper tribe-common-b2 tribe-common-b3--min-medium\">\n\t<em class=\"tribe-events-widget-events-list__event-datetime-featured-icon\">\n\t<svg\n\t class=\"tribe-common-c-svgicon tribe-common-c-svgicon--featured tribe-events-widget-events-list__event-datetime-featured-icon-svg\" \taria-hidden=\"true\"\n\tviewBox=\"0 0 8 10\"\n\txmlns=\"http:\/\/www.w3.org\/2000\/svg\"\n>\n\t<path fill-rule=\"evenodd\" clip-rule=\"evenodd\" d=\"M0 0h8v10L4.049 7.439 0 10V0z\"\/>\n<\/svg>\n<\/em>\n<span class=\"tribe-events-widget-events-list__event-datetime-featured-text tribe-common-a11y-visual-hide\">\n\tDestacado<\/span>\n\t<time class=\"tribe-events-widget-events-list__event-datetime\" datetime=\"2026-09-19\">\n\t\t<span class=\"tribe-event-date-start\">5:00 p.m.<\/span> &#8211; <span class=\"tribe-event-time\">6:00 p.m.<\/span>\t<\/time>\n\t<\/div>\n\t\t\t\t\t<h3 class=\"tribe-events-widget-events-list__event-title tribe-common-h7\">\n\t<a\n\t\thref=\"https:\/\/escenanorte.com\/gl\/evento\/esto-es-un-poema-violeta-y-pendula-la-rioja-3\/\"\n\t\ttitle=\"Esto es un poema | Violeta y P\u00e9ndula, La Rioja\"\n\t\trel=\"bookmark\"\n\t\tclass=\"tribe-events-widget-events-list__event-title-link tribe-common-anchor-thin\"\n\t>\n\t\tEsto es un poema | Violeta y P\u00e9ndula, La Rioja\t<\/a>\n<\/h3>\n\t\t\t\t<\/header>\n\n\t\t\t\t\n\t\t\t<\/div>\n\t\t<\/article>\n\t<\/div>\n\n<\/div>\n\t\t\t\t\t\t\t\t\t\t\t<div  class=\"tribe-common-g-row tribe-events-widget-events-list__event-row tribe-events-widget-events-list__event-row--featured\" >\n\n\t<div class=\"tribe-events-widget-events-list__event-date-tag tribe-common-g-col\">\n\t<time class=\"tribe-events-widget-events-list__event-date-tag-datetime\" datetime=\"2026-09-19\">\n\t\t<span class=\"tribe-events-widget-events-list__event-date-tag-month\">\n\t\t\tSet\t\t<\/span>\n\t\t<span class=\"tribe-events-widget-events-list__event-date-tag-daynum tribe-common-h2 tribe-common-h4--min-medium\">\n\t\t\t19\t\t<\/span>\n\t<\/time>\n<\/div>\n\n\t<div class=\"tribe-events-widget-events-list__event-wrapper tribe-common-g-col\">\n\t\t<article  class=\"tribe-events-widget-events-list__event post-82519 tribe_events type-tribe_events status-publish has-post-thumbnail hentry tribe_events_cat-constelacions-cantabria\" >\n\t\t\t<div class=\"tribe-events-widget-events-list__event-details\">\n\n\t\t\t\t<header class=\"tribe-events-widget-events-list__event-header\">\n\t\t\t\t\t<div class=\"tribe-events-widget-events-list__event-datetime-wrapper tribe-common-b2 tribe-common-b3--min-medium\">\n\t<em class=\"tribe-events-widget-events-list__event-datetime-featured-icon\">\n\t<svg\n\t class=\"tribe-common-c-svgicon tribe-common-c-svgicon--featured tribe-events-widget-events-list__event-datetime-featured-icon-svg\" \taria-hidden=\"true\"\n\tviewBox=\"0 0 8 10\"\n\txmlns=\"http:\/\/www.w3.org\/2000\/svg\"\n>\n\t<path fill-rule=\"evenodd\" clip-rule=\"evenodd\" d=\"M0 0h8v10L4.049 7.439 0 10V0z\"\/>\n<\/svg>\n<\/em>\n<span class=\"tribe-events-widget-events-list__event-datetime-featured-text tribe-common-a11y-visual-hide\">\n\tDestacado<\/span>\n\t<time class=\"tribe-events-widget-events-list__event-datetime\" datetime=\"2026-09-19\">\n\t\t<span class=\"tribe-event-date-start\">7:00 p.m.<\/span> &#8211; <span class=\"tribe-event-time\">8:15 p.m.<\/span>\t<\/time>\n\t<\/div>\n\t\t\t\t\t<h3 class=\"tribe-events-widget-events-list__event-title tribe-common-h7\">\n\t<a\n\t\thref=\"https:\/\/escenanorte.com\/gl\/evento\/non-pasaran-artika-cia-galicia-2\/\"\n\t\ttitle=\"Non pasar\u00e1n |  \u00c1rtika C\u00eda, Galicia\"\n\t\trel=\"bookmark\"\n\t\tclass=\"tribe-events-widget-events-list__event-title-link tribe-common-anchor-thin\"\n\t>\n\t\tNon pasar\u00e1n |  \u00c1rtika C\u00eda, Galicia\t<\/a>\n<\/h3>\n\t\t\t\t<\/header>\n\n\t\t\t\t\n\t\t\t<\/div>\n\t\t<\/article>\n\t<\/div>\n\n<\/div>\n\t\t\t\t\t\t\t\t\t\t\t<div  class=\"tribe-common-g-row tribe-events-widget-events-list__event-row tribe-events-widget-events-list__event-row--featured\" >\n\n\t<div class=\"tribe-events-widget-events-list__event-date-tag tribe-common-g-col\">\n\t<time class=\"tribe-events-widget-events-list__event-date-tag-datetime\" datetime=\"2026-09-20\">\n\t\t<span class=\"tribe-events-widget-events-list__event-date-tag-month\">\n\t\t\tSet\t\t<\/span>\n\t\t<span class=\"tribe-events-widget-events-list__event-date-tag-daynum tribe-common-h2 tribe-common-h4--min-medium\">\n\t\t\t20\t\t<\/span>\n\t<\/time>\n<\/div>\n\n\t<div class=\"tribe-events-widget-events-list__event-wrapper tribe-common-g-col\">\n\t\t<article  class=\"tribe-events-widget-events-list__event post-81917 tribe_events type-tribe_events status-publish has-post-thumbnail hentry tribe_events_cat-constelacions-asturias\" >\n\t\t\t<div class=\"tribe-events-widget-events-list__event-details\">\n\n\t\t\t\t<header class=\"tribe-events-widget-events-list__event-header\">\n\t\t\t\t\t<div class=\"tribe-events-widget-events-list__event-datetime-wrapper tribe-common-b2 tribe-common-b3--min-medium\">\n\t<em class=\"tribe-events-widget-events-list__event-datetime-featured-icon\">\n\t<svg\n\t class=\"tribe-common-c-svgicon tribe-common-c-svgicon--featured tribe-events-widget-events-list__event-datetime-featured-icon-svg\" \taria-hidden=\"true\"\n\tviewBox=\"0 0 8 10\"\n\txmlns=\"http:\/\/www.w3.org\/2000\/svg\"\n>\n\t<path fill-rule=\"evenodd\" clip-rule=\"evenodd\" d=\"M0 0h8v10L4.049 7.439 0 10V0z\"\/>\n<\/svg>\n<\/em>\n<span class=\"tribe-events-widget-events-list__event-datetime-featured-text tribe-common-a11y-visual-hide\">\n\tDestacado<\/span>\n\t<time class=\"tribe-events-widget-events-list__event-datetime\" datetime=\"2026-09-20\">\n\t\t<span class=\"tribe-event-date-start\">6:00 p.m.<\/span> &#8211; <span class=\"tribe-event-time\">7:00 p.m.<\/span>\t<\/time>\n\t<\/div>\n\t\t\t\t\t<h3 class=\"tribe-events-widget-events-list__event-title tribe-common-h7\">\n\t<a\n\t\thref=\"https:\/\/escenanorte.com\/gl\/evento\/esto-es-un-poema-violeta-y-pendula-la-rioja\/\"\n\t\ttitle=\"Esto es un poema | Violeta y P\u00e9ndula, La Rioja\"\n\t\trel=\"bookmark\"\n\t\tclass=\"tribe-events-widget-events-list__event-title-link tribe-common-anchor-thin\"\n\t>\n\t\tEsto es un poema | Violeta y P\u00e9ndula, La Rioja\t<\/a>\n<\/h3>\n\t\t\t\t<\/header>\n\n\t\t\t\t\n\t\t\t<\/div>\n\t\t<\/article>\n\t<\/div>\n\n<\/div>\n\t\t\t\t\t\t\t\t\t<\/div>\n\n\t\t\t\t<div class=\"tribe-events-widget-events-list__view-more tribe-common-b1 tribe-common-b2--min-medium\">\n\t<a\n\t\thref=\"https:\/\/escenanorte.com\/gl\/eventos\/\"\n\t\tclass=\"tribe-events-widget-events-list__view-more-link tribe-common-anchor-thin\"\n\t\ttitle=\"View more eventos.\"\n\t>\n\t\tVer calendario\t<\/a>\n<\/div>\n\n\t\t\t\t\t<\/div>\n\t<\/div>\n<\/div>\n<script data-js='tribe-events-view-nonce-data' type='application\/json'>{\"tvn1\":\"9ef22ae893\",\"tvn2\":\"\"}<\/script>\n<\/div>\n<\/div>\n","protected":false},"excerpt":{"rendered":"<p>O t\u00edtulo da obra fai referencia \u00e1 frecuencia dun son estra\u00f1o rexistrado nos \u00faltimos 35 anos en distintos lugares do Pac\u00edfico, similar ao canto dunha balea azul. Pero as baleas [&hellip;]<\/p>\n","protected":false},"author":6,"featured_media":81342,"comment_status":"closed","ping_status":"open","sticky":false,"template":"","format":"standard","meta":{"footnotes":""},"categories":[256],"tags":[448,302],"class_list":["post-81241","post","type-post","status-publish","format-standard","has-post-thumbnail","hentry","category-espectaculos-gl","tag-ados-teatroa","tag-euskadi-gl"],"yoast_head":"<!-- This site is optimized with the Yoast SEO plugin v28.4 - https:\/\/yoast.com\/product\/yoast-seo-wordpress\/ -->\n<title>52 Hercios - Camino Escena Norte<\/title>\n<meta name=\"robots\" content=\"index, follow, max-snippet:-1, max-image-preview:large, max-video-preview:-1\" \/>\n<link rel=\"canonical\" href=\"https:\/\/escenanorte.com\/gl\/52-hercios\/\" \/>\n<meta property=\"og:locale\" content=\"gl_ES\" \/>\n<meta property=\"og:type\" content=\"article\" \/>\n<meta property=\"og:title\" content=\"52 Hercios - Camino Escena Norte\" \/>\n<meta property=\"og:description\" content=\"O t\u00edtulo da obra fai referencia \u00e1 frecuencia dun son estra\u00f1o rexistrado nos \u00faltimos 35 anos en distintos lugares do Pac\u00edfico, similar ao canto dunha balea azul. Pero as baleas [&hellip;]\" \/>\n<meta property=\"og:url\" content=\"https:\/\/escenanorte.com\/gl\/52-hercios\/\" \/>\n<meta property=\"og:site_name\" content=\"Camino Escena Norte\" \/>\n<meta property=\"article:publisher\" content=\"https:\/\/www.facebook.com\/escenanorte\" \/>\n<meta property=\"article:published_time\" content=\"2026-06-25T10:31:23+00:00\" \/>\n<meta property=\"article:modified_time\" content=\"2026-07-14T17:09:30+00:00\" \/>\n<meta property=\"og:image\" content=\"https:\/\/escenanorte.com\/wp-content\/uploads\/2026\/06\/1-52-hertz-@Ione-Zabala-scaled.jpg\" \/>\n\t<meta property=\"og:image:width\" content=\"2560\" \/>\n\t<meta property=\"og:image:height\" content=\"1920\" \/>\n\t<meta property=\"og:image:type\" content=\"image\/jpeg\" \/>\n<meta name=\"author\" content=\"Nerea Soto Guti\u00e9rrez\" \/>\n<meta name=\"twitter:card\" content=\"summary_large_image\" \/>\n<meta name=\"twitter:label1\" content=\"Escrito por\" \/>\n\t<meta name=\"twitter:data1\" content=\"Nerea Soto Guti\u00e9rrez\" \/>\n\t<meta name=\"twitter:label2\" content=\"Tempo de lectura\" \/>\n\t<meta name=\"twitter:data2\" content=\"1 minuto\" \/>\n<script type=\"application\/ld+json\" class=\"yoast-schema-graph\">{\"@context\":\"https:\\\/\\\/schema.org\",\"@graph\":[{\"@type\":\"Article\",\"@id\":\"https:\\\/\\\/escenanorte.com\\\/gl\\\/52-hercios\\\/#article\",\"isPartOf\":{\"@id\":\"https:\\\/\\\/escenanorte.com\\\/gl\\\/52-hercios\\\/\"},\"author\":{\"name\":\"Nerea Soto Guti\u00e9rrez\",\"@id\":\"https:\\\/\\\/escenanorte.com\\\/gl\\\/#\\\/schema\\\/person\\\/741043df512d54a4fd1ae38714157ba2\"},\"headline\":\"52 Hercios\",\"datePublished\":\"2026-06-25T10:31:23+00:00\",\"dateModified\":\"2026-07-14T17:09:30+00:00\",\"mainEntityOfPage\":{\"@id\":\"https:\\\/\\\/escenanorte.com\\\/gl\\\/52-hercios\\\/\"},\"wordCount\":242,\"publisher\":{\"@id\":\"https:\\\/\\\/escenanorte.com\\\/gl\\\/#organization\"},\"image\":{\"@id\":\"https:\\\/\\\/escenanorte.com\\\/gl\\\/52-hercios\\\/#primaryimage\"},\"thumbnailUrl\":\"https:\\\/\\\/escenanorte.com\\\/wp-content\\\/uploads\\\/2026\\\/06\\\/1-52-hertz-@Ione-Zabala-scaled.jpg\",\"keywords\":[\"Ados Teatroa\",\"Euskadi\"],\"articleSection\":[\"Espect\u00e1culos\"],\"inLanguage\":\"gl-ES\"},{\"@type\":\"WebPage\",\"@id\":\"https:\\\/\\\/escenanorte.com\\\/gl\\\/52-hercios\\\/\",\"url\":\"https:\\\/\\\/escenanorte.com\\\/gl\\\/52-hercios\\\/\",\"name\":\"52 Hercios - Camino Escena Norte\",\"isPartOf\":{\"@id\":\"https:\\\/\\\/escenanorte.com\\\/gl\\\/#website\"},\"primaryImageOfPage\":{\"@id\":\"https:\\\/\\\/escenanorte.com\\\/gl\\\/52-hercios\\\/#primaryimage\"},\"image\":{\"@id\":\"https:\\\/\\\/escenanorte.com\\\/gl\\\/52-hercios\\\/#primaryimage\"},\"thumbnailUrl\":\"https:\\\/\\\/escenanorte.com\\\/wp-content\\\/uploads\\\/2026\\\/06\\\/1-52-hertz-@Ione-Zabala-scaled.jpg\",\"datePublished\":\"2026-06-25T10:31:23+00:00\",\"dateModified\":\"2026-07-14T17:09:30+00:00\",\"breadcrumb\":{\"@id\":\"https:\\\/\\\/escenanorte.com\\\/gl\\\/52-hercios\\\/#breadcrumb\"},\"inLanguage\":\"gl-ES\",\"potentialAction\":[{\"@type\":\"ReadAction\",\"target\":[\"https:\\\/\\\/escenanorte.com\\\/gl\\\/52-hercios\\\/\"]}]},{\"@type\":\"ImageObject\",\"inLanguage\":\"gl-ES\",\"@id\":\"https:\\\/\\\/escenanorte.com\\\/gl\\\/52-hercios\\\/#primaryimage\",\"url\":\"https:\\\/\\\/escenanorte.com\\\/wp-content\\\/uploads\\\/2026\\\/06\\\/1-52-hertz-@Ione-Zabala-scaled.jpg\",\"contentUrl\":\"https:\\\/\\\/escenanorte.com\\\/wp-content\\\/uploads\\\/2026\\\/06\\\/1-52-hertz-@Ione-Zabala-scaled.jpg\",\"width\":2560,\"height\":1920},{\"@type\":\"BreadcrumbList\",\"@id\":\"https:\\\/\\\/escenanorte.com\\\/gl\\\/52-hercios\\\/#breadcrumb\",\"itemListElement\":[{\"@type\":\"ListItem\",\"position\":1,\"name\":\"Portada\",\"item\":\"https:\\\/\\\/escenanorte.com\\\/gl\\\/\"},{\"@type\":\"ListItem\",\"position\":2,\"name\":\"52 Hercios\"}]},{\"@type\":\"WebSite\",\"@id\":\"https:\\\/\\\/escenanorte.com\\\/gl\\\/#website\",\"url\":\"https:\\\/\\\/escenanorte.com\\\/gl\\\/\",\"name\":\"Camino Escena Norte\",\"description\":\"Escena Norte\",\"publisher\":{\"@id\":\"https:\\\/\\\/escenanorte.com\\\/gl\\\/#organization\"},\"potentialAction\":[{\"@type\":\"SearchAction\",\"target\":{\"@type\":\"EntryPoint\",\"urlTemplate\":\"https:\\\/\\\/escenanorte.com\\\/gl\\\/?s={search_term_string}\"},\"query-input\":{\"@type\":\"PropertyValueSpecification\",\"valueRequired\":true,\"valueName\":\"search_term_string\"}}],\"inLanguage\":\"gl-ES\"},{\"@type\":\"Organization\",\"@id\":\"https:\\\/\\\/escenanorte.com\\\/gl\\\/#organization\",\"name\":\"Camino Escena Norte\",\"url\":\"https:\\\/\\\/escenanorte.com\\\/gl\\\/\",\"logo\":{\"@type\":\"ImageObject\",\"inLanguage\":\"gl-ES\",\"@id\":\"https:\\\/\\\/escenanorte.com\\\/gl\\\/#\\\/schema\\\/logo\\\/image\\\/\",\"url\":\"https:\\\/\\\/escenanorte.com\\\/wp-content\\\/uploads\\\/2025\\\/09\\\/Logo-Escena-Norte-512.png\",\"contentUrl\":\"https:\\\/\\\/escenanorte.com\\\/wp-content\\\/uploads\\\/2025\\\/09\\\/Logo-Escena-Norte-512.png\",\"width\":512,\"height\":512,\"caption\":\"Camino Escena Norte\"},\"image\":{\"@id\":\"https:\\\/\\\/escenanorte.com\\\/gl\\\/#\\\/schema\\\/logo\\\/image\\\/\"},\"sameAs\":[\"https:\\\/\\\/www.facebook.com\\\/escenanorte\",\"https:\\\/\\\/instagram.com\\\/escenanorte\"]},{\"@type\":\"Person\",\"@id\":\"https:\\\/\\\/escenanorte.com\\\/gl\\\/#\\\/schema\\\/person\\\/741043df512d54a4fd1ae38714157ba2\",\"name\":\"Nerea Soto Guti\u00e9rrez\",\"image\":{\"@type\":\"ImageObject\",\"inLanguage\":\"gl-ES\",\"@id\":\"https:\\\/\\\/secure.gravatar.com\\\/avatar\\\/0d1c36e0c27d71233d62c2562bc6e0af1cc948cc3a54478a74aee71a797a92cc?s=96&d=blank&r=g\",\"url\":\"https:\\\/\\\/secure.gravatar.com\\\/avatar\\\/0d1c36e0c27d71233d62c2562bc6e0af1cc948cc3a54478a74aee71a797a92cc?s=96&d=blank&r=g\",\"contentUrl\":\"https:\\\/\\\/secure.gravatar.com\\\/avatar\\\/0d1c36e0c27d71233d62c2562bc6e0af1cc948cc3a54478a74aee71a797a92cc?s=96&d=blank&r=g\",\"caption\":\"Nerea Soto Guti\u00e9rrez\"},\"sameAs\":[\"https:\\\/\\\/escenanorte.com\"],\"url\":\"https:\\\/\\\/escenanorte.com\\\/gl\\\/author\\\/nereasg\\\/\"}]}<\/script>\n<!-- \/ Yoast SEO plugin. -->","yoast_head_json":{"title":"52 Hercios - Camino Escena Norte","robots":{"index":"index","follow":"follow","max-snippet":"max-snippet:-1","max-image-preview":"max-image-preview:large","max-video-preview":"max-video-preview:-1"},"canonical":"https:\/\/escenanorte.com\/gl\/52-hercios\/","og_locale":"gl_ES","og_type":"article","og_title":"52 Hercios - Camino Escena Norte","og_description":"O t\u00edtulo da obra fai referencia \u00e1 frecuencia dun son estra\u00f1o rexistrado nos \u00faltimos 35 anos en distintos lugares do Pac\u00edfico, similar ao canto dunha balea azul. Pero as baleas [&hellip;]","og_url":"https:\/\/escenanorte.com\/gl\/52-hercios\/","og_site_name":"Camino Escena Norte","article_publisher":"https:\/\/www.facebook.com\/escenanorte","article_published_time":"2026-06-25T10:31:23+00:00","article_modified_time":"2026-07-14T17:09:30+00:00","og_image":[{"width":2560,"height":1920,"url":"https:\/\/escenanorte.com\/wp-content\/uploads\/2026\/06\/1-52-hertz-@Ione-Zabala-scaled.jpg","type":"image\/jpeg"}],"author":"Nerea Soto Guti\u00e9rrez","twitter_card":"summary_large_image","twitter_misc":{"Escrito por":"Nerea Soto Guti\u00e9rrez","Tempo de lectura":"1 minuto"},"schema":{"@context":"https:\/\/schema.org","@graph":[{"@type":"Article","@id":"https:\/\/escenanorte.com\/gl\/52-hercios\/#article","isPartOf":{"@id":"https:\/\/escenanorte.com\/gl\/52-hercios\/"},"author":{"name":"Nerea Soto Guti\u00e9rrez","@id":"https:\/\/escenanorte.com\/gl\/#\/schema\/person\/741043df512d54a4fd1ae38714157ba2"},"headline":"52 Hercios","datePublished":"2026-06-25T10:31:23+00:00","dateModified":"2026-07-14T17:09:30+00:00","mainEntityOfPage":{"@id":"https:\/\/escenanorte.com\/gl\/52-hercios\/"},"wordCount":242,"publisher":{"@id":"https:\/\/escenanorte.com\/gl\/#organization"},"image":{"@id":"https:\/\/escenanorte.com\/gl\/52-hercios\/#primaryimage"},"thumbnailUrl":"https:\/\/escenanorte.com\/wp-content\/uploads\/2026\/06\/1-52-hertz-@Ione-Zabala-scaled.jpg","keywords":["Ados Teatroa","Euskadi"],"articleSection":["Espect\u00e1culos"],"inLanguage":"gl-ES"},{"@type":"WebPage","@id":"https:\/\/escenanorte.com\/gl\/52-hercios\/","url":"https:\/\/escenanorte.com\/gl\/52-hercios\/","name":"52 Hercios - Camino Escena Norte","isPartOf":{"@id":"https:\/\/escenanorte.com\/gl\/#website"},"primaryImageOfPage":{"@id":"https:\/\/escenanorte.com\/gl\/52-hercios\/#primaryimage"},"image":{"@id":"https:\/\/escenanorte.com\/gl\/52-hercios\/#primaryimage"},"thumbnailUrl":"https:\/\/escenanorte.com\/wp-content\/uploads\/2026\/06\/1-52-hertz-@Ione-Zabala-scaled.jpg","datePublished":"2026-06-25T10:31:23+00:00","dateModified":"2026-07-14T17:09:30+00:00","breadcrumb":{"@id":"https:\/\/escenanorte.com\/gl\/52-hercios\/#breadcrumb"},"inLanguage":"gl-ES","potentialAction":[{"@type":"ReadAction","target":["https:\/\/escenanorte.com\/gl\/52-hercios\/"]}]},{"@type":"ImageObject","inLanguage":"gl-ES","@id":"https:\/\/escenanorte.com\/gl\/52-hercios\/#primaryimage","url":"https:\/\/escenanorte.com\/wp-content\/uploads\/2026\/06\/1-52-hertz-@Ione-Zabala-scaled.jpg","contentUrl":"https:\/\/escenanorte.com\/wp-content\/uploads\/2026\/06\/1-52-hertz-@Ione-Zabala-scaled.jpg","width":2560,"height":1920},{"@type":"BreadcrumbList","@id":"https:\/\/escenanorte.com\/gl\/52-hercios\/#breadcrumb","itemListElement":[{"@type":"ListItem","position":1,"name":"Portada","item":"https:\/\/escenanorte.com\/gl\/"},{"@type":"ListItem","position":2,"name":"52 Hercios"}]},{"@type":"WebSite","@id":"https:\/\/escenanorte.com\/gl\/#website","url":"https:\/\/escenanorte.com\/gl\/","name":"Camino Escena Norte","description":"Escena Norte","publisher":{"@id":"https:\/\/escenanorte.com\/gl\/#organization"},"potentialAction":[{"@type":"SearchAction","target":{"@type":"EntryPoint","urlTemplate":"https:\/\/escenanorte.com\/gl\/?s={search_term_string}"},"query-input":{"@type":"PropertyValueSpecification","valueRequired":true,"valueName":"search_term_string"}}],"inLanguage":"gl-ES"},{"@type":"Organization","@id":"https:\/\/escenanorte.com\/gl\/#organization","name":"Camino Escena Norte","url":"https:\/\/escenanorte.com\/gl\/","logo":{"@type":"ImageObject","inLanguage":"gl-ES","@id":"https:\/\/escenanorte.com\/gl\/#\/schema\/logo\/image\/","url":"https:\/\/escenanorte.com\/wp-content\/uploads\/2025\/09\/Logo-Escena-Norte-512.png","contentUrl":"https:\/\/escenanorte.com\/wp-content\/uploads\/2025\/09\/Logo-Escena-Norte-512.png","width":512,"height":512,"caption":"Camino Escena Norte"},"image":{"@id":"https:\/\/escenanorte.com\/gl\/#\/schema\/logo\/image\/"},"sameAs":["https:\/\/www.facebook.com\/escenanorte","https:\/\/instagram.com\/escenanorte"]},{"@type":"Person","@id":"https:\/\/escenanorte.com\/gl\/#\/schema\/person\/741043df512d54a4fd1ae38714157ba2","name":"Nerea Soto Guti\u00e9rrez","image":{"@type":"ImageObject","inLanguage":"gl-ES","@id":"https:\/\/secure.gravatar.com\/avatar\/0d1c36e0c27d71233d62c2562bc6e0af1cc948cc3a54478a74aee71a797a92cc?s=96&d=blank&r=g","url":"https:\/\/secure.gravatar.com\/avatar\/0d1c36e0c27d71233d62c2562bc6e0af1cc948cc3a54478a74aee71a797a92cc?s=96&d=blank&r=g","contentUrl":"https:\/\/secure.gravatar.com\/avatar\/0d1c36e0c27d71233d62c2562bc6e0af1cc948cc3a54478a74aee71a797a92cc?s=96&d=blank&r=g","caption":"Nerea Soto Guti\u00e9rrez"},"sameAs":["https:\/\/escenanorte.com"],"url":"https:\/\/escenanorte.com\/gl\/author\/nereasg\/"}]}},"publishpress_future_action":{"enabled":false,"date":"2026-09-13 06:30:19","action":"change-status","newStatus":"draft","terms":[],"taxonomy":"category","extraData":[]},"publishpress_future_workflow_manual_trigger":{"enabledWorkflows":[]},"_links":{"self":[{"href":"https:\/\/escenanorte.com\/gl\/wp-json\/wp\/v2\/posts\/81241","targetHints":{"allow":["GET"]}}],"collection":[{"href":"https:\/\/escenanorte.com\/gl\/wp-json\/wp\/v2\/posts"}],"about":[{"href":"https:\/\/escenanorte.com\/gl\/wp-json\/wp\/v2\/types\/post"}],"author":[{"embeddable":true,"href":"https:\/\/escenanorte.com\/gl\/wp-json\/wp\/v2\/users\/6"}],"replies":[{"embeddable":true,"href":"https:\/\/escenanorte.com\/gl\/wp-json\/wp\/v2\/comments?post=81241"}],"version-history":[{"count":3,"href":"https:\/\/escenanorte.com\/gl\/wp-json\/wp\/v2\/posts\/81241\/revisions"}],"predecessor-version":[{"id":81476,"href":"https:\/\/escenanorte.com\/gl\/wp-json\/wp\/v2\/posts\/81241\/revisions\/81476"}],"wp:featuredmedia":[{"embeddable":true,"href":"https:\/\/escenanorte.com\/gl\/wp-json\/wp\/v2\/media\/81342"}],"wp:attachment":[{"href":"https:\/\/escenanorte.com\/gl\/wp-json\/wp\/v2\/media?parent=81241"}],"wp:term":[{"taxonomy":"category","embeddable":true,"href":"https:\/\/escenanorte.com\/gl\/wp-json\/wp\/v2\/categories?post=81241"},{"taxonomy":"post_tag","embeddable":true,"href":"https:\/\/escenanorte.com\/gl\/wp-json\/wp\/v2\/tags?post=81241"}],"curies":[{"name":"wp","href":"https:\/\/api.w.org\/{rel}","templated":true}]}}