{"id":67100,"date":"2024-09-04T12:55:52","date_gmt":"2024-09-04T10:55:52","guid":{"rendered":"https:\/\/escenanorte.com\/?p=67100"},"modified":"2024-09-04T14:57:42","modified_gmt":"2024-09-04T12:57:42","slug":"camino-escena-norte-galicia-2024","status":"publish","type":"post","link":"https:\/\/escenanorte.com\/gl\/camino-escena-norte-galicia-2024\/","title":{"rendered":"Cami\u00f1o Escena Norte ampl\u00eda a s\u00faa presenza en Galicia e achegar\u00e1 as artes esc\u00e9nicas a trece localidades na s\u00faa sexta edici\u00f3n,que comezar\u00e1 o 13 de setembro en Compostela"},"content":{"rendered":"\n<p><strong>O proxecto de intercambio cultural entre compa\u00f1\u00edas de Galicia, Asturias, Cantabria, Euskadi e Navarra ofrecer\u00e1 funci\u00f3ns de teatro, danza e artes do movemento e novo circo en Santiago, Foz, Outes, Vilalba, Sobrado dos Monxes, Melide, Carballo, Vimianzo, Lugo, Ames, Arz\u00faa, Ribadeo e Viveiro<\/strong><\/p>\n\n\n\n<p><strong>As compa\u00f1\u00edas galegas Ibuprofeno Teatro, Colectivo Glovo e P\u00edscore levar\u00e1n os seus espect\u00e1culos a Avil\u00e9s, Oviedo, Villaviciosa, Laredo, Castro Urdiales, Los Corrales de Buelna, San Vicente de la Barquera, Bilbao, Mutriku, Zarautz, Pamplona, Tafalla, Sang\u00fcesa e Alsasua<\/strong><\/p>\n\n\n\n<figure class=\"wp-block-image size-full\"><img decoding=\"async\" src=\"https:\/\/escenanorte.com\/wp-content\/uploads\/2024\/09\/ML80246-1.jpg\" alt=\"\" class=\"wp-image-67151\"\/><figcaption class=\"wp-element-caption\">Presentaci\u00f3n de Cami\u00f1o Escena Norte 2024 en Santiago | Foto: Miguel Lamas<\/figcaption><\/figure>\n\n\n\n<p>Cami\u00f1o Escena Norte, o programa de intercambio cultural no que participan compa\u00f1\u00edas de teatro, danza e artes do movemento e novo circo de Galicia, Asturias, Cantabria, Euskadi e Navarra,<strong> intensificar\u00e1 a s\u00faa presenza no territorio galego na s\u00faa sexta edici\u00f3n, que se celebrar\u00e1 do 13 de setembro ao 27 de outubro baixo o lema <em>A oportunidade do agarimo<\/em>.<\/strong> Un total de 13 localidades do pa\u00eds, d\u00faas m\u00e1is que no 2023, contar\u00e1n con funci\u00f3ns desta iniciativa.<\/p>\n\n\n\n<p>A praza do Obradoiro acolleu esta ma\u00f1\u00e1 a presentaci\u00f3n da <strong>programaci\u00f3n en Galicia, que comezar\u00e1 o venres 13 en Santiago de Compostela<\/strong>. A partir de a\u00ed, algunhas das creaci\u00f3ns esc\u00e9nicas m\u00e1is interesantes da carteleira percorrer\u00e1n escenarios hist\u00f3ricos ou espazos singulares de Vilalba, Melide, Carballo, Vimianzo, Lugo, Ames, Arz\u00faa, Ribadeo e Viveiro; sedes \u00e1s que este ano CEN suma Foz e Outes, \u00e1 vez que recupera Sobrado dos Monxes. Ademais, a capital luguesa ser\u00e1 o lugar no que se celebre o encontro Habitaci\u00f3n Peregrina PRO, no que participar\u00e1n ducias de profesionais do sector de diferentes puntos da pen\u00ednsula.<\/p>\n\n\n\n<p>Cami\u00f1o Escena Norte, que conta co apoio da Xunta de Galicia a trav\u00e9s da Axencia Galega das Industrias Culturais, \u00e9 un proxecto que, tomando como base a ruta hist\u00f3rica dos cami\u00f1os de Santiago do norte, ofrece ao longo de seis semanas -dez d\u00edas m\u00e1is que en anteriores edici\u00f3ns- toda unha extensa programaci\u00f3n esc\u00e9nica, dirixida a todo tipo de p\u00fablicos. As\u00ed, tanto a trav\u00e9s da s\u00faa iniciativa itinerante Ciclo Constelaci\u00f3ns, como doutras actividades paralelas -como \u00e9 o caso dos encontros cos espectadores ou das actividades profesionais Cruzamentos e Habitaci\u00f3n Peregrina PRO-, CEN pretende impulsar, dinamizar e visualizar o labor das compa\u00f1\u00edas galegas, asturianas, c\u00e1ntabras, vascas e navarras. Al\u00e9n da actividade das compa\u00f1\u00edas, desde o pasado 2023 CEN prop\u00f3n proxectar f\u00f3ra de cada comunidade as programaci\u00f3ns locais no marco da iniciativa <em>Vieiros<\/em>: por segundo ano consecutivo, Cami\u00f1o Escena Norte escolle o FIOT de Carballo como o evento cultural de Galicia destacado para po\u00f1er en valor nos outros catro territorios.<\/p>\n\n\n\n<p><strong>Ciclo Constelaci\u00f3ns<\/strong><br>15 espect\u00e1culos, 3 por territorio, conforman este ano o Ciclo Constelaci\u00f3ns, unha programaci\u00f3n itinerante de artes esc\u00e9nicas de corte xeneralista, que se ofrecer\u00e1 en m\u00e1is de 60 sedes, na que prevalece a diversidade de linguaxes, est\u00e9ticas e formatos, tanto para p\u00fablico infantil como adulto; produci\u00f3ns de teatro de texto, novo circo, danza e artes do movemento, creaci\u00f3n contempor\u00e1nea, espect\u00e1culos did\u00e1cticos e experiencias <em>site-specific<\/em>.<\/p>\n\n\n\n<p>Neste 2024, as compa\u00f1\u00edas asturianas Adri\u00e1n Conde Espect\u00e1culos, Teatro Plus e La Westia Producciones; as c\u00e1ntabras Ruth Garreta &#8211; El Conejo Salvaje e Hilo Producciones; as vascas Panta Rhei, Marie de Jongh, K. Producciones e Tanttaka Teatroa; e as navarras Yarleku &#8211; El Punto Gunea, Estefan\u00eda de Paz As\u00edn e P\u00e1jaros Pintados Creaci\u00f3n Teatral traer\u00e1n a Galicia os seus espect\u00e1culos m\u00e1is recentes.<\/p>\n\n\n\n<p>\u00c1 vez, mentres que un total de 11 compa\u00f1\u00edas visitar\u00e1n os escenarios do pa\u00eds, as galegas Ibuprofeno Teatro, P\u00edscore-Culturactiva e Colectivo Glovo -quen representou unha escena de Tab\u00fa na rolda de prensa desta ma\u00f1\u00e1- percorrer\u00e1n 14 localidades de Asturias, Cantabria, Euskadi e Navarra no marco do Ciclo Constelaci\u00f3ns; mais non ser\u00e1n as \u00fanicas galegas presentes nesta edici\u00f3n: a compa\u00f1\u00eda Furia Sotelo participar\u00e1 na rede de estancias Cruzamentos, que forman parte da programaci\u00f3n paralela. Deste xeito, o espect\u00e1culo de Ibuprofeno Teatro <em>Deadpan Karaoke<\/em>, creado por Patricia Rodr\u00edguez e Mari\u00e1n Ba\u00f1obre, poderase ver en Alsasua, Castro Urdiales, Villaviciosa e San Vicente de la Barquera. A creaci\u00f3n <em>Molto Barroco<\/em>, de Fran Rei, poderase ver da man de P\u00edscore-Culturactiva en Avil\u00e9s, Laredo, Mutriku, Tafalla e Sang\u00fcesa; mentres que <em>Tab\u00fa<\/em>, do Colectivo Glovo, estar\u00e1 en Oviedo, Bil\u00a1bao, Zarautz e Los Corrales de Buelna. Esta \u00faltima compa\u00f1\u00eda tam\u00e9n presentar\u00e1 en Pamplona a s\u00faa creaci\u00f3n<em> Alleo<\/em>, no marco da colaboraci\u00f3n que o CEN establece neste 2024, a trav\u00e9s da iniciativa Vieiros, co festival Ribera en Danza.<\/p>\n\n\n\n<p><strong>Cami\u00f1o Expandido<\/strong><br>En Cami\u00f1o Escena Norte convive o ciclo itinerante de funci\u00f3ns coa actividade paralela ao mesmo, nomeada Cami\u00f1o Expandido. \u00c9 o caso das acci\u00f3ns de acompa\u00f1amento para p\u00fablico -talleres, obradoiros, din\u00e1micas con familias-, do programa Cruzamentos, do encontro Habitaci\u00f3n Peregrina PRO, da iniciativa Vieiros, do II Cat\u00e1logo de Espect\u00e1culos Recomendados CEN, da Oficina CEN de Cooperaci\u00f3n Esc\u00e9nica, do recurso web Mirando as constelaci\u00f3ns e da colaboraci\u00f3n coas Escolas Superiores de Arte Dram\u00e1tica dos cinco territorios.<\/p>\n\n\n\n<p><strong>Cruzamentos<\/strong> \u00e9 un dos piares do CEN. Nesta rede de estancias de intercambio esc\u00e9nico, art\u00edstico e profesional participar\u00e1n os vascos Hika Teatroa xunto \u00e1 compa\u00f1\u00eda navarra Led Silhouette (no Centro Cultural Egia de Donostia, do 23 ao 29 de setembro), e a galega Furia Sotelo en colaboraci\u00f3n cos c\u00e1ntabros Babirusa Danza (en A Casa Vella -Amiadoso, Ourense do 14 ao 22 de outubro).<\/p>\n\n\n\n<p><strong>Habitaci\u00f3n Peregrina PRO<\/strong> \u00e9 o espazo de convivencia profesional onde as compa\u00f1\u00edas entran en contacto, co\u00f1ecen as s\u00faas li\u00f1as de traballo e propostas est\u00e9ticas, profundan na realidade dos distintos circu\u00edtos de programaci\u00f3n, exploran v\u00edas de coproduci\u00f3n e acceden a propostas de formaci\u00f3n que sexan de interese para o seu desenvolvemento profesional. O encontro ter\u00e1 lugar un ano m\u00e1is en Lugo, no centro sociocultural <strong>O Vello C\u00e1rcere, do 17 ao 19 de setembro.<\/strong><\/p>\n\n\n\n<p>Na sexta edici\u00f3n perc\u00f3rrense a\u00ednda m\u00e1is carreiros con <em><strong>Vieiros<\/strong><\/em>, a iniciativa que une ao CEN cun proxecto cultural de cada comunidade, co obxectivo de dar forza e contexto ao programa, ademais de proxectar f\u00f3ra da comunidade as iniciativas locais. No 2024, traballarase co Festival Internacional Outono de Teatro de Carballo, o FIOT (Galicia); Rincones y Recovecos (Asturias); Movimiento en Red (Cantabria); Bideart Zigoitia (Euskadi), e Ribera en Danza (Navarra).<\/p>\n\n\n\n<p><strong>Organizaci\u00f3n e apoios<\/strong><br>CEN \u00e9 unha iniciativa promovida polas propias asociaci\u00f3ns profesionais de produtoras de artes esc\u00e9nicas Escena Galega (Galicia), EscenAsturias (Asturias), ACEPAE (Cantabria), Eskena (Euskadi) e ESNA (Navarra). Todas elas \u00fanense na supraentidade Camino Escena Norte Agrupaci\u00f3n de Interese Econ\u00f3mico, creada especificamente para o desenvolvemento, xesti\u00f3n e produci\u00f3n deste proxecto.<\/p>\n\n\n\n<p>CEN conta co apoio econ\u00f3mico de gobernos e instituci\u00f3ns das cinco comunidades implicadas: Xunta de Galicia, a trav\u00e9s da Axencia Galega das Industrias Culturais; Goberno do Principado de Asturias; Goberno de Cantabria; Goberno Vasco; Deputaci\u00f3n Foral de Araba, Deputaci\u00f3n Foral de Bizkaia; Deputaci\u00f3n Foral de Gipuzkoa; Gobierno de Navarra; e Goberno de Espa\u00f1a, tanto a trav\u00e9s do Instituto Nacional das Artes Esc\u00e9nicas e a M\u00fasica (INAEM) como do Ministerio de Cultura. Colaboran tam\u00e9n a Deputaci\u00f3n Provincial de Lugo e o Concello de Lugo.<\/p>\n\n\n\n<p>Vegalsa-Eroski mantense como patrocinador oficial e incorp\u00f3rase nesta li\u00f1a a Fundaci\u00f3n Camino Lebaniego (Cantabria). Ademais, Cami\u00f1o Escena Norte conta nesta edici\u00f3n coa colaboraci\u00f3n especial da asociaci\u00f3n Te Veo de Artes Esc\u00e9nicas para la Infancia y la Juventud.<\/p>\n\n\n\n<p><strong><em>Funci\u00f3ns de Cami\u00f1o Escena Norte 2024 en Galicia<\/em><\/strong><\/p>\n\n\n\n<ul class=\"wp-block-list\">\n<li><strong>13.09 | Santiago de Compostela<\/strong> (Praza da Quintana): Check Out, de Adri\u00e1n Conde Espect\u00e1culos (AST)<\/li>\n\n\n\n<li><strong>15.09 | Foz <\/strong>(Praza Conde de Fontao): By \u00f2 Bu. Aproximaci\u00f3n al no existir, de Yarleku e El Punto Gunea (NAV)<\/li>\n\n\n\n<li><strong>21.09 | Outes <\/strong>(Auditorio Casa da Cultura): La casa de los dedos, de Ruth Garreta e El Conejo Salvaje (CANT)<\/li>\n\n\n\n<li><strong>27.09 | Vilalba <\/strong>(Auditorio Municipal Carmen Est\u00e9vez): An\u00f3nimo. La vida de Lazarillo de Tormes y de sus fortunas y adversidades, de Hilo Producciones (CANT)<\/li>\n\n\n\n<li><strong>28.09 | Sobrado dos Monxes<\/strong> (Monasterio): La osa estelar, de Panta Rhei (EUS)<\/li>\n\n\n\n<li><strong>29.09 | Melide<\/strong> (Auditorio Municipal): An\u00f3nimo. La vida de Lazarillo de Tormes y de sus fortunas y adversidades, de Hilo Producciones (CANT)<\/li>\n\n\n\n<li><strong>06.10 | Carballo<\/strong> (Pazo da Cultura) &#8211; Programaci\u00f3n 33\u00ba FIOT: Olvido Flores, de Estefan\u00eda de Paz As\u00edn (NAV)<\/li>\n\n\n\n<li><strong>12.10 | Vimianzo<\/strong> (Auditorio Municipal): El nadador de aguas abiertas, de K. Producciones e Tanttaka Teatroa (EUS)<\/li>\n\n\n\n<li><strong>17.10 | Lugo<\/strong> (Auditorio Municipal Gustavo Freire): El nadador de aguas abiertas, de K. Producciones e Tanttaka Teatroa (EUS)<\/li>\n\n\n\n<li><strong>18.10 | Ames<\/strong> (Auditorio Casa da Cultura do Milladoiro): Geometr\u00eda del Alma, de Teatro Plus (AST)<\/li>\n\n\n\n<li><strong>19.10 | Arz\u00faa <\/strong>(Capela da Madalena): El jard\u00edn de Olivia, de P\u00e1jaros Pintados Creaci\u00f3n Teatral (NAV)<\/li>\n\n\n\n<li><strong>20.10 | Ribadeo <\/strong>(Auditorio Municipal Hern\u00e1n Naval): Mr. Bo, de Marie de Jongh (EUS)<\/li>\n\n\n\n<li><strong>24.10 | Viveiro<\/strong> (Teatro Municipal Pastor D\u00edaz): Ada Byron: La tejedora de n\u00fameros, de La Westia Producciones (AST)<\/li>\n<\/ul>\n","protected":false},"excerpt":{"rendered":"<p>O proxecto de intercambio cultural entre compa\u00f1\u00edas de Galicia, Asturias, Cantabria, Euskadi e Navarra ofrecer\u00e1 funci\u00f3ns de teatro, danza e artes do movemento e novo circo en Santiago, Foz, Outes, [&hellip;]<\/p>\n","protected":false},"author":5,"featured_media":67120,"comment_status":"closed","ping_status":"open","sticky":false,"template":"","format":"standard","meta":{"footnotes":""},"categories":[4],"tags":[],"class_list":["post-67100","post","type-post","status-publish","format-standard","has-post-thumbnail","hentry","category-novas"],"yoast_head":"<!-- This site is optimized with the Yoast SEO plugin v27.2 - https:\/\/yoast.com\/product\/yoast-seo-wordpress\/ -->\n<title>Cami\u00f1o Escena Norte ampl\u00eda a s\u00faa presenza en Galicia e achegar\u00e1 as artes esc\u00e9nicas a trece localidades na s\u00faa sexta edici\u00f3n,que comezar\u00e1 o 13 de setembro en Compostela - Camino Escena Norte<\/title>\n<meta name=\"robots\" content=\"index, follow, max-snippet:-1, max-image-preview:large, max-video-preview:-1\" \/>\n<link rel=\"canonical\" href=\"https:\/\/escenanorte.com\/gl\/camino-escena-norte-galicia-2024\/\" \/>\n<meta property=\"og:locale\" content=\"gl_ES\" \/>\n<meta property=\"og:type\" content=\"article\" \/>\n<meta property=\"og:title\" content=\"Cami\u00f1o Escena Norte ampl\u00eda a s\u00faa presenza en Galicia e achegar\u00e1 as artes esc\u00e9nicas a trece localidades na s\u00faa sexta edici\u00f3n,que comezar\u00e1 o 13 de setembro en Compostela - Camino Escena Norte\" \/>\n<meta property=\"og:description\" content=\"O proxecto de intercambio cultural entre compa\u00f1\u00edas de Galicia, Asturias, Cantabria, Euskadi e Navarra ofrecer\u00e1 funci\u00f3ns de teatro, danza e artes do movemento e novo circo en Santiago, Foz, Outes, [&hellip;]\" \/>\n<meta property=\"og:url\" content=\"https:\/\/escenanorte.com\/gl\/camino-escena-norte-galicia-2024\/\" \/>\n<meta property=\"og:site_name\" content=\"Camino Escena Norte\" \/>\n<meta property=\"article:publisher\" content=\"https:\/\/www.facebook.com\/escenanorte\" \/>\n<meta property=\"article:published_time\" content=\"2024-09-04T10:55:52+00:00\" \/>\n<meta property=\"article:modified_time\" content=\"2024-09-04T12:57:42+00:00\" \/>\n<meta property=\"og:image\" content=\"https:\/\/escenanorte.com\/wp-content\/uploads\/2024\/09\/20240904-Camino-Escena-Norte-2024-\u00a9-Miguel-Lamas-7.jpg\" \/>\n\t<meta property=\"og:image:width\" content=\"2048\" \/>\n\t<meta property=\"og:image:height\" content=\"1363\" \/>\n\t<meta property=\"og:image:type\" content=\"image\/jpeg\" \/>\n<meta name=\"author\" content=\"Noelia\" \/>\n<meta name=\"twitter:card\" content=\"summary_large_image\" \/>\n<meta name=\"twitter:label1\" content=\"Escrito por\" \/>\n\t<meta name=\"twitter:data1\" content=\"Noelia\" \/>\n\t<meta name=\"twitter:label2\" content=\"Tempo de lectura\" \/>\n\t<meta name=\"twitter:data2\" content=\"8 minutos\" \/>\n<script type=\"application\/ld+json\" class=\"yoast-schema-graph\">{\"@context\":\"https:\/\/schema.org\",\"@graph\":[{\"@type\":\"Article\",\"@id\":\"https:\/\/escenanorte.com\/gl\/camino-escena-norte-galicia-2024\/#article\",\"isPartOf\":{\"@id\":\"https:\/\/escenanorte.com\/gl\/camino-escena-norte-galicia-2024\/\"},\"author\":{\"name\":\"Noelia\",\"@id\":\"https:\/\/escenanorte.com\/gl\/#\/schema\/person\/e710b5aa0c486f243b4d527a4259c37c\"},\"headline\":\"Cami\u00f1o Escena Norte ampl\u00eda a s\u00faa presenza en Galicia e achegar\u00e1 as artes esc\u00e9nicas a trece localidades na s\u00faa sexta edici\u00f3n,que comezar\u00e1 o 13 de setembro en Compostela\",\"datePublished\":\"2024-09-04T10:55:52+00:00\",\"dateModified\":\"2024-09-04T12:57:42+00:00\",\"mainEntityOfPage\":{\"@id\":\"https:\/\/escenanorte.com\/gl\/camino-escena-norte-galicia-2024\/\"},\"wordCount\":1574,\"image\":{\"@id\":\"https:\/\/escenanorte.com\/gl\/camino-escena-norte-galicia-2024\/#primaryimage\"},\"thumbnailUrl\":\"https:\/\/escenanorte.com\/wp-content\/uploads\/2024\/09\/20240904-Camino-Escena-Norte-2024-\u00a9-Miguel-Lamas-7.jpg\",\"articleSection\":[\"Novas\"],\"inLanguage\":\"gl-ES\"},{\"@type\":\"WebPage\",\"@id\":\"https:\/\/escenanorte.com\/gl\/camino-escena-norte-galicia-2024\/\",\"url\":\"https:\/\/escenanorte.com\/gl\/camino-escena-norte-galicia-2024\/\",\"name\":\"Cami\u00f1o Escena Norte ampl\u00eda a s\u00faa presenza en Galicia e achegar\u00e1 as artes esc\u00e9nicas a trece localidades na s\u00faa sexta edici\u00f3n,que comezar\u00e1 o 13 de setembro en Compostela - Camino Escena Norte\",\"isPartOf\":{\"@id\":\"https:\/\/escenanorte.com\/gl\/#website\"},\"primaryImageOfPage\":{\"@id\":\"https:\/\/escenanorte.com\/gl\/camino-escena-norte-galicia-2024\/#primaryimage\"},\"image\":{\"@id\":\"https:\/\/escenanorte.com\/gl\/camino-escena-norte-galicia-2024\/#primaryimage\"},\"thumbnailUrl\":\"https:\/\/escenanorte.com\/wp-content\/uploads\/2024\/09\/20240904-Camino-Escena-Norte-2024-\u00a9-Miguel-Lamas-7.jpg\",\"datePublished\":\"2024-09-04T10:55:52+00:00\",\"dateModified\":\"2024-09-04T12:57:42+00:00\",\"author\":{\"@id\":\"https:\/\/escenanorte.com\/gl\/#\/schema\/person\/e710b5aa0c486f243b4d527a4259c37c\"},\"breadcrumb\":{\"@id\":\"https:\/\/escenanorte.com\/gl\/camino-escena-norte-galicia-2024\/#breadcrumb\"},\"inLanguage\":\"gl-ES\",\"potentialAction\":[{\"@type\":\"ReadAction\",\"target\":[\"https:\/\/escenanorte.com\/gl\/camino-escena-norte-galicia-2024\/\"]}]},{\"@type\":\"ImageObject\",\"inLanguage\":\"gl-ES\",\"@id\":\"https:\/\/escenanorte.com\/gl\/camino-escena-norte-galicia-2024\/#primaryimage\",\"url\":\"https:\/\/escenanorte.com\/wp-content\/uploads\/2024\/09\/20240904-Camino-Escena-Norte-2024-\u00a9-Miguel-Lamas-7.jpg\",\"contentUrl\":\"https:\/\/escenanorte.com\/wp-content\/uploads\/2024\/09\/20240904-Camino-Escena-Norte-2024-\u00a9-Miguel-Lamas-7.jpg\",\"width\":2048,\"height\":1363},{\"@type\":\"BreadcrumbList\",\"@id\":\"https:\/\/escenanorte.com\/gl\/camino-escena-norte-galicia-2024\/#breadcrumb\",\"itemListElement\":[{\"@type\":\"ListItem\",\"position\":1,\"name\":\"Portada\",\"item\":\"https:\/\/escenanorte.com\/gl\/\"},{\"@type\":\"ListItem\",\"position\":2,\"name\":\"Cami\u00f1o Escena Norte ampl\u00eda a s\u00faa presenza en Galicia e achegar\u00e1 as artes esc\u00e9nicas a trece localidades na s\u00faa sexta edici\u00f3n,que comezar\u00e1 o 13 de setembro en Compostela\"}]},{\"@type\":\"WebSite\",\"@id\":\"https:\/\/escenanorte.com\/gl\/#website\",\"url\":\"https:\/\/escenanorte.com\/gl\/\",\"name\":\"Camino Escena Norte\",\"description\":\"Escena Norte\",\"potentialAction\":[{\"@type\":\"SearchAction\",\"target\":{\"@type\":\"EntryPoint\",\"urlTemplate\":\"https:\/\/escenanorte.com\/gl\/?s={search_term_string}\"},\"query-input\":{\"@type\":\"PropertyValueSpecification\",\"valueRequired\":true,\"valueName\":\"search_term_string\"}}],\"inLanguage\":\"gl-ES\"},{\"@type\":\"Person\",\"@id\":\"https:\/\/escenanorte.com\/gl\/#\/schema\/person\/e710b5aa0c486f243b4d527a4259c37c\",\"name\":\"Noelia\",\"image\":{\"@type\":\"ImageObject\",\"inLanguage\":\"gl-ES\",\"@id\":\"https:\/\/secure.gravatar.com\/avatar\/d590b317b870f28020001606673cfd05bb4d34b9ede2d6a843ea8073c8ac9352?s=96&d=blank&r=g\",\"url\":\"https:\/\/secure.gravatar.com\/avatar\/d590b317b870f28020001606673cfd05bb4d34b9ede2d6a843ea8073c8ac9352?s=96&d=blank&r=g\",\"contentUrl\":\"https:\/\/secure.gravatar.com\/avatar\/d590b317b870f28020001606673cfd05bb4d34b9ede2d6a843ea8073c8ac9352?s=96&d=blank&r=g\",\"caption\":\"Noelia\"},\"url\":\"https:\/\/escenanorte.com\/gl\/author\/noelia\/\"}]}<\/script>\n<!-- \/ Yoast SEO plugin. -->","yoast_head_json":{"title":"Cami\u00f1o Escena Norte ampl\u00eda a s\u00faa presenza en Galicia e achegar\u00e1 as artes esc\u00e9nicas a trece localidades na s\u00faa sexta edici\u00f3n,que comezar\u00e1 o 13 de setembro en Compostela - Camino Escena Norte","robots":{"index":"index","follow":"follow","max-snippet":"max-snippet:-1","max-image-preview":"max-image-preview:large","max-video-preview":"max-video-preview:-1"},"canonical":"https:\/\/escenanorte.com\/gl\/camino-escena-norte-galicia-2024\/","og_locale":"gl_ES","og_type":"article","og_title":"Cami\u00f1o Escena Norte ampl\u00eda a s\u00faa presenza en Galicia e achegar\u00e1 as artes esc\u00e9nicas a trece localidades na s\u00faa sexta edici\u00f3n,que comezar\u00e1 o 13 de setembro en Compostela - Camino Escena Norte","og_description":"O proxecto de intercambio cultural entre compa\u00f1\u00edas de Galicia, Asturias, Cantabria, Euskadi e Navarra ofrecer\u00e1 funci\u00f3ns de teatro, danza e artes do movemento e novo circo en Santiago, Foz, Outes, [&hellip;]","og_url":"https:\/\/escenanorte.com\/gl\/camino-escena-norte-galicia-2024\/","og_site_name":"Camino Escena Norte","article_publisher":"https:\/\/www.facebook.com\/escenanorte","article_published_time":"2024-09-04T10:55:52+00:00","article_modified_time":"2024-09-04T12:57:42+00:00","og_image":[{"width":2048,"height":1363,"url":"https:\/\/escenanorte.com\/wp-content\/uploads\/2024\/09\/20240904-Camino-Escena-Norte-2024-\u00a9-Miguel-Lamas-7.jpg","type":"image\/jpeg"}],"author":"Noelia","twitter_card":"summary_large_image","twitter_misc":{"Escrito por":"Noelia","Tempo de lectura":"8 minutos"},"schema":{"@context":"https:\/\/schema.org","@graph":[{"@type":"Article","@id":"https:\/\/escenanorte.com\/gl\/camino-escena-norte-galicia-2024\/#article","isPartOf":{"@id":"https:\/\/escenanorte.com\/gl\/camino-escena-norte-galicia-2024\/"},"author":{"name":"Noelia","@id":"https:\/\/escenanorte.com\/gl\/#\/schema\/person\/e710b5aa0c486f243b4d527a4259c37c"},"headline":"Cami\u00f1o Escena Norte ampl\u00eda a s\u00faa presenza en Galicia e achegar\u00e1 as artes esc\u00e9nicas a trece localidades na s\u00faa sexta edici\u00f3n,que comezar\u00e1 o 13 de setembro en Compostela","datePublished":"2024-09-04T10:55:52+00:00","dateModified":"2024-09-04T12:57:42+00:00","mainEntityOfPage":{"@id":"https:\/\/escenanorte.com\/gl\/camino-escena-norte-galicia-2024\/"},"wordCount":1574,"image":{"@id":"https:\/\/escenanorte.com\/gl\/camino-escena-norte-galicia-2024\/#primaryimage"},"thumbnailUrl":"https:\/\/escenanorte.com\/wp-content\/uploads\/2024\/09\/20240904-Camino-Escena-Norte-2024-\u00a9-Miguel-Lamas-7.jpg","articleSection":["Novas"],"inLanguage":"gl-ES"},{"@type":"WebPage","@id":"https:\/\/escenanorte.com\/gl\/camino-escena-norte-galicia-2024\/","url":"https:\/\/escenanorte.com\/gl\/camino-escena-norte-galicia-2024\/","name":"Cami\u00f1o Escena Norte ampl\u00eda a s\u00faa presenza en Galicia e achegar\u00e1 as artes esc\u00e9nicas a trece localidades na s\u00faa sexta edici\u00f3n,que comezar\u00e1 o 13 de setembro en Compostela - Camino Escena Norte","isPartOf":{"@id":"https:\/\/escenanorte.com\/gl\/#website"},"primaryImageOfPage":{"@id":"https:\/\/escenanorte.com\/gl\/camino-escena-norte-galicia-2024\/#primaryimage"},"image":{"@id":"https:\/\/escenanorte.com\/gl\/camino-escena-norte-galicia-2024\/#primaryimage"},"thumbnailUrl":"https:\/\/escenanorte.com\/wp-content\/uploads\/2024\/09\/20240904-Camino-Escena-Norte-2024-\u00a9-Miguel-Lamas-7.jpg","datePublished":"2024-09-04T10:55:52+00:00","dateModified":"2024-09-04T12:57:42+00:00","author":{"@id":"https:\/\/escenanorte.com\/gl\/#\/schema\/person\/e710b5aa0c486f243b4d527a4259c37c"},"breadcrumb":{"@id":"https:\/\/escenanorte.com\/gl\/camino-escena-norte-galicia-2024\/#breadcrumb"},"inLanguage":"gl-ES","potentialAction":[{"@type":"ReadAction","target":["https:\/\/escenanorte.com\/gl\/camino-escena-norte-galicia-2024\/"]}]},{"@type":"ImageObject","inLanguage":"gl-ES","@id":"https:\/\/escenanorte.com\/gl\/camino-escena-norte-galicia-2024\/#primaryimage","url":"https:\/\/escenanorte.com\/wp-content\/uploads\/2024\/09\/20240904-Camino-Escena-Norte-2024-\u00a9-Miguel-Lamas-7.jpg","contentUrl":"https:\/\/escenanorte.com\/wp-content\/uploads\/2024\/09\/20240904-Camino-Escena-Norte-2024-\u00a9-Miguel-Lamas-7.jpg","width":2048,"height":1363},{"@type":"BreadcrumbList","@id":"https:\/\/escenanorte.com\/gl\/camino-escena-norte-galicia-2024\/#breadcrumb","itemListElement":[{"@type":"ListItem","position":1,"name":"Portada","item":"https:\/\/escenanorte.com\/gl\/"},{"@type":"ListItem","position":2,"name":"Cami\u00f1o Escena Norte ampl\u00eda a s\u00faa presenza en Galicia e achegar\u00e1 as artes esc\u00e9nicas a trece localidades na s\u00faa sexta edici\u00f3n,que comezar\u00e1 o 13 de setembro en Compostela"}]},{"@type":"WebSite","@id":"https:\/\/escenanorte.com\/gl\/#website","url":"https:\/\/escenanorte.com\/gl\/","name":"Camino Escena Norte","description":"Escena Norte","potentialAction":[{"@type":"SearchAction","target":{"@type":"EntryPoint","urlTemplate":"https:\/\/escenanorte.com\/gl\/?s={search_term_string}"},"query-input":{"@type":"PropertyValueSpecification","valueRequired":true,"valueName":"search_term_string"}}],"inLanguage":"gl-ES"},{"@type":"Person","@id":"https:\/\/escenanorte.com\/gl\/#\/schema\/person\/e710b5aa0c486f243b4d527a4259c37c","name":"Noelia","image":{"@type":"ImageObject","inLanguage":"gl-ES","@id":"https:\/\/secure.gravatar.com\/avatar\/d590b317b870f28020001606673cfd05bb4d34b9ede2d6a843ea8073c8ac9352?s=96&d=blank&r=g","url":"https:\/\/secure.gravatar.com\/avatar\/d590b317b870f28020001606673cfd05bb4d34b9ede2d6a843ea8073c8ac9352?s=96&d=blank&r=g","contentUrl":"https:\/\/secure.gravatar.com\/avatar\/d590b317b870f28020001606673cfd05bb4d34b9ede2d6a843ea8073c8ac9352?s=96&d=blank&r=g","caption":"Noelia"},"url":"https:\/\/escenanorte.com\/gl\/author\/noelia\/"}]}},"publishpress_future_action":{"enabled":false,"date":"2026-05-06 12:47:59","action":"change-status","newStatus":"draft","terms":[],"taxonomy":"category","extraData":[]},"publishpress_future_workflow_manual_trigger":{"enabledWorkflows":[]},"_links":{"self":[{"href":"https:\/\/escenanorte.com\/gl\/wp-json\/wp\/v2\/posts\/67100","targetHints":{"allow":["GET"]}}],"collection":[{"href":"https:\/\/escenanorte.com\/gl\/wp-json\/wp\/v2\/posts"}],"about":[{"href":"https:\/\/escenanorte.com\/gl\/wp-json\/wp\/v2\/types\/post"}],"author":[{"embeddable":true,"href":"https:\/\/escenanorte.com\/gl\/wp-json\/wp\/v2\/users\/5"}],"replies":[{"embeddable":true,"href":"https:\/\/escenanorte.com\/gl\/wp-json\/wp\/v2\/comments?post=67100"}],"version-history":[{"count":7,"href":"https:\/\/escenanorte.com\/gl\/wp-json\/wp\/v2\/posts\/67100\/revisions"}],"predecessor-version":[{"id":67166,"href":"https:\/\/escenanorte.com\/gl\/wp-json\/wp\/v2\/posts\/67100\/revisions\/67166"}],"wp:featuredmedia":[{"embeddable":true,"href":"https:\/\/escenanorte.com\/gl\/wp-json\/wp\/v2\/media\/67120"}],"wp:attachment":[{"href":"https:\/\/escenanorte.com\/gl\/wp-json\/wp\/v2\/media?parent=67100"}],"wp:term":[{"taxonomy":"category","embeddable":true,"href":"https:\/\/escenanorte.com\/gl\/wp-json\/wp\/v2\/categories?post=67100"},{"taxonomy":"post_tag","embeddable":true,"href":"https:\/\/escenanorte.com\/gl\/wp-json\/wp\/v2\/tags?post=67100"}],"curies":[{"name":"wp","href":"https:\/\/api.w.org\/{rel}","templated":true}]}}