{"id":66894,"date":"2024-09-02T14:29:25","date_gmt":"2024-09-02T12:29:25","guid":{"rendered":"https:\/\/escenanorte.com\/?p=66894"},"modified":"2024-09-02T14:49:57","modified_gmt":"2024-09-02T12:49:57","slug":"un-camino-escena-norte-mas-expansivo-aumenta-sedes-en-su-sexta-edicion","status":"publish","type":"post","link":"https:\/\/escenanorte.com\/gl\/un-camino-escena-norte-mas-expansivo-aumenta-sedes-en-su-sexta-edicion\/","title":{"rendered":"Un Camino Escena Norte m\u00e1s expansivo aumenta sedes en su sexta edici\u00f3n"},"content":{"rendered":"\n<p><strong>El proyecto de intercambio de artes esc\u00e9nicas celebrar\u00e1 su programa oficial del 13 de septiembre al 27 de octubre en m\u00e1s de 60 localidades en Galicia, Asturias, Cantabria, Euskadi y Navarra.<\/strong><\/p>\n\n\n\n<figure class=\"wp-block-image size-large\"><img loading=\"lazy\" decoding=\"async\" width=\"1024\" height=\"682\" src=\"https:\/\/escenanorte.com\/wp-content\/uploads\/2024\/09\/Imagen-de-WhatsApp-2024-09-02-a-las-13.34.51_aad16a79-1024x682.jpg\" alt=\"\" class=\"wp-image-66898\" srcset=\"https:\/\/escenanorte.com\/wp-content\/uploads\/2024\/09\/Imagen-de-WhatsApp-2024-09-02-a-las-13.34.51_aad16a79-1024x682.jpg 1024w, https:\/\/escenanorte.com\/wp-content\/uploads\/2024\/09\/Imagen-de-WhatsApp-2024-09-02-a-las-13.34.51_aad16a79-300x200.jpg 300w, https:\/\/escenanorte.com\/wp-content\/uploads\/2024\/09\/Imagen-de-WhatsApp-2024-09-02-a-las-13.34.51_aad16a79-768x512.jpg 768w, https:\/\/escenanorte.com\/wp-content\/uploads\/2024\/09\/Imagen-de-WhatsApp-2024-09-02-a-las-13.34.51_aad16a79-1536x1023.jpg 1536w, https:\/\/escenanorte.com\/wp-content\/uploads\/2024\/09\/Imagen-de-WhatsApp-2024-09-02-a-las-13.34.51_aad16a79.jpg 1600w\" sizes=\"(max-width: 1024px) 100vw, 1024px\" \/><figcaption class=\"wp-element-caption\"><em>Foto: Autoridades en la presentaci\u00f3n oficial de la edici\u00f3n en Navarra<\/em><\/figcaption><\/figure>\n\n\n\n<p>Camino Escena Norte (CEN) celebra su sexta edici\u00f3n con m\u00e1s sedes, m\u00e1s escenarios, m\u00e1s funciones, m\u00e1s actividades y m\u00e1s colaboraciones. Bajo el lema <strong><em>La oportunidad del afecto, <\/em><\/strong>el programa se intensifica en Galicia, Asturias, Cantabria, Euskadi y Navarra. La programaci\u00f3n oficial durar\u00e1 diez d\u00edas m\u00e1s que en la edici\u00f3n pasada, celebr\u00e1ndose del 13 de septiembre al 27 de octubre, con 15 compa\u00f1\u00edas de teatro, danza y artes del movimiento y nuevo circo, mostrando sus espect\u00e1culos en las m\u00e1s de 60 sedes que forman parte del Ciclo Constelaciones que, por primera vez, incluye dos extensiones fuera de las fechas del programa oficial, y tambi\u00e9n dos funciones destinadas a p\u00fablico escolar.<\/p>\n\n\n\n<p>En la sexta edici\u00f3n de Camino Escena Norte <strong>aumenta la programaci\u00f3n en todos los territorios, pasando de 57 a 62 sedes<\/strong>, estrenando escenarios en Pamplona, Foz o Zumaia. Una novedad: se extienden las funciones fuera de la programaci\u00f3n oficial en Euskadi y Navarra; se consolida <em>Senderos<\/em>, la red de colaboraci\u00f3n con proyectos locales, como FIOT de Carballo (Galicia), Rincones y Recovecos de Gij\u00f3n (Asturias) y se mantiene el programa de acciones de acompa\u00f1amiento en el caso de los espect\u00e1culos infantiles y familiares en colaboraci\u00f3n con la Asociaci\u00f3n Te Veo.<\/p>\n\n\n\n<p><strong>Ciclo Constelaciones<\/strong><\/p>\n\n\n\n<p>Los 15 espect\u00e1culos de la sexta edici\u00f3n, tres por territorio, conforman el Ciclo Constelaciones, una programaci\u00f3n itinerante de artes esc\u00e9nicas de corte generalista en la que prevalece la diversidad de lenguajes, est\u00e9ticas y formatos, tanto para p\u00fablico infantil como adulto; producciones de teatro de texto, nuevo circo, danza y artes del movimiento, creaci\u00f3n contempor\u00e1nea, espect\u00e1culos did\u00e1cticos y experiencias <em>site-specific<\/em>.<\/p>\n\n\n\n<p>Galicia ha seleccionado a las compa\u00f1\u00edas <strong>Ibuprofeno Teatro<\/strong> con <strong><em>Deadpan Karaoke<\/em><\/strong>; <strong>P\u00edscore-Culturactiva<\/strong> con <strong><em>Molto Barroco<\/em><\/strong> y <strong>Colectivo Glovo<\/strong> con <strong><em>Tab\u00fa<\/em><\/strong>. Por su parte, Asturias intervendr\u00e1 en el intercambio cultural de CEN con <strong>La Westia Producciones<\/strong> y <strong><em>Ada Byron: La tejedora de n\u00fameros<\/em><\/strong>; <strong>Adri\u00e1n Conde Espect\u00e1culos<\/strong> y <strong><em>Check Out<\/em><\/strong>, y <strong>Teatro Plus<\/strong>, que representar\u00e1 <strong><em>Geometr\u00eda del alma<\/em><\/strong>.<\/p>\n\n\n\n<p>La participaci\u00f3n de Cantabria correr\u00e1 a cargo de <strong>Hilo Producciones<\/strong> con <strong><em>An\u00f3nimo. La vida de Lazarillo de Tormes y de sus fortunas y adversidades<\/em><\/strong>; <strong>Ruth Garreta \u2013 El Conejo Salvaje<\/strong> con <strong><em>La casa de los dedos<\/em><\/strong>, y <strong>Trueba &amp; Trueba Producciones<\/strong> que participar\u00e1 con <strong><em>Un camino valiente<\/em><\/strong>. Euskadi ha seleccionado los trabajos de <strong>Producci\u00f3n y Gesti\u00f3n Art\u00edstica K<\/strong>, que participar\u00e1 con <strong><em>El nadador de aguas abiertas<\/em><\/strong>; <strong>C\u00eda. Panta Rhei<\/strong> con <strong><em>La osa estelar<\/em><\/strong>, y <strong>Marie de Jongh<\/strong> que ofrecer\u00e1 <strong><em>Mr. Bo<\/em><\/strong>. Navarra ofrece estar tres propuestas art\u00edsticas: <strong>Yarleku-El Punto Gunea<\/strong> y <strong><em>By \u00f2 Bu<\/em><\/strong>. <strong><em>Aproximacion al no existir<\/em><\/strong>; <strong>P\u00e1jaros Pintados Creaci\u00f3n Teatral<\/strong> con <strong><em>El jard\u00edn de Olivia<\/em><\/strong>, y <strong>Estefan\u00eda de Paz As\u00edn<\/strong> con <strong><em>Olvido Flores<\/em><\/strong>.<\/p>\n\n\n\n<p>Esta programaci\u00f3n se ofrecer\u00e1 en m\u00e1s de 60 sedes entre Santiago de Compostela y Pamplona, en escenarios hist\u00f3ricos y espacios singulares de Lugo, Oviedo\/Uvi\u00e9u, Gij\u00f3n\/Xix\u00f3n, Santander, Potes, Bilbao, Vitoria-Gasteiz o Viana, entre otras localidades. Por primera vez, el programa incluye dos funciones dedicadas al p\u00fablico escolar en Mieres (Asturias) y Potes (Cantabria). Y otra novedad: la extensi\u00f3n del CEN en Muskiz (Euskadi) y Villava (Navarra) en el mes de noviembre.<\/p>\n\n\n\n<p><strong>Camino Expandido<\/strong><\/p>\n\n\n\n<p>Junto al Ciclo Constelaciones convive el programa Camino Expandido que abarca toda la actividad fuera del circuito de funciones. El crecimiento de la sexta edici\u00f3n del CEN tambi\u00e9n se refleja en las actividades de esta programaci\u00f3n: refuerzo y aumento presupuestario de los proyectos Cruces y Habitaci\u00f3n Peregrina PRO, con un nuevo enfoque en la programaci\u00f3n y objetivos; y se mantienen actividades como talleres, coloquios, acciones de formaci\u00f3n con las ESAD y encuentros con el p\u00fablico. El Cat\u00e1logo de Espect\u00e1culos Recomendados Camino Escena Norte, la Oficina CEN de Cooperaci\u00f3n Esc\u00e9nica y la iniciativa Mirando las constelaciones redondean la oferta de CEN en 2024.&nbsp;<\/p>\n\n\n\n<p><strong>Cruces<\/strong> es uno de los cimientos de Camino Escena Norte. En esta red de estancias de intercambio esc\u00e9nico, art\u00edstico y profesional participar\u00e1n este a\u00f1o los vascos Hika Teatroa junto a la compa\u00f1\u00eda navarra Led Silhouette (en el Centro Cultural Egia de Donostia, del 23 y el 29 de septiembre), y la compa\u00f1\u00eda gallega Furia Sotelo en colaboraci\u00f3n con los c\u00e1ntabros Babirusa Danza (del 14 y al 22 de octubre en A Casa Vella, Amiadoso, Ourense).<\/p>\n\n\n\n<p><strong>Habitaci\u00f3n Peregrina PRO<\/strong> es un espacio de convivencia profesional donde las compa\u00f1\u00edas entran en contacto, conocen sus l\u00edneas de trabajo y propuestas est\u00e9ticas, profundizan en la realidad de los distintos circuitos de programaci\u00f3n, exploran v\u00edas de coproducci\u00f3n y acceden a propuestas de formaci\u00f3n que sean de inter\u00e9s para su desarrollo profesional. El encuentro tendr\u00e1 lugar en Lugo, en el centro sociocultural O Vello C\u00e1rcere del 17 al 19 de septiembre y <a href=\"https:\/\/escenanorte.com\/es\/download\/inscripcion-encuentro-habitacion-peregrina-pro-2024\/\">aqu\u00ed puedes consultar el programa completo<\/a>. Las inscripciones est\u00e1n abiertas hasta el viernes 13 de septiembre.<\/p>\n\n\n\n<p>En la sexta edici\u00f3n se recorren m\u00e1s senderos <strong>Senderos<\/strong>, la iniciativa que une al CEN con un proyecto cultural de cada comunidad, con el objetivo de dar fuerza y contexto a nuestro proyecto, adem\u00e1s de proyectar fuera de la comunidad los proyectos locales. En esta ocasi\u00f3n, se trabajar\u00e1 con FIOT (Festival Internacional de Outono de Teatro) de Carballo (Galicia); Rincones y Recovecos (Asturias); Movimiento en Red (Cantabria); Bideart Zigoitia (Euskadi), y Ribera en Danza (Navarra).<\/p>\n","protected":false},"excerpt":{"rendered":"<p>El proyecto de intercambio de artes esc\u00e9nicas celebrar\u00e1 su programa oficial del 13 de septiembre al 27 de octubre en m\u00e1s de 60 localidades en Galicia, Asturias, Cantabria, Euskadi y [&hellip;]<\/p>\n","protected":false},"author":5,"featured_media":66902,"comment_status":"closed","ping_status":"open","sticky":false,"template":"","format":"standard","meta":{"footnotes":""},"categories":[1],"tags":[],"class_list":["post-66894","post","type-post","status-publish","format-standard","has-post-thumbnail","hentry","category-noticias"],"yoast_head":"<!-- This site is optimized with the Yoast SEO plugin v27.2 - https:\/\/yoast.com\/product\/yoast-seo-wordpress\/ -->\n<title>Un Camino Escena Norte m\u00e1s expansivo aumenta sedes en su sexta edici\u00f3n - Camino Escena Norte<\/title>\n<meta name=\"robots\" content=\"index, follow, max-snippet:-1, max-image-preview:large, max-video-preview:-1\" \/>\n<link rel=\"canonical\" href=\"https:\/\/escenanorte.com\/gl\/un-camino-escena-norte-mas-expansivo-aumenta-sedes-en-su-sexta-edicion\/\" \/>\n<meta property=\"og:locale\" content=\"gl_ES\" \/>\n<meta property=\"og:type\" content=\"article\" \/>\n<meta property=\"og:title\" content=\"Un Camino Escena Norte m\u00e1s expansivo aumenta sedes en su sexta edici\u00f3n - Camino Escena Norte\" \/>\n<meta property=\"og:description\" content=\"El proyecto de intercambio de artes esc\u00e9nicas celebrar\u00e1 su programa oficial del 13 de septiembre al 27 de octubre en m\u00e1s de 60 localidades en Galicia, Asturias, Cantabria, Euskadi y [&hellip;]\" \/>\n<meta property=\"og:url\" content=\"https:\/\/escenanorte.com\/gl\/un-camino-escena-norte-mas-expansivo-aumenta-sedes-en-su-sexta-edicion\/\" \/>\n<meta property=\"og:site_name\" content=\"Camino Escena Norte\" \/>\n<meta property=\"article:publisher\" content=\"https:\/\/www.facebook.com\/escenanorte\" \/>\n<meta property=\"article:published_time\" content=\"2024-09-02T12:29:25+00:00\" \/>\n<meta property=\"article:modified_time\" content=\"2024-09-02T12:49:57+00:00\" \/>\n<meta property=\"og:image\" content=\"https:\/\/escenanorte.com\/wp-content\/uploads\/2024\/09\/Imagen-de-WhatsApp-2024-09-02-a-las-13.34.34_c8a0d5f9.jpg\" \/>\n\t<meta property=\"og:image:width\" content=\"1600\" \/>\n\t<meta property=\"og:image:height\" content=\"1066\" \/>\n\t<meta property=\"og:image:type\" content=\"image\/jpeg\" \/>\n<meta name=\"author\" content=\"Noelia\" \/>\n<meta name=\"twitter:card\" content=\"summary_large_image\" \/>\n<meta name=\"twitter:label1\" content=\"Escrito por\" \/>\n\t<meta name=\"twitter:data1\" content=\"Noelia\" \/>\n\t<meta name=\"twitter:label2\" content=\"Tempo de lectura\" \/>\n\t<meta name=\"twitter:data2\" content=\"5 minutos\" \/>\n<script type=\"application\/ld+json\" class=\"yoast-schema-graph\">{\"@context\":\"https:\/\/schema.org\",\"@graph\":[{\"@type\":\"Article\",\"@id\":\"https:\/\/escenanorte.com\/gl\/un-camino-escena-norte-mas-expansivo-aumenta-sedes-en-su-sexta-edicion\/#article\",\"isPartOf\":{\"@id\":\"https:\/\/escenanorte.com\/gl\/un-camino-escena-norte-mas-expansivo-aumenta-sedes-en-su-sexta-edicion\/\"},\"author\":{\"name\":\"Noelia\",\"@id\":\"https:\/\/escenanorte.com\/gl\/#\/schema\/person\/e710b5aa0c486f243b4d527a4259c37c\"},\"headline\":\"Un Camino Escena Norte m\u00e1s expansivo aumenta sedes en su sexta edici\u00f3n\",\"datePublished\":\"2024-09-02T12:29:25+00:00\",\"dateModified\":\"2024-09-02T12:49:57+00:00\",\"mainEntityOfPage\":{\"@id\":\"https:\/\/escenanorte.com\/gl\/un-camino-escena-norte-mas-expansivo-aumenta-sedes-en-su-sexta-edicion\/\"},\"wordCount\":978,\"image\":{\"@id\":\"https:\/\/escenanorte.com\/gl\/un-camino-escena-norte-mas-expansivo-aumenta-sedes-en-su-sexta-edicion\/#primaryimage\"},\"thumbnailUrl\":\"https:\/\/escenanorte.com\/wp-content\/uploads\/2024\/09\/Imagen-de-WhatsApp-2024-09-02-a-las-13.34.34_c8a0d5f9.jpg\",\"articleSection\":[\"Noticias\"],\"inLanguage\":\"gl-ES\"},{\"@type\":\"WebPage\",\"@id\":\"https:\/\/escenanorte.com\/gl\/un-camino-escena-norte-mas-expansivo-aumenta-sedes-en-su-sexta-edicion\/\",\"url\":\"https:\/\/escenanorte.com\/gl\/un-camino-escena-norte-mas-expansivo-aumenta-sedes-en-su-sexta-edicion\/\",\"name\":\"Un Camino Escena Norte m\u00e1s expansivo aumenta sedes en su sexta edici\u00f3n - Camino Escena Norte\",\"isPartOf\":{\"@id\":\"https:\/\/escenanorte.com\/gl\/#website\"},\"primaryImageOfPage\":{\"@id\":\"https:\/\/escenanorte.com\/gl\/un-camino-escena-norte-mas-expansivo-aumenta-sedes-en-su-sexta-edicion\/#primaryimage\"},\"image\":{\"@id\":\"https:\/\/escenanorte.com\/gl\/un-camino-escena-norte-mas-expansivo-aumenta-sedes-en-su-sexta-edicion\/#primaryimage\"},\"thumbnailUrl\":\"https:\/\/escenanorte.com\/wp-content\/uploads\/2024\/09\/Imagen-de-WhatsApp-2024-09-02-a-las-13.34.34_c8a0d5f9.jpg\",\"datePublished\":\"2024-09-02T12:29:25+00:00\",\"dateModified\":\"2024-09-02T12:49:57+00:00\",\"author\":{\"@id\":\"https:\/\/escenanorte.com\/gl\/#\/schema\/person\/e710b5aa0c486f243b4d527a4259c37c\"},\"breadcrumb\":{\"@id\":\"https:\/\/escenanorte.com\/gl\/un-camino-escena-norte-mas-expansivo-aumenta-sedes-en-su-sexta-edicion\/#breadcrumb\"},\"inLanguage\":\"gl-ES\",\"potentialAction\":[{\"@type\":\"ReadAction\",\"target\":[\"https:\/\/escenanorte.com\/gl\/un-camino-escena-norte-mas-expansivo-aumenta-sedes-en-su-sexta-edicion\/\"]}]},{\"@type\":\"ImageObject\",\"inLanguage\":\"gl-ES\",\"@id\":\"https:\/\/escenanorte.com\/gl\/un-camino-escena-norte-mas-expansivo-aumenta-sedes-en-su-sexta-edicion\/#primaryimage\",\"url\":\"https:\/\/escenanorte.com\/wp-content\/uploads\/2024\/09\/Imagen-de-WhatsApp-2024-09-02-a-las-13.34.34_c8a0d5f9.jpg\",\"contentUrl\":\"https:\/\/escenanorte.com\/wp-content\/uploads\/2024\/09\/Imagen-de-WhatsApp-2024-09-02-a-las-13.34.34_c8a0d5f9.jpg\",\"width\":1600,\"height\":1066},{\"@type\":\"BreadcrumbList\",\"@id\":\"https:\/\/escenanorte.com\/gl\/un-camino-escena-norte-mas-expansivo-aumenta-sedes-en-su-sexta-edicion\/#breadcrumb\",\"itemListElement\":[{\"@type\":\"ListItem\",\"position\":1,\"name\":\"Portada\",\"item\":\"https:\/\/escenanorte.com\/gl\/\"},{\"@type\":\"ListItem\",\"position\":2,\"name\":\"Un Camino Escena Norte m\u00e1s expansivo aumenta sedes en su sexta edici\u00f3n\"}]},{\"@type\":\"WebSite\",\"@id\":\"https:\/\/escenanorte.com\/gl\/#website\",\"url\":\"https:\/\/escenanorte.com\/gl\/\",\"name\":\"Camino Escena Norte\",\"description\":\"Escena Norte\",\"potentialAction\":[{\"@type\":\"SearchAction\",\"target\":{\"@type\":\"EntryPoint\",\"urlTemplate\":\"https:\/\/escenanorte.com\/gl\/?s={search_term_string}\"},\"query-input\":{\"@type\":\"PropertyValueSpecification\",\"valueRequired\":true,\"valueName\":\"search_term_string\"}}],\"inLanguage\":\"gl-ES\"},{\"@type\":\"Person\",\"@id\":\"https:\/\/escenanorte.com\/gl\/#\/schema\/person\/e710b5aa0c486f243b4d527a4259c37c\",\"name\":\"Noelia\",\"image\":{\"@type\":\"ImageObject\",\"inLanguage\":\"gl-ES\",\"@id\":\"https:\/\/secure.gravatar.com\/avatar\/d590b317b870f28020001606673cfd05bb4d34b9ede2d6a843ea8073c8ac9352?s=96&d=blank&r=g\",\"url\":\"https:\/\/secure.gravatar.com\/avatar\/d590b317b870f28020001606673cfd05bb4d34b9ede2d6a843ea8073c8ac9352?s=96&d=blank&r=g\",\"contentUrl\":\"https:\/\/secure.gravatar.com\/avatar\/d590b317b870f28020001606673cfd05bb4d34b9ede2d6a843ea8073c8ac9352?s=96&d=blank&r=g\",\"caption\":\"Noelia\"},\"url\":\"https:\/\/escenanorte.com\/gl\/author\/noelia\/\"}]}<\/script>\n<!-- \/ Yoast SEO plugin. -->","yoast_head_json":{"title":"Un Camino Escena Norte m\u00e1s expansivo aumenta sedes en su sexta edici\u00f3n - Camino Escena Norte","robots":{"index":"index","follow":"follow","max-snippet":"max-snippet:-1","max-image-preview":"max-image-preview:large","max-video-preview":"max-video-preview:-1"},"canonical":"https:\/\/escenanorte.com\/gl\/un-camino-escena-norte-mas-expansivo-aumenta-sedes-en-su-sexta-edicion\/","og_locale":"gl_ES","og_type":"article","og_title":"Un Camino Escena Norte m\u00e1s expansivo aumenta sedes en su sexta edici\u00f3n - Camino Escena Norte","og_description":"El proyecto de intercambio de artes esc\u00e9nicas celebrar\u00e1 su programa oficial del 13 de septiembre al 27 de octubre en m\u00e1s de 60 localidades en Galicia, Asturias, Cantabria, Euskadi y [&hellip;]","og_url":"https:\/\/escenanorte.com\/gl\/un-camino-escena-norte-mas-expansivo-aumenta-sedes-en-su-sexta-edicion\/","og_site_name":"Camino Escena Norte","article_publisher":"https:\/\/www.facebook.com\/escenanorte","article_published_time":"2024-09-02T12:29:25+00:00","article_modified_time":"2024-09-02T12:49:57+00:00","og_image":[{"width":1600,"height":1066,"url":"https:\/\/escenanorte.com\/wp-content\/uploads\/2024\/09\/Imagen-de-WhatsApp-2024-09-02-a-las-13.34.34_c8a0d5f9.jpg","type":"image\/jpeg"}],"author":"Noelia","twitter_card":"summary_large_image","twitter_misc":{"Escrito por":"Noelia","Tempo de lectura":"5 minutos"},"schema":{"@context":"https:\/\/schema.org","@graph":[{"@type":"Article","@id":"https:\/\/escenanorte.com\/gl\/un-camino-escena-norte-mas-expansivo-aumenta-sedes-en-su-sexta-edicion\/#article","isPartOf":{"@id":"https:\/\/escenanorte.com\/gl\/un-camino-escena-norte-mas-expansivo-aumenta-sedes-en-su-sexta-edicion\/"},"author":{"name":"Noelia","@id":"https:\/\/escenanorte.com\/gl\/#\/schema\/person\/e710b5aa0c486f243b4d527a4259c37c"},"headline":"Un Camino Escena Norte m\u00e1s expansivo aumenta sedes en su sexta edici\u00f3n","datePublished":"2024-09-02T12:29:25+00:00","dateModified":"2024-09-02T12:49:57+00:00","mainEntityOfPage":{"@id":"https:\/\/escenanorte.com\/gl\/un-camino-escena-norte-mas-expansivo-aumenta-sedes-en-su-sexta-edicion\/"},"wordCount":978,"image":{"@id":"https:\/\/escenanorte.com\/gl\/un-camino-escena-norte-mas-expansivo-aumenta-sedes-en-su-sexta-edicion\/#primaryimage"},"thumbnailUrl":"https:\/\/escenanorte.com\/wp-content\/uploads\/2024\/09\/Imagen-de-WhatsApp-2024-09-02-a-las-13.34.34_c8a0d5f9.jpg","articleSection":["Noticias"],"inLanguage":"gl-ES"},{"@type":"WebPage","@id":"https:\/\/escenanorte.com\/gl\/un-camino-escena-norte-mas-expansivo-aumenta-sedes-en-su-sexta-edicion\/","url":"https:\/\/escenanorte.com\/gl\/un-camino-escena-norte-mas-expansivo-aumenta-sedes-en-su-sexta-edicion\/","name":"Un Camino Escena Norte m\u00e1s expansivo aumenta sedes en su sexta edici\u00f3n - Camino Escena Norte","isPartOf":{"@id":"https:\/\/escenanorte.com\/gl\/#website"},"primaryImageOfPage":{"@id":"https:\/\/escenanorte.com\/gl\/un-camino-escena-norte-mas-expansivo-aumenta-sedes-en-su-sexta-edicion\/#primaryimage"},"image":{"@id":"https:\/\/escenanorte.com\/gl\/un-camino-escena-norte-mas-expansivo-aumenta-sedes-en-su-sexta-edicion\/#primaryimage"},"thumbnailUrl":"https:\/\/escenanorte.com\/wp-content\/uploads\/2024\/09\/Imagen-de-WhatsApp-2024-09-02-a-las-13.34.34_c8a0d5f9.jpg","datePublished":"2024-09-02T12:29:25+00:00","dateModified":"2024-09-02T12:49:57+00:00","author":{"@id":"https:\/\/escenanorte.com\/gl\/#\/schema\/person\/e710b5aa0c486f243b4d527a4259c37c"},"breadcrumb":{"@id":"https:\/\/escenanorte.com\/gl\/un-camino-escena-norte-mas-expansivo-aumenta-sedes-en-su-sexta-edicion\/#breadcrumb"},"inLanguage":"gl-ES","potentialAction":[{"@type":"ReadAction","target":["https:\/\/escenanorte.com\/gl\/un-camino-escena-norte-mas-expansivo-aumenta-sedes-en-su-sexta-edicion\/"]}]},{"@type":"ImageObject","inLanguage":"gl-ES","@id":"https:\/\/escenanorte.com\/gl\/un-camino-escena-norte-mas-expansivo-aumenta-sedes-en-su-sexta-edicion\/#primaryimage","url":"https:\/\/escenanorte.com\/wp-content\/uploads\/2024\/09\/Imagen-de-WhatsApp-2024-09-02-a-las-13.34.34_c8a0d5f9.jpg","contentUrl":"https:\/\/escenanorte.com\/wp-content\/uploads\/2024\/09\/Imagen-de-WhatsApp-2024-09-02-a-las-13.34.34_c8a0d5f9.jpg","width":1600,"height":1066},{"@type":"BreadcrumbList","@id":"https:\/\/escenanorte.com\/gl\/un-camino-escena-norte-mas-expansivo-aumenta-sedes-en-su-sexta-edicion\/#breadcrumb","itemListElement":[{"@type":"ListItem","position":1,"name":"Portada","item":"https:\/\/escenanorte.com\/gl\/"},{"@type":"ListItem","position":2,"name":"Un Camino Escena Norte m\u00e1s expansivo aumenta sedes en su sexta edici\u00f3n"}]},{"@type":"WebSite","@id":"https:\/\/escenanorte.com\/gl\/#website","url":"https:\/\/escenanorte.com\/gl\/","name":"Camino Escena Norte","description":"Escena Norte","potentialAction":[{"@type":"SearchAction","target":{"@type":"EntryPoint","urlTemplate":"https:\/\/escenanorte.com\/gl\/?s={search_term_string}"},"query-input":{"@type":"PropertyValueSpecification","valueRequired":true,"valueName":"search_term_string"}}],"inLanguage":"gl-ES"},{"@type":"Person","@id":"https:\/\/escenanorte.com\/gl\/#\/schema\/person\/e710b5aa0c486f243b4d527a4259c37c","name":"Noelia","image":{"@type":"ImageObject","inLanguage":"gl-ES","@id":"https:\/\/secure.gravatar.com\/avatar\/d590b317b870f28020001606673cfd05bb4d34b9ede2d6a843ea8073c8ac9352?s=96&d=blank&r=g","url":"https:\/\/secure.gravatar.com\/avatar\/d590b317b870f28020001606673cfd05bb4d34b9ede2d6a843ea8073c8ac9352?s=96&d=blank&r=g","contentUrl":"https:\/\/secure.gravatar.com\/avatar\/d590b317b870f28020001606673cfd05bb4d34b9ede2d6a843ea8073c8ac9352?s=96&d=blank&r=g","caption":"Noelia"},"url":"https:\/\/escenanorte.com\/gl\/author\/noelia\/"}]}},"publishpress_future_action":{"enabled":false,"date":"2026-05-06 10:55:06","action":"change-status","newStatus":"draft","terms":[],"taxonomy":"category","extraData":[]},"publishpress_future_workflow_manual_trigger":{"enabledWorkflows":[]},"_links":{"self":[{"href":"https:\/\/escenanorte.com\/gl\/wp-json\/wp\/v2\/posts\/66894","targetHints":{"allow":["GET"]}}],"collection":[{"href":"https:\/\/escenanorte.com\/gl\/wp-json\/wp\/v2\/posts"}],"about":[{"href":"https:\/\/escenanorte.com\/gl\/wp-json\/wp\/v2\/types\/post"}],"author":[{"embeddable":true,"href":"https:\/\/escenanorte.com\/gl\/wp-json\/wp\/v2\/users\/5"}],"replies":[{"embeddable":true,"href":"https:\/\/escenanorte.com\/gl\/wp-json\/wp\/v2\/comments?post=66894"}],"version-history":[{"count":2,"href":"https:\/\/escenanorte.com\/gl\/wp-json\/wp\/v2\/posts\/66894\/revisions"}],"predecessor-version":[{"id":66914,"href":"https:\/\/escenanorte.com\/gl\/wp-json\/wp\/v2\/posts\/66894\/revisions\/66914"}],"wp:featuredmedia":[{"embeddable":true,"href":"https:\/\/escenanorte.com\/gl\/wp-json\/wp\/v2\/media\/66902"}],"wp:attachment":[{"href":"https:\/\/escenanorte.com\/gl\/wp-json\/wp\/v2\/media?parent=66894"}],"wp:term":[{"taxonomy":"category","embeddable":true,"href":"https:\/\/escenanorte.com\/gl\/wp-json\/wp\/v2\/categories?post=66894"},{"taxonomy":"post_tag","embeddable":true,"href":"https:\/\/escenanorte.com\/gl\/wp-json\/wp\/v2\/tags?post=66894"}],"curies":[{"name":"wp","href":"https:\/\/api.w.org\/{rel}","templated":true}]}}