{"id":64105,"date":"2024-06-27T12:10:15","date_gmt":"2024-06-27T10:10:15","guid":{"rendered":"https:\/\/escenanorte.com\/?p=64105"},"modified":"2024-06-27T14:15:10","modified_gmt":"2024-06-27T12:15:10","slug":"la-oportunidad-del-afecto-hila-la-imagen-de-la-sexta-edicion-de-camino-escena-norte-que-extiende-su-apuesta-por-el-intercambio-cultural-con-la-incorporacion-de-la-ilustracion-a-su-cartel","status":"publish","type":"post","link":"https:\/\/escenanorte.com\/gl\/la-oportunidad-del-afecto-hila-la-imagen-de-la-sexta-edicion-de-camino-escena-norte-que-extiende-su-apuesta-por-el-intercambio-cultural-con-la-incorporacion-de-la-ilustracion-a-su-cartel\/","title":{"rendered":"&#8216;La oportunidad del afecto&#8217; hila la imagen de la sexta edici\u00f3n de Camino Escena Norte, que extiende su apuesta por el intercambio cultural con la incorporaci\u00f3n de la ilustraci\u00f3n a su cartel"},"content":{"rendered":"\n<p><strong>La artista navarra Leire Urbeltz es la autora de la imagen de la sexta edici\u00f3n de CEN, que tendr\u00e1 lugar del 13 de septiembre al 27 de octubre en Galicia, Asturias, Cantabria, Euskadi y Navarra<\/strong><\/p>\n\n\n\n<p><strong>La red de intercambio profesional <em>Cruces <\/em>apoyar\u00e1 este a\u00f1o los proyectos <em>El vac\u00edo que llena<\/em> de Furia Sotelo con Babirusa Danza, y <em>Fronteras que hay que cruzar<\/em> de Hika Teatroa con Led Silhouette<\/strong><\/p>\n\n\n\n<figure class=\"wp-block-image size-large\"><img loading=\"lazy\" decoding=\"async\" width=\"1024\" height=\"683\" src=\"https:\/\/escenanorte.com\/wp-content\/uploads\/2024\/06\/Foto1-1024x683.jpg\" alt=\"\" class=\"wp-image-64112\" srcset=\"https:\/\/escenanorte.com\/wp-content\/uploads\/2024\/06\/Foto1-1024x683.jpg 1024w, https:\/\/escenanorte.com\/wp-content\/uploads\/2024\/06\/Foto1-300x200.jpg 300w, https:\/\/escenanorte.com\/wp-content\/uploads\/2024\/06\/Foto1-768x512.jpg 768w, https:\/\/escenanorte.com\/wp-content\/uploads\/2024\/06\/Foto1-1536x1024.jpg 1536w, https:\/\/escenanorte.com\/wp-content\/uploads\/2024\/06\/Foto1-2048x1366.jpg 2048w\" sizes=\"(max-width: 1024px) 100vw, 1024px\" \/><\/figure>\n\n\n\n<p>Camino Escena Norte ampl\u00eda su compromiso con el intercambio cultural entre Galicia, Asturias, Cantabria, Euskadi y Navarra, enfocando el talento de sus ilustradores e ilustradoras. Desde la sexta edici\u00f3n, que se celebrar\u00e1 del 13 de septiembre al 27 de octubre, la imagen de este programa de artes esc\u00e9nicas ser\u00e1 creada cada a\u00f1o por artistas de los territorios CEN. Inaugura esta nueva etapa la dise\u00f1adora navarra Leire Urbeltz (Pamplona, 1985) con un inspirador cartel que, en sus propias palabras, \u201caspira a representar la esencia de un trabajo tan comprometido y emocionante como el que acontece detr\u00e1s del tel\u00f3n de un escenario\u201d.<\/p>\n\n\n\n<p>Para <a href=\"http:\/\/www.leireurbeltz.net\/\">Leire Urbeltz<\/a>, participar en este proyecto \u201csupone alcanzar visibilidad en comunidades aut\u00f3nomas donde mi trabajo no ha llegado hasta ahora. Me siento muy agradecida e ilusionada por abrir el ciclo de ilustradoras de las diferentes comunidades aut\u00f3nomas que ser\u00e1n el relevo en la creaci\u00f3n del cartel\u201d.<\/p>\n\n\n\n<p><strong>Un lema inspirador para la sexta edici\u00f3n<\/strong><\/p>\n\n\n\n<p><strong><em>La oportunidad del afecto<\/em><\/strong> es el lema de la sexta edici\u00f3n de Camino Escena Norte, lema que recoge dos conceptos fundamentales en el proyecto. Por un lado, la oportunidad, ya que es un programa cultural que abre nuevas oportunidades, retos, formas de hacer y posibilidades al sector de las artes esc\u00e9nicas. Y, por otra parte, el afecto, cari\u00f1o y cuidado con que se crea CEN,\u00a0proyecto creado desde la comunidad esc\u00e9nica, desde el sector, desde lo horizontal.<\/p>\n\n\n\n<figure class=\"wp-block-image size-large\"><img loading=\"lazy\" decoding=\"async\" width=\"1024\" height=\"1024\" src=\"https:\/\/escenanorte.com\/wp-content\/uploads\/2024\/06\/camino_ig-1024x1024.jpg\" alt=\"\" class=\"wp-image-64143\" srcset=\"https:\/\/escenanorte.com\/wp-content\/uploads\/2024\/06\/camino_ig-1024x1024.jpg 1024w, https:\/\/escenanorte.com\/wp-content\/uploads\/2024\/06\/camino_ig-300x300.jpg 300w, https:\/\/escenanorte.com\/wp-content\/uploads\/2024\/06\/camino_ig-150x150.jpg 150w, https:\/\/escenanorte.com\/wp-content\/uploads\/2024\/06\/camino_ig-768x768.jpg 768w, https:\/\/escenanorte.com\/wp-content\/uploads\/2024\/06\/camino_ig-1536x1536.jpg 1536w, https:\/\/escenanorte.com\/wp-content\/uploads\/2024\/06\/camino_ig-2048x2048.jpg 2048w\" sizes=\"(max-width: 1024px) 100vw, 1024px\" \/><\/figure>\n\n\n\n<p><strong>Dos proyectos en Cruces<\/strong><\/p>\n\n\n\n<p>El programa<strong> Cruces, <\/strong>dise\u00f1ado para promover el intercambio esc\u00e9nico, art\u00edstico y profesional entre compa\u00f1\u00edas, esuna de las piedras angulares de Camino Escena Norte. En esta sexta edici\u00f3n, esta red de estancias art\u00edsticas y profesionales acoger\u00e1 dos proyectos, escogidos entre los 18 presentados en 2024, y en los que estaban implicadas m\u00e1s de treinta compa\u00f1\u00edas de los cinco territorios CEN. En la comisi\u00f3n de evaluci\u00f3n participaron profesionales de prestigio como la dramaturga y directora adjunta del Centro Dram\u00e1tico Nacional Fefa Noia y la bailarina y responsable de desarrollo de proyectos de Dantzaz Centro de Creaci\u00f3n Coreogr\u00e1fica Internacional Bertha Berm\u00fadez.<\/p>\n\n\n\n<p><strong><em>El vac\u00edo que llena<\/em><\/strong>, de la compa\u00f1\u00eda gallega <strong>Furia Sotelo<\/strong> en colaboraci\u00f3n con los c\u00e1ntabros <strong>Babirusa Danza<\/strong>, se desarrollar\u00e1 entre el 14 y el 22 de octubre en A Casa Vella (Amiadoso, Ourense), un espacio de creaci\u00f3n art\u00edstica, encuentro, mediaci\u00f3n y dinamizaci\u00f3n del contexto rural.<\/p>\n\n\n\n<p><strong><em>Fronteras que hay que cruzar<\/em><\/strong>, de los vascos <strong>Hika Teatroa<\/strong> junto a la compa\u00f1\u00eda navarra <strong>Led Silhouette<\/strong>, tendr\u00e1 su Desarrollo en el Centro Cultural Egia (Donostia) entre el 23 y el 29 de septiembre.<\/p>\n\n\n\n<p>En esta edici\u00f3n, Cruces se ha reforzado, ofreciendo a las compa\u00f1\u00edas un acompa\u00f1amiento de 9.000 \u20ac por Proyecto. Asimismo, las bases se han flexibilizado para acoger proyectos de cooperaci\u00f3n diversos y transversales.<\/p>\n\n\n\n<p><strong>Sobre Camino Escena Norte<\/strong><\/p>\n\n\n\n<p>Camino Escena Norte naci\u00f3 con el objetivo de promover el intercambio cultural a trav\u00e9s de las artes esc\u00e9nicas, tomando como referencia e hilo conductor los caminos a Santiago de Compostela. Desde su inicio, en 2019, ha llevado el teatro, la danza y las artes del movimiento y el nuevo circo a escenarios alejados, en muchos casos, de los circuitos habituales, ofreciendo la oportunidad de acceder a la cultura a p\u00fablicos de municipios y localidades sin acceso a este tipo de espect\u00e1culos.<\/p>\n\n\n\n<p>Es una iniciativa promovida por las propias asociaciones profesionales de productoras de artes esc\u00e9nicas Escena Galega (Galicia), EscenAsturias (Asturias), ACEPAE (Cantabria), Eskena (Euskadi) y ESNA (Navarra). Todas ellas unidas en la supraentidad Camino Escena Norte Agrupaci\u00f3n de Inter\u00e9s Econ\u00f3mico, creada espec\u00edficamente para el desarrollo, gesti\u00f3n y producci\u00f3n de este proyecto.<\/p>\n\n\n\n<p><\/p>\n","protected":false},"excerpt":{"rendered":"<p>La artista navarra Leire Urbeltz es la autora de la imagen de la sexta edici\u00f3n de CEN, que tendr\u00e1 lugar del 13 de septiembre al 27 de octubre en Galicia, [&hellip;]<\/p>\n","protected":false},"author":5,"featured_media":64112,"comment_status":"closed","ping_status":"open","sticky":false,"template":"","format":"standard","meta":{"footnotes":""},"categories":[1],"tags":[],"class_list":["post-64105","post","type-post","status-publish","format-standard","has-post-thumbnail","hentry","category-noticias"],"yoast_head":"<!-- This site is optimized with the Yoast SEO plugin v27.2 - https:\/\/yoast.com\/product\/yoast-seo-wordpress\/ -->\n<title>&#039;La oportunidad del afecto&#039; hila la imagen de la sexta edici\u00f3n de Camino Escena Norte, que extiende su apuesta por el intercambio cultural con la incorporaci\u00f3n de la ilustraci\u00f3n a su cartel - Camino Escena Norte<\/title>\n<meta name=\"robots\" content=\"index, follow, max-snippet:-1, max-image-preview:large, max-video-preview:-1\" \/>\n<link rel=\"canonical\" href=\"https:\/\/escenanorte.com\/gl\/la-oportunidad-del-afecto-hila-la-imagen-de-la-sexta-edicion-de-camino-escena-norte-que-extiende-su-apuesta-por-el-intercambio-cultural-con-la-incorporacion-de-la-ilustracion-a-su-cartel\/\" \/>\n<meta property=\"og:locale\" content=\"gl_ES\" \/>\n<meta property=\"og:type\" content=\"article\" \/>\n<meta property=\"og:title\" content=\"&#039;La oportunidad del afecto&#039; hila la imagen de la sexta edici\u00f3n de Camino Escena Norte, que extiende su apuesta por el intercambio cultural con la incorporaci\u00f3n de la ilustraci\u00f3n a su cartel - Camino Escena Norte\" \/>\n<meta property=\"og:description\" content=\"La artista navarra Leire Urbeltz es la autora de la imagen de la sexta edici\u00f3n de CEN, que tendr\u00e1 lugar del 13 de septiembre al 27 de octubre en Galicia, [&hellip;]\" \/>\n<meta property=\"og:url\" content=\"https:\/\/escenanorte.com\/gl\/la-oportunidad-del-afecto-hila-la-imagen-de-la-sexta-edicion-de-camino-escena-norte-que-extiende-su-apuesta-por-el-intercambio-cultural-con-la-incorporacion-de-la-ilustracion-a-su-cartel\/\" \/>\n<meta property=\"og:site_name\" content=\"Camino Escena Norte\" \/>\n<meta property=\"article:publisher\" content=\"https:\/\/www.facebook.com\/escenanorte\" \/>\n<meta property=\"article:published_time\" content=\"2024-06-27T10:10:15+00:00\" \/>\n<meta property=\"article:modified_time\" content=\"2024-06-27T12:15:10+00:00\" \/>\n<meta property=\"og:image\" content=\"https:\/\/escenanorte.com\/wp-content\/uploads\/2024\/06\/Foto1-scaled.jpg\" \/>\n\t<meta property=\"og:image:width\" content=\"2560\" \/>\n\t<meta property=\"og:image:height\" content=\"1707\" \/>\n\t<meta property=\"og:image:type\" content=\"image\/jpeg\" \/>\n<meta name=\"author\" content=\"Noelia\" \/>\n<meta name=\"twitter:card\" content=\"summary_large_image\" \/>\n<meta name=\"twitter:label1\" content=\"Escrito por\" \/>\n\t<meta name=\"twitter:data1\" content=\"Noelia\" \/>\n\t<meta name=\"twitter:label2\" content=\"Tempo de lectura\" \/>\n\t<meta name=\"twitter:data2\" content=\"4 minutos\" \/>\n<script type=\"application\/ld+json\" class=\"yoast-schema-graph\">{\"@context\":\"https:\/\/schema.org\",\"@graph\":[{\"@type\":\"Article\",\"@id\":\"https:\/\/escenanorte.com\/gl\/la-oportunidad-del-afecto-hila-la-imagen-de-la-sexta-edicion-de-camino-escena-norte-que-extiende-su-apuesta-por-el-intercambio-cultural-con-la-incorporacion-de-la-ilustracion-a-su-cartel\/#article\",\"isPartOf\":{\"@id\":\"https:\/\/escenanorte.com\/gl\/la-oportunidad-del-afecto-hila-la-imagen-de-la-sexta-edicion-de-camino-escena-norte-que-extiende-su-apuesta-por-el-intercambio-cultural-con-la-incorporacion-de-la-ilustracion-a-su-cartel\/\"},\"author\":{\"name\":\"Noelia\",\"@id\":\"https:\/\/escenanorte.com\/gl\/#\/schema\/person\/e710b5aa0c486f243b4d527a4259c37c\"},\"headline\":\"&#8216;La oportunidad del afecto&#8217; hila la imagen de la sexta edici\u00f3n de Camino Escena Norte, que extiende su apuesta por el intercambio cultural con la incorporaci\u00f3n de la ilustraci\u00f3n a su cartel\",\"datePublished\":\"2024-06-27T10:10:15+00:00\",\"dateModified\":\"2024-06-27T12:15:10+00:00\",\"mainEntityOfPage\":{\"@id\":\"https:\/\/escenanorte.com\/gl\/la-oportunidad-del-afecto-hila-la-imagen-de-la-sexta-edicion-de-camino-escena-norte-que-extiende-su-apuesta-por-el-intercambio-cultural-con-la-incorporacion-de-la-ilustracion-a-su-cartel\/\"},\"wordCount\":725,\"image\":{\"@id\":\"https:\/\/escenanorte.com\/gl\/la-oportunidad-del-afecto-hila-la-imagen-de-la-sexta-edicion-de-camino-escena-norte-que-extiende-su-apuesta-por-el-intercambio-cultural-con-la-incorporacion-de-la-ilustracion-a-su-cartel\/#primaryimage\"},\"thumbnailUrl\":\"https:\/\/escenanorte.com\/wp-content\/uploads\/2024\/06\/Foto1-scaled.jpg\",\"articleSection\":[\"Noticias\"],\"inLanguage\":\"gl-ES\"},{\"@type\":\"WebPage\",\"@id\":\"https:\/\/escenanorte.com\/gl\/la-oportunidad-del-afecto-hila-la-imagen-de-la-sexta-edicion-de-camino-escena-norte-que-extiende-su-apuesta-por-el-intercambio-cultural-con-la-incorporacion-de-la-ilustracion-a-su-cartel\/\",\"url\":\"https:\/\/escenanorte.com\/gl\/la-oportunidad-del-afecto-hila-la-imagen-de-la-sexta-edicion-de-camino-escena-norte-que-extiende-su-apuesta-por-el-intercambio-cultural-con-la-incorporacion-de-la-ilustracion-a-su-cartel\/\",\"name\":\"'La oportunidad del afecto' hila la imagen de la sexta edici\u00f3n de Camino Escena Norte, que extiende su apuesta por el intercambio cultural con la incorporaci\u00f3n de la ilustraci\u00f3n a su cartel - Camino Escena Norte\",\"isPartOf\":{\"@id\":\"https:\/\/escenanorte.com\/gl\/#website\"},\"primaryImageOfPage\":{\"@id\":\"https:\/\/escenanorte.com\/gl\/la-oportunidad-del-afecto-hila-la-imagen-de-la-sexta-edicion-de-camino-escena-norte-que-extiende-su-apuesta-por-el-intercambio-cultural-con-la-incorporacion-de-la-ilustracion-a-su-cartel\/#primaryimage\"},\"image\":{\"@id\":\"https:\/\/escenanorte.com\/gl\/la-oportunidad-del-afecto-hila-la-imagen-de-la-sexta-edicion-de-camino-escena-norte-que-extiende-su-apuesta-por-el-intercambio-cultural-con-la-incorporacion-de-la-ilustracion-a-su-cartel\/#primaryimage\"},\"thumbnailUrl\":\"https:\/\/escenanorte.com\/wp-content\/uploads\/2024\/06\/Foto1-scaled.jpg\",\"datePublished\":\"2024-06-27T10:10:15+00:00\",\"dateModified\":\"2024-06-27T12:15:10+00:00\",\"author\":{\"@id\":\"https:\/\/escenanorte.com\/gl\/#\/schema\/person\/e710b5aa0c486f243b4d527a4259c37c\"},\"breadcrumb\":{\"@id\":\"https:\/\/escenanorte.com\/gl\/la-oportunidad-del-afecto-hila-la-imagen-de-la-sexta-edicion-de-camino-escena-norte-que-extiende-su-apuesta-por-el-intercambio-cultural-con-la-incorporacion-de-la-ilustracion-a-su-cartel\/#breadcrumb\"},\"inLanguage\":\"gl-ES\",\"potentialAction\":[{\"@type\":\"ReadAction\",\"target\":[\"https:\/\/escenanorte.com\/gl\/la-oportunidad-del-afecto-hila-la-imagen-de-la-sexta-edicion-de-camino-escena-norte-que-extiende-su-apuesta-por-el-intercambio-cultural-con-la-incorporacion-de-la-ilustracion-a-su-cartel\/\"]}]},{\"@type\":\"ImageObject\",\"inLanguage\":\"gl-ES\",\"@id\":\"https:\/\/escenanorte.com\/gl\/la-oportunidad-del-afecto-hila-la-imagen-de-la-sexta-edicion-de-camino-escena-norte-que-extiende-su-apuesta-por-el-intercambio-cultural-con-la-incorporacion-de-la-ilustracion-a-su-cartel\/#primaryimage\",\"url\":\"https:\/\/escenanorte.com\/wp-content\/uploads\/2024\/06\/Foto1-scaled.jpg\",\"contentUrl\":\"https:\/\/escenanorte.com\/wp-content\/uploads\/2024\/06\/Foto1-scaled.jpg\",\"width\":2560,\"height\":1707},{\"@type\":\"BreadcrumbList\",\"@id\":\"https:\/\/escenanorte.com\/gl\/la-oportunidad-del-afecto-hila-la-imagen-de-la-sexta-edicion-de-camino-escena-norte-que-extiende-su-apuesta-por-el-intercambio-cultural-con-la-incorporacion-de-la-ilustracion-a-su-cartel\/#breadcrumb\",\"itemListElement\":[{\"@type\":\"ListItem\",\"position\":1,\"name\":\"Portada\",\"item\":\"https:\/\/escenanorte.com\/gl\/\"},{\"@type\":\"ListItem\",\"position\":2,\"name\":\"&#8216;La oportunidad del afecto&#8217; hila la imagen de la sexta edici\u00f3n de Camino Escena Norte, que extiende su apuesta por el intercambio cultural con la incorporaci\u00f3n de la ilustraci\u00f3n a su cartel\"}]},{\"@type\":\"WebSite\",\"@id\":\"https:\/\/escenanorte.com\/gl\/#website\",\"url\":\"https:\/\/escenanorte.com\/gl\/\",\"name\":\"Camino Escena Norte\",\"description\":\"Escena Norte\",\"potentialAction\":[{\"@type\":\"SearchAction\",\"target\":{\"@type\":\"EntryPoint\",\"urlTemplate\":\"https:\/\/escenanorte.com\/gl\/?s={search_term_string}\"},\"query-input\":{\"@type\":\"PropertyValueSpecification\",\"valueRequired\":true,\"valueName\":\"search_term_string\"}}],\"inLanguage\":\"gl-ES\"},{\"@type\":\"Person\",\"@id\":\"https:\/\/escenanorte.com\/gl\/#\/schema\/person\/e710b5aa0c486f243b4d527a4259c37c\",\"name\":\"Noelia\",\"image\":{\"@type\":\"ImageObject\",\"inLanguage\":\"gl-ES\",\"@id\":\"https:\/\/secure.gravatar.com\/avatar\/d590b317b870f28020001606673cfd05bb4d34b9ede2d6a843ea8073c8ac9352?s=96&d=blank&r=g\",\"url\":\"https:\/\/secure.gravatar.com\/avatar\/d590b317b870f28020001606673cfd05bb4d34b9ede2d6a843ea8073c8ac9352?s=96&d=blank&r=g\",\"contentUrl\":\"https:\/\/secure.gravatar.com\/avatar\/d590b317b870f28020001606673cfd05bb4d34b9ede2d6a843ea8073c8ac9352?s=96&d=blank&r=g\",\"caption\":\"Noelia\"},\"url\":\"https:\/\/escenanorte.com\/gl\/author\/noelia\/\"}]}<\/script>\n<!-- \/ Yoast SEO plugin. -->","yoast_head_json":{"title":"'La oportunidad del afecto' hila la imagen de la sexta edici\u00f3n de Camino Escena Norte, que extiende su apuesta por el intercambio cultural con la incorporaci\u00f3n de la ilustraci\u00f3n a su cartel - Camino Escena Norte","robots":{"index":"index","follow":"follow","max-snippet":"max-snippet:-1","max-image-preview":"max-image-preview:large","max-video-preview":"max-video-preview:-1"},"canonical":"https:\/\/escenanorte.com\/gl\/la-oportunidad-del-afecto-hila-la-imagen-de-la-sexta-edicion-de-camino-escena-norte-que-extiende-su-apuesta-por-el-intercambio-cultural-con-la-incorporacion-de-la-ilustracion-a-su-cartel\/","og_locale":"gl_ES","og_type":"article","og_title":"'La oportunidad del afecto' hila la imagen de la sexta edici\u00f3n de Camino Escena Norte, que extiende su apuesta por el intercambio cultural con la incorporaci\u00f3n de la ilustraci\u00f3n a su cartel - Camino Escena Norte","og_description":"La artista navarra Leire Urbeltz es la autora de la imagen de la sexta edici\u00f3n de CEN, que tendr\u00e1 lugar del 13 de septiembre al 27 de octubre en Galicia, [&hellip;]","og_url":"https:\/\/escenanorte.com\/gl\/la-oportunidad-del-afecto-hila-la-imagen-de-la-sexta-edicion-de-camino-escena-norte-que-extiende-su-apuesta-por-el-intercambio-cultural-con-la-incorporacion-de-la-ilustracion-a-su-cartel\/","og_site_name":"Camino Escena Norte","article_publisher":"https:\/\/www.facebook.com\/escenanorte","article_published_time":"2024-06-27T10:10:15+00:00","article_modified_time":"2024-06-27T12:15:10+00:00","og_image":[{"width":2560,"height":1707,"url":"https:\/\/escenanorte.com\/wp-content\/uploads\/2024\/06\/Foto1-scaled.jpg","type":"image\/jpeg"}],"author":"Noelia","twitter_card":"summary_large_image","twitter_misc":{"Escrito por":"Noelia","Tempo de lectura":"4 minutos"},"schema":{"@context":"https:\/\/schema.org","@graph":[{"@type":"Article","@id":"https:\/\/escenanorte.com\/gl\/la-oportunidad-del-afecto-hila-la-imagen-de-la-sexta-edicion-de-camino-escena-norte-que-extiende-su-apuesta-por-el-intercambio-cultural-con-la-incorporacion-de-la-ilustracion-a-su-cartel\/#article","isPartOf":{"@id":"https:\/\/escenanorte.com\/gl\/la-oportunidad-del-afecto-hila-la-imagen-de-la-sexta-edicion-de-camino-escena-norte-que-extiende-su-apuesta-por-el-intercambio-cultural-con-la-incorporacion-de-la-ilustracion-a-su-cartel\/"},"author":{"name":"Noelia","@id":"https:\/\/escenanorte.com\/gl\/#\/schema\/person\/e710b5aa0c486f243b4d527a4259c37c"},"headline":"&#8216;La oportunidad del afecto&#8217; hila la imagen de la sexta edici\u00f3n de Camino Escena Norte, que extiende su apuesta por el intercambio cultural con la incorporaci\u00f3n de la ilustraci\u00f3n a su cartel","datePublished":"2024-06-27T10:10:15+00:00","dateModified":"2024-06-27T12:15:10+00:00","mainEntityOfPage":{"@id":"https:\/\/escenanorte.com\/gl\/la-oportunidad-del-afecto-hila-la-imagen-de-la-sexta-edicion-de-camino-escena-norte-que-extiende-su-apuesta-por-el-intercambio-cultural-con-la-incorporacion-de-la-ilustracion-a-su-cartel\/"},"wordCount":725,"image":{"@id":"https:\/\/escenanorte.com\/gl\/la-oportunidad-del-afecto-hila-la-imagen-de-la-sexta-edicion-de-camino-escena-norte-que-extiende-su-apuesta-por-el-intercambio-cultural-con-la-incorporacion-de-la-ilustracion-a-su-cartel\/#primaryimage"},"thumbnailUrl":"https:\/\/escenanorte.com\/wp-content\/uploads\/2024\/06\/Foto1-scaled.jpg","articleSection":["Noticias"],"inLanguage":"gl-ES"},{"@type":"WebPage","@id":"https:\/\/escenanorte.com\/gl\/la-oportunidad-del-afecto-hila-la-imagen-de-la-sexta-edicion-de-camino-escena-norte-que-extiende-su-apuesta-por-el-intercambio-cultural-con-la-incorporacion-de-la-ilustracion-a-su-cartel\/","url":"https:\/\/escenanorte.com\/gl\/la-oportunidad-del-afecto-hila-la-imagen-de-la-sexta-edicion-de-camino-escena-norte-que-extiende-su-apuesta-por-el-intercambio-cultural-con-la-incorporacion-de-la-ilustracion-a-su-cartel\/","name":"'La oportunidad del afecto' hila la imagen de la sexta edici\u00f3n de Camino Escena Norte, que extiende su apuesta por el intercambio cultural con la incorporaci\u00f3n de la ilustraci\u00f3n a su cartel - Camino Escena Norte","isPartOf":{"@id":"https:\/\/escenanorte.com\/gl\/#website"},"primaryImageOfPage":{"@id":"https:\/\/escenanorte.com\/gl\/la-oportunidad-del-afecto-hila-la-imagen-de-la-sexta-edicion-de-camino-escena-norte-que-extiende-su-apuesta-por-el-intercambio-cultural-con-la-incorporacion-de-la-ilustracion-a-su-cartel\/#primaryimage"},"image":{"@id":"https:\/\/escenanorte.com\/gl\/la-oportunidad-del-afecto-hila-la-imagen-de-la-sexta-edicion-de-camino-escena-norte-que-extiende-su-apuesta-por-el-intercambio-cultural-con-la-incorporacion-de-la-ilustracion-a-su-cartel\/#primaryimage"},"thumbnailUrl":"https:\/\/escenanorte.com\/wp-content\/uploads\/2024\/06\/Foto1-scaled.jpg","datePublished":"2024-06-27T10:10:15+00:00","dateModified":"2024-06-27T12:15:10+00:00","author":{"@id":"https:\/\/escenanorte.com\/gl\/#\/schema\/person\/e710b5aa0c486f243b4d527a4259c37c"},"breadcrumb":{"@id":"https:\/\/escenanorte.com\/gl\/la-oportunidad-del-afecto-hila-la-imagen-de-la-sexta-edicion-de-camino-escena-norte-que-extiende-su-apuesta-por-el-intercambio-cultural-con-la-incorporacion-de-la-ilustracion-a-su-cartel\/#breadcrumb"},"inLanguage":"gl-ES","potentialAction":[{"@type":"ReadAction","target":["https:\/\/escenanorte.com\/gl\/la-oportunidad-del-afecto-hila-la-imagen-de-la-sexta-edicion-de-camino-escena-norte-que-extiende-su-apuesta-por-el-intercambio-cultural-con-la-incorporacion-de-la-ilustracion-a-su-cartel\/"]}]},{"@type":"ImageObject","inLanguage":"gl-ES","@id":"https:\/\/escenanorte.com\/gl\/la-oportunidad-del-afecto-hila-la-imagen-de-la-sexta-edicion-de-camino-escena-norte-que-extiende-su-apuesta-por-el-intercambio-cultural-con-la-incorporacion-de-la-ilustracion-a-su-cartel\/#primaryimage","url":"https:\/\/escenanorte.com\/wp-content\/uploads\/2024\/06\/Foto1-scaled.jpg","contentUrl":"https:\/\/escenanorte.com\/wp-content\/uploads\/2024\/06\/Foto1-scaled.jpg","width":2560,"height":1707},{"@type":"BreadcrumbList","@id":"https:\/\/escenanorte.com\/gl\/la-oportunidad-del-afecto-hila-la-imagen-de-la-sexta-edicion-de-camino-escena-norte-que-extiende-su-apuesta-por-el-intercambio-cultural-con-la-incorporacion-de-la-ilustracion-a-su-cartel\/#breadcrumb","itemListElement":[{"@type":"ListItem","position":1,"name":"Portada","item":"https:\/\/escenanorte.com\/gl\/"},{"@type":"ListItem","position":2,"name":"&#8216;La oportunidad del afecto&#8217; hila la imagen de la sexta edici\u00f3n de Camino Escena Norte, que extiende su apuesta por el intercambio cultural con la incorporaci\u00f3n de la ilustraci\u00f3n a su cartel"}]},{"@type":"WebSite","@id":"https:\/\/escenanorte.com\/gl\/#website","url":"https:\/\/escenanorte.com\/gl\/","name":"Camino Escena Norte","description":"Escena Norte","potentialAction":[{"@type":"SearchAction","target":{"@type":"EntryPoint","urlTemplate":"https:\/\/escenanorte.com\/gl\/?s={search_term_string}"},"query-input":{"@type":"PropertyValueSpecification","valueRequired":true,"valueName":"search_term_string"}}],"inLanguage":"gl-ES"},{"@type":"Person","@id":"https:\/\/escenanorte.com\/gl\/#\/schema\/person\/e710b5aa0c486f243b4d527a4259c37c","name":"Noelia","image":{"@type":"ImageObject","inLanguage":"gl-ES","@id":"https:\/\/secure.gravatar.com\/avatar\/d590b317b870f28020001606673cfd05bb4d34b9ede2d6a843ea8073c8ac9352?s=96&d=blank&r=g","url":"https:\/\/secure.gravatar.com\/avatar\/d590b317b870f28020001606673cfd05bb4d34b9ede2d6a843ea8073c8ac9352?s=96&d=blank&r=g","contentUrl":"https:\/\/secure.gravatar.com\/avatar\/d590b317b870f28020001606673cfd05bb4d34b9ede2d6a843ea8073c8ac9352?s=96&d=blank&r=g","caption":"Noelia"},"url":"https:\/\/escenanorte.com\/gl\/author\/noelia\/"}]}},"publishpress_future_action":{"enabled":false,"date":"2026-05-06 14:23:02","action":"change-status","newStatus":"draft","terms":[],"taxonomy":"category","extraData":[]},"publishpress_future_workflow_manual_trigger":{"enabledWorkflows":[]},"_links":{"self":[{"href":"https:\/\/escenanorte.com\/gl\/wp-json\/wp\/v2\/posts\/64105","targetHints":{"allow":["GET"]}}],"collection":[{"href":"https:\/\/escenanorte.com\/gl\/wp-json\/wp\/v2\/posts"}],"about":[{"href":"https:\/\/escenanorte.com\/gl\/wp-json\/wp\/v2\/types\/post"}],"author":[{"embeddable":true,"href":"https:\/\/escenanorte.com\/gl\/wp-json\/wp\/v2\/users\/5"}],"replies":[{"embeddable":true,"href":"https:\/\/escenanorte.com\/gl\/wp-json\/wp\/v2\/comments?post=64105"}],"version-history":[{"count":3,"href":"https:\/\/escenanorte.com\/gl\/wp-json\/wp\/v2\/posts\/64105\/revisions"}],"predecessor-version":[{"id":64147,"href":"https:\/\/escenanorte.com\/gl\/wp-json\/wp\/v2\/posts\/64105\/revisions\/64147"}],"wp:featuredmedia":[{"embeddable":true,"href":"https:\/\/escenanorte.com\/gl\/wp-json\/wp\/v2\/media\/64112"}],"wp:attachment":[{"href":"https:\/\/escenanorte.com\/gl\/wp-json\/wp\/v2\/media?parent=64105"}],"wp:term":[{"taxonomy":"category","embeddable":true,"href":"https:\/\/escenanorte.com\/gl\/wp-json\/wp\/v2\/categories?post=64105"},{"taxonomy":"post_tag","embeddable":true,"href":"https:\/\/escenanorte.com\/gl\/wp-json\/wp\/v2\/tags?post=64105"}],"curies":[{"name":"wp","href":"https:\/\/api.w.org\/{rel}","templated":true}]}}