{"id":62517,"date":"2024-05-02T08:47:06","date_gmt":"2024-05-02T06:47:06","guid":{"rendered":"https:\/\/escenanorte.com\/?p=62517"},"modified":"2024-05-02T11:03:10","modified_gmt":"2024-05-02T09:03:10","slug":"camino-escena-norte-15-companias-2024","status":"publish","type":"post","link":"https:\/\/escenanorte.com\/gl\/camino-escena-norte-15-companias-2024\/","title":{"rendered":"Cami\u00f1o Escena Norte d\u00e1 a co\u00f1ecer as 15 compa\u00f1\u00edas de artes esc\u00e9nicas que xirar\u00e1n este oto\u00f1o por Galicia, Asturias, Cantabria, Euskadi e Navarra"},"content":{"rendered":"\n<p><strong>As galegas Ibuprofeno Teatro, P\u00edscore-Culturactiva e Colectivo Glovo at\u00f3panse entre as seleccionadas para participar na sexta edici\u00f3n do CEN<\/strong><br><strong>O proxecto de intercambio cultural, que conta co apoio da Xunta de Galicia, publica o segundo Cat\u00e1logo de Espect\u00e1culos Recomendados CEN,<\/strong> <strong>que incl\u00fae trinta produci\u00f3ns, e que ten como obxectivo de difundir<\/strong> <strong>as propostas esc\u00e9nicas profesionais dos distintos territorios participantes f\u00f3ra dos seus circu\u00edtos habituais<\/strong><\/p>\n\n\n\n<figure class=\"wp-block-image size-full\"><img loading=\"lazy\" decoding=\"async\" width=\"1024\" height=\"683\" src=\"https:\/\/escenanorte.com\/wp-content\/uploads\/2024\/05\/Comiendo-uvas.jpg\" alt=\"\" class=\"wp-image-62537\" srcset=\"https:\/\/escenanorte.com\/wp-content\/uploads\/2024\/05\/Comiendo-uvas.jpg 1024w, https:\/\/escenanorte.com\/wp-content\/uploads\/2024\/05\/Comiendo-uvas-300x200.jpg 300w, https:\/\/escenanorte.com\/wp-content\/uploads\/2024\/05\/Comiendo-uvas-768x512.jpg 768w\" sizes=\"(max-width: 1024px) 100vw, 1024px\" \/><figcaption class=\"wp-element-caption\">Foto: <em>An\u00f3nimo. La vida de Lazarillo de Tormes y de sus fortunas y adversidades<\/em>, de Hilo Producciones<\/figcaption><\/figure>\n\n\n\n<p>Cami\u00f1o Escena Norte (CEN), &nbsp;o programa de intercambio cultural no que participan compa\u00f1\u00edas de teatro, danza e artes do movemento e novo circo de Galicia, Asturias, Cantabria, Euskadi e Navarra, chega este 2024 \u00e1 s\u00faa sexta edici\u00f3n, na que sumar\u00e1 novas sedes e escenarios, ademais de dez d\u00edas m\u00e1is de programaci\u00f3n. Do 13 de setembro ao 27 de outubro, un total de <strong>15 compa\u00f1\u00edas<\/strong> ofrecer\u00e1n espect\u00e1culos e actividades no marco dunha proposta cuxo eixe principal xirar\u00e1 arredor do programa de exhibici\u00f3n <strong>Itinerario Constelaci\u00f3ns,<\/strong> o circu\u00edto troncal de representaci\u00f3ns do CEN.<br><br>Por sexto ano consecutivo, Cami\u00f1o Escena Norte dar\u00e1 boa conta da <strong>mellor produci\u00f3n esc\u00e9nica profesional dos cinco territorios implicados<\/strong>, con m\u00faltiples linguaxes, disciplinas e propostas est\u00e9ticas. A programaci\u00f3n, que ten o apoio da Xunta de Galicia a trav\u00e9s da Axencia Galega das Industrias Culturais, ofrecer\u00e1 teatro de texto, espect\u00e1culos para p\u00fablico infantil e familiar, novo circo, danza e creaci\u00f3n contempor\u00e1nea, montaxes did\u00e1cticas e experiencias \u2018site specific\u2019.<\/p>\n\n\n\n<p>Os 15 espect\u00e1culos que formar\u00e1n parte do Itinerario Constelaci\u00f3ns foron seleccionados por <strong>5 comisi\u00f3ns profesionais independentes de axentes do sector,<\/strong> unha por cada unha dos territorios que conforman o CEN. Moitas das produci\u00f3ns ser\u00e1n estreas f\u00f3ra das s\u00faas comunidades aut\u00f3nomas.<\/p>\n\n\n\n<p><strong>Galicia<\/strong> seleccionou as compa\u00f1\u00edas <strong>Ibuprofeno Teatro, <\/strong>co seu espect\u00e1culo <em>Deadpan Karaoke,<\/em> <strong>P\u00edscore-Culturactiva, <\/strong>con <em>Molto Barroco, e <\/em><strong>Colectivo Glovo, <\/strong>que presentar\u00e1 <em>Tab\u00fa<\/em>. Pola s\u00faa banda, Asturias intervir\u00e1 no intercambio cultural de CEN con <strong>La Westia Producciones<\/strong> (<em>Ada Byron: La tejedora de n\u00fameros),<\/em> <strong>Adri\u00e1n Conde Espect\u00e1culos<\/strong> (<em>Check Out) <\/em>e <strong>Teatro Plus <\/strong>(<em>Geometr\u00eda del alma)<\/em>.<\/p>\n\n\n\n<p>A participaci\u00f3n c\u00e1ntabra chegar\u00e1 da man de <strong>Hilo Producciones <\/strong><em>(An\u00f3nimo. La vida de Lazarillo de Tormes y de sus fortunas y adversidades)<\/em>; <strong>Ruth Garreta \u2013 El Conejo Salvaje<\/strong> (<em>La casa de los dedos)<\/em> e <strong>Trueba &amp; Trueba Producciones <\/strong><em>(Un camino valiente)<\/em>. Pola parte de Euskadi, a selecci\u00f3n incl\u00fae os traballos de <strong>Producci\u00f3n y Gesti\u00f3n Art\u00edstica K <\/strong><em>(El nadador de aguas abiertas), <\/em><strong>C\u00eda. Panta Rhei <\/strong>(<em>La osa estelar) <\/em>e <strong>Marie de Jongh<\/strong> (<em>Mr. Bo)<\/em>. Finalmente, Navarra, presentar\u00e1 nos demais territorios as propostas art\u00edsticas de <strong>Yarleku-El Punto Gunea<\/strong> (<em>By \u00f2 Bu. Aproximaci\u00f3n al no existir),<\/em> <strong>P\u00e1jaros Pintados Creaci\u00f3n Teatral<\/strong> (<em>El jard\u00edn de Olivia)<\/em>, e <strong>Estefan\u00eda de Paz As\u00edn<\/strong> (<em>Olvido Flores)<\/em>.<\/p>\n\n\n\n<p><strong>Cat\u00e1logo de Espect\u00e1culos Recomendados CEN<\/strong><strong><\/strong><\/p>\n\n\n\n<p>Este ano, CEN lanza a <strong>segunda edici\u00f3n<\/strong> <strong>do Cat\u00e1logo de Espect\u00e1culos Recomendados Cami\u00f1o Escena Norte<\/strong>, unha publicaci\u00f3n que serve como ferramenta para a visualizaci\u00f3n, difusi\u00f3n e distribuci\u00f3n das artes esc\u00e9nicas galegas, asturianas, c\u00e1ntabras, vascas e navarras f\u00f3ra do seu \u00e1mbito territorial. <a href=\"https:\/\/escenanorte.com\/es\/download\/catalogo-cen24\/\" target=\"_blank\" rel=\"noreferrer noopener\">Esta iniciativa, que xa est\u00e1 dispo\u00f1ible a trav\u00e9s desta p\u00e1xina web,<\/a> promocionarase nas principais citas profesionais do sector (encontros, feiras ou mercados) ao longo de todo o ano.<br><br>Un total de 30 espect\u00e1culos forman parte da nova publicaci\u00f3n. A trintena de produci\u00f3ns foron seleccionadas por cinco comisi\u00f3ns independentes de axentes profesionais do sector, alleas \u00e1 organizaci\u00f3n de Cami\u00f1o Escena Norte. Estes grupos traballaron sobre <strong>as case 200 propostas que se presentaron este 2024 para xirar no programa de exhibici\u00f3n do CEN<\/strong>, nomeado <strong>Itinerario Constelaci\u00f3ns<\/strong>.<br><br><strong>CEN: un proxecto de intercambio cultural<\/strong><\/p>\n\n\n\n<p>CEN naceu co obxectivo de promover o intercambio cultural a trav\u00e9s das artes esc\u00e9nicas, tomando como referencia e f\u00edo condutor os cami\u00f1os que transitan polo norte da Pen\u00ednsula Ib\u00e9rica e que te\u00f1en, como destino final, Santiago de Compostela.<\/p>\n\n\n\n<p>Desde a s\u00faa primeira edici\u00f3n, celebrada en 2019, CEN levou o teatro, a danza, as artes do movemento e o novo circo <strong>a escenarios afastados, en moitos casos, dos circu\u00edtos habituais<\/strong><strong> de programaci\u00f3n<\/strong><strong>,<\/strong> favorecendo as\u00ed o acceso a este tipo de propostas \u00e1 veci\u00f1anza de diferentes municipios e localidades.<\/p>\n\n\n\n<p>CEN \u00e9 unha iniciativa promovida polas propias <strong>asociaci\u00f3ns profesionais de produtoras de artes esc\u00e9nicas<\/strong> Escena Galega (Galicia), EscenAsturias (Asturias), ACEPAE (Cantabria), Eskena (Euskadi) e ESNA (Navarra). Todas elas \u00fanense na supraentidade Camino Escena Norte Agrupaci\u00f3n de Interese Econ\u00f3mico, creada especificamente para o desenvolvemento, xesti\u00f3n e produci\u00f3n deste proxecto, que conta co apoio econ\u00f3mico de todos os niveis da administraci\u00f3n, desde a estatal at\u00e9 as entidades locais, pasando polos gobernos auton\u00f3micos, provinciais e forais, as\u00ed como patrocinios privados.<\/p>\n\n\n\n<p>[Foto cabeceira da noticia: <em>Tab\u00fa,<\/em> de Colectivo Glovo | Autor\u00eda: Carlota Mosquera]<\/p>\n","protected":false},"excerpt":{"rendered":"<p>Del 13 de septiembre al 27 de octubre de 2024, 15 compa\u00f1\u00edas girar\u00e1n en la sexta edici\u00f3n de Camino Escena Norte.<\/p>\n","protected":false},"author":5,"featured_media":62521,"comment_status":"closed","ping_status":"open","sticky":false,"template":"","format":"standard","meta":{"footnotes":""},"categories":[1,4],"tags":[],"class_list":["post-62517","post","type-post","status-publish","format-standard","has-post-thumbnail","hentry","category-noticias","category-novas"],"yoast_head":"<!-- This site is optimized with the Yoast SEO plugin v27.2 - https:\/\/yoast.com\/product\/yoast-seo-wordpress\/ -->\n<title>Cami\u00f1o Escena Norte d\u00e1 a co\u00f1ecer as 15 compa\u00f1\u00edas de artes esc\u00e9nicas que xirar\u00e1n este oto\u00f1o por Galicia, Asturias, Cantabria, Euskadi e Navarra - Camino Escena Norte<\/title>\n<meta name=\"description\" content=\"Del 13 de septiembre al 27 de octubre de 2024, 15 compa\u00f1\u00edas girar\u00e1n en la sexta edici\u00f3n de Camino Escena Norte.\" \/>\n<meta name=\"robots\" content=\"index, follow, max-snippet:-1, max-image-preview:large, max-video-preview:-1\" \/>\n<link rel=\"canonical\" href=\"https:\/\/escenanorte.com\/gl\/camino-escena-norte-15-companias-2024\/\" \/>\n<meta property=\"og:locale\" content=\"gl_ES\" \/>\n<meta property=\"og:type\" content=\"article\" \/>\n<meta property=\"og:title\" content=\"Cami\u00f1o Escena Norte d\u00e1 a co\u00f1ecer as 15 compa\u00f1\u00edas de artes esc\u00e9nicas que xirar\u00e1n este oto\u00f1o por Galicia, Asturias, Cantabria, Euskadi e Navarra - Camino Escena Norte\" \/>\n<meta property=\"og:description\" content=\"Del 13 de septiembre al 27 de octubre de 2024, 15 compa\u00f1\u00edas girar\u00e1n en la sexta edici\u00f3n de Camino Escena Norte.\" \/>\n<meta property=\"og:url\" content=\"https:\/\/escenanorte.com\/gl\/camino-escena-norte-15-companias-2024\/\" \/>\n<meta property=\"og:site_name\" content=\"Camino Escena Norte\" \/>\n<meta property=\"article:publisher\" content=\"https:\/\/www.facebook.com\/escenanorte\" \/>\n<meta property=\"article:published_time\" content=\"2024-05-02T06:47:06+00:00\" \/>\n<meta property=\"article:modified_time\" content=\"2024-05-02T09:03:10+00:00\" \/>\n<meta property=\"og:image\" content=\"https:\/\/escenanorte.com\/wp-content\/uploads\/2024\/05\/Carlota-Mosquera-3.jpg\" \/>\n\t<meta property=\"og:image:width\" content=\"1200\" \/>\n\t<meta property=\"og:image:height\" content=\"791\" \/>\n\t<meta property=\"og:image:type\" content=\"image\/jpeg\" \/>\n<meta name=\"author\" content=\"Noelia\" \/>\n<meta name=\"twitter:card\" content=\"summary_large_image\" \/>\n<meta name=\"twitter:label1\" content=\"Escrito por\" \/>\n\t<meta name=\"twitter:data1\" content=\"Noelia\" \/>\n\t<meta name=\"twitter:label2\" content=\"Tempo de lectura\" \/>\n\t<meta name=\"twitter:data2\" content=\"4 minutos\" \/>\n<script type=\"application\/ld+json\" class=\"yoast-schema-graph\">{\"@context\":\"https:\/\/schema.org\",\"@graph\":[{\"@type\":\"Article\",\"@id\":\"https:\/\/escenanorte.com\/gl\/camino-escena-norte-15-companias-2024\/#article\",\"isPartOf\":{\"@id\":\"https:\/\/escenanorte.com\/gl\/camino-escena-norte-15-companias-2024\/\"},\"author\":{\"name\":\"Noelia\",\"@id\":\"https:\/\/escenanorte.com\/gl\/#\/schema\/person\/e710b5aa0c486f243b4d527a4259c37c\"},\"headline\":\"Cami\u00f1o Escena Norte d\u00e1 a co\u00f1ecer as 15 compa\u00f1\u00edas de artes esc\u00e9nicas que xirar\u00e1n este oto\u00f1o por Galicia, Asturias, Cantabria, Euskadi e Navarra\",\"datePublished\":\"2024-05-02T06:47:06+00:00\",\"dateModified\":\"2024-05-02T09:03:10+00:00\",\"mainEntityOfPage\":{\"@id\":\"https:\/\/escenanorte.com\/gl\/camino-escena-norte-15-companias-2024\/\"},\"wordCount\":877,\"image\":{\"@id\":\"https:\/\/escenanorte.com\/gl\/camino-escena-norte-15-companias-2024\/#primaryimage\"},\"thumbnailUrl\":\"https:\/\/escenanorte.com\/wp-content\/uploads\/2024\/05\/Carlota-Mosquera-3.jpg\",\"articleSection\":[\"Noticias\",\"Novas\"],\"inLanguage\":\"gl-ES\"},{\"@type\":\"WebPage\",\"@id\":\"https:\/\/escenanorte.com\/gl\/camino-escena-norte-15-companias-2024\/\",\"url\":\"https:\/\/escenanorte.com\/gl\/camino-escena-norte-15-companias-2024\/\",\"name\":\"Cami\u00f1o Escena Norte d\u00e1 a co\u00f1ecer as 15 compa\u00f1\u00edas de artes esc\u00e9nicas que xirar\u00e1n este oto\u00f1o por Galicia, Asturias, Cantabria, Euskadi e Navarra - Camino Escena Norte\",\"isPartOf\":{\"@id\":\"https:\/\/escenanorte.com\/gl\/#website\"},\"primaryImageOfPage\":{\"@id\":\"https:\/\/escenanorte.com\/gl\/camino-escena-norte-15-companias-2024\/#primaryimage\"},\"image\":{\"@id\":\"https:\/\/escenanorte.com\/gl\/camino-escena-norte-15-companias-2024\/#primaryimage\"},\"thumbnailUrl\":\"https:\/\/escenanorte.com\/wp-content\/uploads\/2024\/05\/Carlota-Mosquera-3.jpg\",\"datePublished\":\"2024-05-02T06:47:06+00:00\",\"dateModified\":\"2024-05-02T09:03:10+00:00\",\"author\":{\"@id\":\"https:\/\/escenanorte.com\/gl\/#\/schema\/person\/e710b5aa0c486f243b4d527a4259c37c\"},\"description\":\"Del 13 de septiembre al 27 de octubre de 2024, 15 compa\u00f1\u00edas girar\u00e1n en la sexta edici\u00f3n de Camino Escena Norte.\",\"breadcrumb\":{\"@id\":\"https:\/\/escenanorte.com\/gl\/camino-escena-norte-15-companias-2024\/#breadcrumb\"},\"inLanguage\":\"gl-ES\",\"potentialAction\":[{\"@type\":\"ReadAction\",\"target\":[\"https:\/\/escenanorte.com\/gl\/camino-escena-norte-15-companias-2024\/\"]}]},{\"@type\":\"ImageObject\",\"inLanguage\":\"gl-ES\",\"@id\":\"https:\/\/escenanorte.com\/gl\/camino-escena-norte-15-companias-2024\/#primaryimage\",\"url\":\"https:\/\/escenanorte.com\/wp-content\/uploads\/2024\/05\/Carlota-Mosquera-3.jpg\",\"contentUrl\":\"https:\/\/escenanorte.com\/wp-content\/uploads\/2024\/05\/Carlota-Mosquera-3.jpg\",\"width\":1200,\"height\":791,\"caption\":\"Tab\u00fa, de Colectivo Glovo\"},{\"@type\":\"BreadcrumbList\",\"@id\":\"https:\/\/escenanorte.com\/gl\/camino-escena-norte-15-companias-2024\/#breadcrumb\",\"itemListElement\":[{\"@type\":\"ListItem\",\"position\":1,\"name\":\"Portada\",\"item\":\"https:\/\/escenanorte.com\/gl\/\"},{\"@type\":\"ListItem\",\"position\":2,\"name\":\"Cami\u00f1o Escena Norte d\u00e1 a co\u00f1ecer as 15 compa\u00f1\u00edas de artes esc\u00e9nicas que xirar\u00e1n este oto\u00f1o por Galicia, Asturias, Cantabria, Euskadi e Navarra\"}]},{\"@type\":\"WebSite\",\"@id\":\"https:\/\/escenanorte.com\/gl\/#website\",\"url\":\"https:\/\/escenanorte.com\/gl\/\",\"name\":\"Camino Escena Norte\",\"description\":\"Escena Norte\",\"potentialAction\":[{\"@type\":\"SearchAction\",\"target\":{\"@type\":\"EntryPoint\",\"urlTemplate\":\"https:\/\/escenanorte.com\/gl\/?s={search_term_string}\"},\"query-input\":{\"@type\":\"PropertyValueSpecification\",\"valueRequired\":true,\"valueName\":\"search_term_string\"}}],\"inLanguage\":\"gl-ES\"},{\"@type\":\"Person\",\"@id\":\"https:\/\/escenanorte.com\/gl\/#\/schema\/person\/e710b5aa0c486f243b4d527a4259c37c\",\"name\":\"Noelia\",\"image\":{\"@type\":\"ImageObject\",\"inLanguage\":\"gl-ES\",\"@id\":\"https:\/\/secure.gravatar.com\/avatar\/d590b317b870f28020001606673cfd05bb4d34b9ede2d6a843ea8073c8ac9352?s=96&d=blank&r=g\",\"url\":\"https:\/\/secure.gravatar.com\/avatar\/d590b317b870f28020001606673cfd05bb4d34b9ede2d6a843ea8073c8ac9352?s=96&d=blank&r=g\",\"contentUrl\":\"https:\/\/secure.gravatar.com\/avatar\/d590b317b870f28020001606673cfd05bb4d34b9ede2d6a843ea8073c8ac9352?s=96&d=blank&r=g\",\"caption\":\"Noelia\"},\"url\":\"https:\/\/escenanorte.com\/gl\/author\/noelia\/\"}]}<\/script>\n<!-- \/ Yoast SEO plugin. -->","yoast_head_json":{"title":"Cami\u00f1o Escena Norte d\u00e1 a co\u00f1ecer as 15 compa\u00f1\u00edas de artes esc\u00e9nicas que xirar\u00e1n este oto\u00f1o por Galicia, Asturias, Cantabria, Euskadi e Navarra - Camino Escena Norte","description":"Del 13 de septiembre al 27 de octubre de 2024, 15 compa\u00f1\u00edas girar\u00e1n en la sexta edici\u00f3n de Camino Escena Norte.","robots":{"index":"index","follow":"follow","max-snippet":"max-snippet:-1","max-image-preview":"max-image-preview:large","max-video-preview":"max-video-preview:-1"},"canonical":"https:\/\/escenanorte.com\/gl\/camino-escena-norte-15-companias-2024\/","og_locale":"gl_ES","og_type":"article","og_title":"Cami\u00f1o Escena Norte d\u00e1 a co\u00f1ecer as 15 compa\u00f1\u00edas de artes esc\u00e9nicas que xirar\u00e1n este oto\u00f1o por Galicia, Asturias, Cantabria, Euskadi e Navarra - Camino Escena Norte","og_description":"Del 13 de septiembre al 27 de octubre de 2024, 15 compa\u00f1\u00edas girar\u00e1n en la sexta edici\u00f3n de Camino Escena Norte.","og_url":"https:\/\/escenanorte.com\/gl\/camino-escena-norte-15-companias-2024\/","og_site_name":"Camino Escena Norte","article_publisher":"https:\/\/www.facebook.com\/escenanorte","article_published_time":"2024-05-02T06:47:06+00:00","article_modified_time":"2024-05-02T09:03:10+00:00","og_image":[{"width":1200,"height":791,"url":"https:\/\/escenanorte.com\/wp-content\/uploads\/2024\/05\/Carlota-Mosquera-3.jpg","type":"image\/jpeg"}],"author":"Noelia","twitter_card":"summary_large_image","twitter_misc":{"Escrito por":"Noelia","Tempo de lectura":"4 minutos"},"schema":{"@context":"https:\/\/schema.org","@graph":[{"@type":"Article","@id":"https:\/\/escenanorte.com\/gl\/camino-escena-norte-15-companias-2024\/#article","isPartOf":{"@id":"https:\/\/escenanorte.com\/gl\/camino-escena-norte-15-companias-2024\/"},"author":{"name":"Noelia","@id":"https:\/\/escenanorte.com\/gl\/#\/schema\/person\/e710b5aa0c486f243b4d527a4259c37c"},"headline":"Cami\u00f1o Escena Norte d\u00e1 a co\u00f1ecer as 15 compa\u00f1\u00edas de artes esc\u00e9nicas que xirar\u00e1n este oto\u00f1o por Galicia, Asturias, Cantabria, Euskadi e Navarra","datePublished":"2024-05-02T06:47:06+00:00","dateModified":"2024-05-02T09:03:10+00:00","mainEntityOfPage":{"@id":"https:\/\/escenanorte.com\/gl\/camino-escena-norte-15-companias-2024\/"},"wordCount":877,"image":{"@id":"https:\/\/escenanorte.com\/gl\/camino-escena-norte-15-companias-2024\/#primaryimage"},"thumbnailUrl":"https:\/\/escenanorte.com\/wp-content\/uploads\/2024\/05\/Carlota-Mosquera-3.jpg","articleSection":["Noticias","Novas"],"inLanguage":"gl-ES"},{"@type":"WebPage","@id":"https:\/\/escenanorte.com\/gl\/camino-escena-norte-15-companias-2024\/","url":"https:\/\/escenanorte.com\/gl\/camino-escena-norte-15-companias-2024\/","name":"Cami\u00f1o Escena Norte d\u00e1 a co\u00f1ecer as 15 compa\u00f1\u00edas de artes esc\u00e9nicas que xirar\u00e1n este oto\u00f1o por Galicia, Asturias, Cantabria, Euskadi e Navarra - Camino Escena Norte","isPartOf":{"@id":"https:\/\/escenanorte.com\/gl\/#website"},"primaryImageOfPage":{"@id":"https:\/\/escenanorte.com\/gl\/camino-escena-norte-15-companias-2024\/#primaryimage"},"image":{"@id":"https:\/\/escenanorte.com\/gl\/camino-escena-norte-15-companias-2024\/#primaryimage"},"thumbnailUrl":"https:\/\/escenanorte.com\/wp-content\/uploads\/2024\/05\/Carlota-Mosquera-3.jpg","datePublished":"2024-05-02T06:47:06+00:00","dateModified":"2024-05-02T09:03:10+00:00","author":{"@id":"https:\/\/escenanorte.com\/gl\/#\/schema\/person\/e710b5aa0c486f243b4d527a4259c37c"},"description":"Del 13 de septiembre al 27 de octubre de 2024, 15 compa\u00f1\u00edas girar\u00e1n en la sexta edici\u00f3n de Camino Escena Norte.","breadcrumb":{"@id":"https:\/\/escenanorte.com\/gl\/camino-escena-norte-15-companias-2024\/#breadcrumb"},"inLanguage":"gl-ES","potentialAction":[{"@type":"ReadAction","target":["https:\/\/escenanorte.com\/gl\/camino-escena-norte-15-companias-2024\/"]}]},{"@type":"ImageObject","inLanguage":"gl-ES","@id":"https:\/\/escenanorte.com\/gl\/camino-escena-norte-15-companias-2024\/#primaryimage","url":"https:\/\/escenanorte.com\/wp-content\/uploads\/2024\/05\/Carlota-Mosquera-3.jpg","contentUrl":"https:\/\/escenanorte.com\/wp-content\/uploads\/2024\/05\/Carlota-Mosquera-3.jpg","width":1200,"height":791,"caption":"Tab\u00fa, de Colectivo Glovo"},{"@type":"BreadcrumbList","@id":"https:\/\/escenanorte.com\/gl\/camino-escena-norte-15-companias-2024\/#breadcrumb","itemListElement":[{"@type":"ListItem","position":1,"name":"Portada","item":"https:\/\/escenanorte.com\/gl\/"},{"@type":"ListItem","position":2,"name":"Cami\u00f1o Escena Norte d\u00e1 a co\u00f1ecer as 15 compa\u00f1\u00edas de artes esc\u00e9nicas que xirar\u00e1n este oto\u00f1o por Galicia, Asturias, Cantabria, Euskadi e Navarra"}]},{"@type":"WebSite","@id":"https:\/\/escenanorte.com\/gl\/#website","url":"https:\/\/escenanorte.com\/gl\/","name":"Camino Escena Norte","description":"Escena Norte","potentialAction":[{"@type":"SearchAction","target":{"@type":"EntryPoint","urlTemplate":"https:\/\/escenanorte.com\/gl\/?s={search_term_string}"},"query-input":{"@type":"PropertyValueSpecification","valueRequired":true,"valueName":"search_term_string"}}],"inLanguage":"gl-ES"},{"@type":"Person","@id":"https:\/\/escenanorte.com\/gl\/#\/schema\/person\/e710b5aa0c486f243b4d527a4259c37c","name":"Noelia","image":{"@type":"ImageObject","inLanguage":"gl-ES","@id":"https:\/\/secure.gravatar.com\/avatar\/d590b317b870f28020001606673cfd05bb4d34b9ede2d6a843ea8073c8ac9352?s=96&d=blank&r=g","url":"https:\/\/secure.gravatar.com\/avatar\/d590b317b870f28020001606673cfd05bb4d34b9ede2d6a843ea8073c8ac9352?s=96&d=blank&r=g","contentUrl":"https:\/\/secure.gravatar.com\/avatar\/d590b317b870f28020001606673cfd05bb4d34b9ede2d6a843ea8073c8ac9352?s=96&d=blank&r=g","caption":"Noelia"},"url":"https:\/\/escenanorte.com\/gl\/author\/noelia\/"}]}},"publishpress_future_action":{"enabled":false,"date":"2026-05-06 16:16:49","action":"change-status","newStatus":"draft","terms":[],"taxonomy":"category","extraData":[]},"publishpress_future_workflow_manual_trigger":{"enabledWorkflows":[]},"_links":{"self":[{"href":"https:\/\/escenanorte.com\/gl\/wp-json\/wp\/v2\/posts\/62517","targetHints":{"allow":["GET"]}}],"collection":[{"href":"https:\/\/escenanorte.com\/gl\/wp-json\/wp\/v2\/posts"}],"about":[{"href":"https:\/\/escenanorte.com\/gl\/wp-json\/wp\/v2\/types\/post"}],"author":[{"embeddable":true,"href":"https:\/\/escenanorte.com\/gl\/wp-json\/wp\/v2\/users\/5"}],"replies":[{"embeddable":true,"href":"https:\/\/escenanorte.com\/gl\/wp-json\/wp\/v2\/comments?post=62517"}],"version-history":[{"count":4,"href":"https:\/\/escenanorte.com\/gl\/wp-json\/wp\/v2\/posts\/62517\/revisions"}],"predecessor-version":[{"id":62555,"href":"https:\/\/escenanorte.com\/gl\/wp-json\/wp\/v2\/posts\/62517\/revisions\/62555"}],"wp:featuredmedia":[{"embeddable":true,"href":"https:\/\/escenanorte.com\/gl\/wp-json\/wp\/v2\/media\/62521"}],"wp:attachment":[{"href":"https:\/\/escenanorte.com\/gl\/wp-json\/wp\/v2\/media?parent=62517"}],"wp:term":[{"taxonomy":"category","embeddable":true,"href":"https:\/\/escenanorte.com\/gl\/wp-json\/wp\/v2\/categories?post=62517"},{"taxonomy":"post_tag","embeddable":true,"href":"https:\/\/escenanorte.com\/gl\/wp-json\/wp\/v2\/tags?post=62517"}],"curies":[{"name":"wp","href":"https:\/\/api.w.org\/{rel}","templated":true}]}}