{"id":45850,"date":"2023-09-06T13:41:30","date_gmt":"2023-09-06T11:41:30","guid":{"rendered":"https:\/\/escenanorte.com\/?p=45850"},"modified":"2023-09-06T16:06:52","modified_gmt":"2023-09-06T14:06:52","slug":"camino-escena-norte-expandese-na-sua-quinta-edicion-e-levara-as-artes-escenicas-a-once-localidades-galegas","status":"publish","type":"post","link":"https:\/\/escenanorte.com\/gl\/camino-escena-norte-expandese-na-sua-quinta-edicion-e-levara-as-artes-escenicas-a-once-localidades-galegas\/","title":{"rendered":"Cami\u00f1o Escena Norte exp\u00e1ndese na s\u00faa quinta edici\u00f3n e levar\u00e1 as artes esc\u00e9nicas a once localidades galegas"},"content":{"rendered":"\n<p><strong><em>O proxecto de intercambio cultural, que conta co apoio da Xunta de Galicia a trav\u00e9s da Agadic, celebrar\u00e1 o seu programa oficial do 17 de setembro ao 22 de outubro en perto de 60 sedes en Galicia, Asturias, Cantabria, Euskadi e Navarra<br>Melide, Mondo\u00f1edo, Portomar\u00edn, Ribadeo e Vimianzo s\u00famanse este ano \u00e1s localidades de Ames, Arz\u00faa, Carballo, Lugo, Santiago de Compostela e Viveiro como sedes do circu\u00edto de funci\u00f3ns \u2018Itinerario Constelaci\u00f3ns\u2019<br>O FIOT de Carballo \u00e9 o proxecto cultural de Galicia seleccionado para \u2018Vieiros\u2019, a nova li\u00f1a de  programaci\u00f3n que visualizar\u00e1 iniciativas locais nas restantes comunidades participantes no CEN<\/em><\/strong><\/p>\n\n\n\n<figure class=\"wp-block-image size-large\"><img loading=\"lazy\" decoding=\"async\" width=\"1024\" height=\"681\" src=\"https:\/\/escenanorte.com\/wp-content\/uploads\/2023\/09\/MLZ1389-EDIT-1024x681.jpg\" alt=\"\" class=\"wp-image-45884\" srcset=\"https:\/\/escenanorte.com\/wp-content\/uploads\/2023\/09\/MLZ1389-EDIT-1024x681.jpg 1024w, https:\/\/escenanorte.com\/wp-content\/uploads\/2023\/09\/MLZ1389-EDIT-300x200.jpg 300w, https:\/\/escenanorte.com\/wp-content\/uploads\/2023\/09\/MLZ1389-EDIT-768x511.jpg 768w, https:\/\/escenanorte.com\/wp-content\/uploads\/2023\/09\/MLZ1389-EDIT.jpg 1200w\" sizes=\"(max-width: 1024px) 100vw, 1024px\" \/><figcaption>Presentaci\u00f3n Cami\u00f1o Escena Norte 2023 en Compostela. Foto: Miguel Lamas Fotograf\u00eda<\/figcaption><\/figure>\n\n\n\n<p>M\u00e1is escenarios, m\u00e1is funci\u00f3ns, m\u00e1is actividades e m\u00e1is colaboraci\u00f3ns. Cami\u00f1o Escena Norte (CEN) celebra a s\u00faa quinta edici\u00f3n incrementando o intercambio de compa\u00f1\u00edas, profesionais e p\u00fablicos en Galicia, Asturias, Cantabria, Euskadi e Navarra. O lema <strong>Vieiros que confl\u00faen<\/strong> describe unha programaci\u00f3n oficial que se celebrar\u00e1 do 17 de setembro o 22 de outubro, con 15 compa\u00f1\u00edas de teatro, danza e artes do movimiento e novo circo, amosando os seus espect\u00e1culos en perto de 60 sedes que forman parte do Itinerario Constelaci\u00f3ns.<\/p>\n\n\n\n<p>A quinta edici\u00f3n do Cami\u00f1o Escena Norte conta con importantes novidades, como a incorporaci\u00f3n definitiva ao proxecto da Comunidade Foral de Navarra; un aumento sustancial da programaci\u00f3n en todos os territorios, ao pasar de 38 a 57 sedes (no caso galego, pasa de 7 a 11 localidades); a estrea de<br>Vieiros, unha rede de colaboraci\u00f3n con proxectos locais, que en Galicia ser\u00e1 o Festival Internacional Outono de Teatro de Carballo (FIOT); e un programa de conversas e mesas redondas coorganizado e financiado pola asociaci\u00f3n Te Veo de Artes Esc\u00e9nicas para la Infancia y la Juventud.<\/p>\n\n\n\n<p><strong>Itinerario Constelaci\u00f3ns<\/strong><br>Os 15 espect\u00e1culos da quinta edici\u00f3n, tres por territorio, conforman o Itinerario Constelaci\u00f3ns, o programa de exhibici\u00f3n art\u00edstica de corte xeralista na que prevalece a diversidade de linguaxes, est\u00e9ticas e formatos; produci\u00f3ns de teatro, danza e artes do movemento e novo circo tanto para p\u00fablico infantil coma para o adulto. Esta programaci\u00f3n ofrecerase en 55 sedes entre Santiago de Compostela e Sang\u00fcesa, en escenarios hist\u00f3ricos e espazos singulares de Lugo, Xix\u00f3n, Santander, Bilbao, Vitoria-Gasteiz ou Tafalla, entre outras vilas do norte peninsular.<\/p>\n\n\n\n<p>En Galicia, as funci\u00f3ns do Itinerario Constelaci\u00f3ns chegar\u00e1n a un total de 11 localidades, catro m\u00e1is que no 2022. As\u00ed, CEN visitar\u00e1 Ames, Arz\u00faa, Carballo, Lugo, Melide, Mondo\u00f1edo, Portomar\u00edn, Ribadeo, Santiago de Compostela (que acoller\u00e1 a apertura e clausura da programaci\u00f3n), Vimianzo e Viveiro.<\/p>\n\n\n\n<figure class=\"wp-block-image size-large\"><img loading=\"lazy\" decoding=\"async\" width=\"1024\" height=\"682\" src=\"https:\/\/escenanorte.com\/wp-content\/uploads\/2023\/09\/MLZ1430-EDIT-1024x682.jpg\" alt=\"\" class=\"wp-image-45888\" srcset=\"https:\/\/escenanorte.com\/wp-content\/uploads\/2023\/09\/MLZ1430-EDIT-1024x682.jpg 1024w, https:\/\/escenanorte.com\/wp-content\/uploads\/2023\/09\/MLZ1430-EDIT-300x200.jpg 300w, https:\/\/escenanorte.com\/wp-content\/uploads\/2023\/09\/MLZ1430-EDIT-768x511.jpg 768w, https:\/\/escenanorte.com\/wp-content\/uploads\/2023\/09\/MLZ1430-EDIT.jpg 1200w\" sizes=\"(max-width: 1024px) 100vw, 1024px\" \/><figcaption>Xampatito Pato actuou na presentaci\u00f3n. Foto: Miguel Lamas Fotograf\u00eda<\/figcaption><\/figure>\n\n\n\n<p>\u00c1 hora de participar no circu\u00edto de funci\u00f3ns, Galicia seleccionou as compa\u00f1\u00edas Caramuxo Teatro co seu espect\u00e1culo <em>Cris\u00e1lida<\/em>; Rebordelos con <em>Amantis<\/em>, e Xampatito Pato con <em>S\u00f3<\/em>, do que se puido ver un fragmento esta ma\u00f1\u00e1 na presentaci\u00f3n do CEN na Praza do Obradoiro. Pola s\u00faa banda, Asturias<br>intervir\u00e1 no intercambio cultural de CEN con Saltantes Teatro que presentar\u00e1 <em>Misery<\/em>; Luz de Gas con <em>Luna<\/em>, e Proyecto Piloto, que representar\u00e1 <em>La bestia negra<\/em>. A participaci\u00f3n de Cantabria chegar\u00e1 da man de \u00c1brego Teatro con <em>Lear en las catedrales<\/em>; Malabaracirco Producciones Art\u00edsticas con <em>Circus magn\u00edficus<\/em>, e Mari Paula Dance &amp; Performance que presenta<em> Fronterizas<\/em>. Euskadi escolleu os traballos de Aboon Teatre, que participar\u00e1 con <em>Baby esferic<\/em>; C\u00eda. Eva Guerrero con <em>Gorpuztu<\/em>, e Tanttaka Teatroa, que ofrecer\u00e1 <em>Sexpiertos.<\/em> Finalmente, Navarra consolida a s\u00faa presenza en Cami\u00f1o Escena Norte con outras tres propostas art\u00edsticas da man de Inextremis con <em>El rey tuerto<\/em>; Led Silhouette con <em>Los perros<\/em>, e Levelibular co seu <em>Portamundos<\/em>.<\/p>\n\n\n\n<p><strong>Cami\u00f1o Expandido<\/strong><br>O Itinerario Constelaci\u00f3ns convive co programa Cami\u00f1o Expandido, queabrangue toda a actividade f\u00f3ra do circu\u00edto de funci\u00f3ns. O crecemento desta quinta edici\u00f3n do CEN refl\u00edctese, tam\u00e9n, nas actividades desta programaci\u00f3n,ao reforzar os proxectos Cruzamentos e Habitaci\u00f3n Peregrina PRO, afianzar a programaci\u00f3n pedag\u00f3xica ESADS en cami\u00f1o; e celebrar m\u00e1is de 30 obradoiros, coloquios e encontros co p\u00fablico. O Cat\u00e1logo de Espect\u00e1culos Recomendados Cami\u00f1o Escena Norte, a iniciativa Mirando as constelaci\u00f3ns e a nova li\u00f1a Vieiros completar\u00e1n a oferta paralela deste ano.<\/p>\n\n\n\n<p><strong>Cruzamentos<\/strong> \u00e9 un dos piares de Cami\u00f1o Escena Norte. Nesta rede de estancias de intercambio esc\u00e9nico, art\u00edstico e profesional participan artistas de Galicia, Cantabria, Euskadi e, por primeira vez, Navarra. As artistas e compa\u00f1\u00edas seleccionadas, no caso galego, son Marta Alonso Tejada (que abordar\u00e1 coa vasca La Sala os proxectos Shine + Dancin\u2019 Queen) e Paula Quintas C\u00eda. (quen traballar\u00e1 tam\u00e9n coa vasca Node sobre Me arrepiento). Ademais, Os N\u00e1ufragos Teatro achegar\u00e1 a s\u00faa mirada sobre a instalaci\u00f3n- espect\u00e1culo inmersivo Meeting Baby da c\u00e1ntabra Escena Miri\u00f1aque. <\/p>\n\n\n\n<p><strong>Habitaci\u00f3n Peregrina PRO<\/strong> \u00e9 un espazo de convivencia profesional onde as compa\u00f1\u00edas entran en contacto, co\u00f1ecen as s\u00faas li\u00f1as de traballo e propostas est\u00e9ticas, afondan na realidade dos distintos circu\u00edtos de programaci\u00f3n, exploran v\u00edas de coproduci\u00f3n e acceden a propostas de formaci\u00f3n que sexan de interese para o seu desenvolvemento profesional. O encontro ter\u00e1 lugar no Centro Cultural O Vello C\u00e1rcere de Lugo entre o 19 e o 21 de setembro. Nesta quinta edici\u00f3n estr\u00e9ase Vieiros, iniciativa que une CEN cun proxecto cultural de cada comunidade co obxectivo de dar forza e contexto ao CEN e, \u00e1 vez, visualizar e proxectar f\u00f3ra de cada comunidade as distintas programaci\u00f3ns locais. Este 2023 traballarase co Festival Internacional Outono de Teatro de Carballo, o FIOT (Galicia); Danza Xix\u00f3n (Asturias), Mujeres y Cultura (Cantabria); Bideart Zigoitia (Euskadi), e Ribera en Danza (Navarra).<\/p>\n\n\n\n<p>Cami\u00f1o Escena Norte 2023 contar\u00e1 con 36 acci\u00f3ns de acompa\u00f1amento coas compa\u00f1\u00edas participantes, 11 delas (obradoiros e encontros co p\u00fablico arredor dos espect\u00e1culos Cris\u00e1lida, Amantis e Luna) en colaboraci\u00f3n coa asociaci\u00f3n Te Veo e, por primera vez, ofrecer\u00e1 d\u00faas citas espec\u00edficas para o alumnado de dous centros de ensinanza secundaria en Navia (Asturias) e Tafalla (Navarra). Ademais, CEN volver\u00e1 inclu\u00edr no seu programa a proposta ESADS en cami\u00f1o, un proxecto de colaboraci\u00f3n e intercambio educativo e profesional que pon en contacto ao alumnado das escolas superiores ESAD de Galicia e Asturias e a ESADD de Euskadi (Dantzerti) coas compa\u00f1\u00edas do Itinerario Constelaci\u00f3ns.<\/p>\n\n\n\n<p><strong>Organizaci\u00f3n e apoios<\/strong><\/p>\n\n\n\n<p>CEN \u00e9 unha iniciativa promovida polas asociaci\u00f3ns profesionais de produtoras de artes esc\u00e9nicas Escena Galega (Galicia), EscenAsturias (Asturias), ACEPAE (Cantabria), Eskena (Euskadi) e ESNA (Navarra), que se incorpora este ano. Todas elas \u00fanense na supraentidade Camino Escena Norte Agrupaci\u00f3n de Inter\u00e9s Econ\u00f3mico, creada especificamente para o desenvolvemento, xesti\u00f3n e produci\u00f3n deste proxecto, que toma a ruta hist\u00f3rica dos Cami\u00f1os de Santiago como referencia para ofrecer unha intensa programaci\u00f3n esc\u00e9nica.<\/p>\n\n\n\n<p>CEN conta co apoio econ\u00f3mico de gobernos e instituci\u00f3ns das cinco comunidades implicadas: Xunta de Galicia, a trav\u00e9s da Axencia Galega das Industrias Culturais (Agadic); Goberno do Principado de Asturias; Goberno de Cantabria; Goberno Vasco; Deputaci\u00f3n Foral de Araba, Deputaci\u00f3n Foral de Bizkaia; Deputaci\u00f3n Foral de Gipuzkoa; Goberno de Navarra e Goberno de Espa\u00f1a a trav\u00e9s do Instituto Nacional de las Artes Esc\u00e9nicas y la M\u00fasica (INAEM) e o Ministerio de Cultura e Deporte. Colaboran tam\u00e9n a Deputaci\u00f3n Provincial da Coru\u00f1a, a Deputaci\u00f3n Provincial de Lugo e o Concello de Lugo.<\/p>\n\n\n\n<p>Vegalsa-Eroski mantense como patrocinador oficial do CEN, que conta nesta edici\u00f3n coa colaboraci\u00f3n especial da marca lucense Caf\u00e9s Candelas e da asociaci\u00f3n Te Veo de Artes Esc\u00e9nicas para la Infancia y la Juventud.<\/p>\n\n\n\n<p><strong>Programaci\u00f3n CEN Galicia 2023<\/strong><\/p>\n\n\n\n<p>17.09 | Santiago de Compostela: Gorpuztu, de C\u00eda. Eva Guerrero (Euskadi).<\/p>\n\n\n\n<p>19.09 &#8211; 21.09 | Lugo: Habitaci\u00f3n Peregrina Pro.<\/p>\n\n\n\n<p>24.09 | Arz\u00faa: Luna, de Luz de Gas Teatro (Asturias).<\/p>\n\n\n\n<p>24.09 | Mondo\u00f1edo: Portamundos, de C\u00eda. Levelibular (Navarra).<\/p>\n\n\n\n<p>30.09 | Melide: Lear en las catedrales, de \u00c1brego Teatro (Cantabria).<\/p>\n\n\n\n<p>01.10 | Ribadeo: Lear en las catedrales, de \u00c1brego Teatro (Cantabria).<\/p>\n\n\n\n<p>06.10 | Ames: Baby Esferic, de Aboon Teatro (Euskadi).<\/p>\n\n\n\n<p>13.10 | Viveiro: Sexpiertos, de Tanttaka Teatroa (Euskadi).<\/p>\n\n\n\n<p>14.10 | Carballo (FIOT): Sexpiertos, de Tanttaka Teatroa (Euskadi).<\/p>\n\n\n\n<p>14.10 | Vimianzo: Misery, de Saltantes Teatro (Asturias).<\/p>\n\n\n\n<p>15.10 | Portomar\u00edn: Malabaracirco, de Circus Magn\u00edficus (Cantabria).<\/p>\n\n\n\n<p>20.10 | Lugo: La bestia negra, de Proyecto Piloto (Asturias).<\/p>\n\n\n\n<p>22.10 | Santiago de Compostela: Fronterizas, de Mari Paula Dance &amp; Performance<\/p>\n\n\n\n<p>(Cantabria).<\/p>\n","protected":false},"excerpt":{"rendered":"<p>O proxecto de intercambio cultural, que conta co apoio da Xunta de Galicia a trav\u00e9s da Agadic, celebrar\u00e1 o seu programa oficial do 17 de setembro ao 22 de outubro [&hellip;]<\/p>\n","protected":false},"author":5,"featured_media":45884,"comment_status":"closed","ping_status":"open","sticky":false,"template":"","format":"standard","meta":{"footnotes":""},"categories":[4],"tags":[],"class_list":["post-45850","post","type-post","status-publish","format-standard","has-post-thumbnail","hentry","category-novas"],"yoast_head":"<!-- This site is optimized with the Yoast SEO plugin v27.2 - https:\/\/yoast.com\/product\/yoast-seo-wordpress\/ -->\n<title>Cami\u00f1o Escena Norte exp\u00e1ndese na s\u00faa quinta edici\u00f3n e levar\u00e1 as artes esc\u00e9nicas a once localidades galegas - Camino Escena Norte<\/title>\n<meta name=\"robots\" content=\"index, follow, max-snippet:-1, max-image-preview:large, max-video-preview:-1\" \/>\n<link rel=\"canonical\" href=\"https:\/\/escenanorte.com\/gl\/camino-escena-norte-expandese-na-sua-quinta-edicion-e-levara-as-artes-escenicas-a-once-localidades-galegas\/\" \/>\n<meta property=\"og:locale\" content=\"gl_ES\" \/>\n<meta property=\"og:type\" content=\"article\" \/>\n<meta property=\"og:title\" content=\"Cami\u00f1o Escena Norte exp\u00e1ndese na s\u00faa quinta edici\u00f3n e levar\u00e1 as artes esc\u00e9nicas a once localidades galegas - Camino Escena Norte\" \/>\n<meta property=\"og:description\" content=\"O proxecto de intercambio cultural, que conta co apoio da Xunta de Galicia a trav\u00e9s da Agadic, celebrar\u00e1 o seu programa oficial do 17 de setembro ao 22 de outubro [&hellip;]\" \/>\n<meta property=\"og:url\" content=\"https:\/\/escenanorte.com\/gl\/camino-escena-norte-expandese-na-sua-quinta-edicion-e-levara-as-artes-escenicas-a-once-localidades-galegas\/\" \/>\n<meta property=\"og:site_name\" content=\"Camino Escena Norte\" \/>\n<meta property=\"article:publisher\" content=\"https:\/\/www.facebook.com\/escenanorte\" \/>\n<meta property=\"article:published_time\" content=\"2023-09-06T11:41:30+00:00\" \/>\n<meta property=\"article:modified_time\" content=\"2023-09-06T14:06:52+00:00\" \/>\n<meta property=\"og:image\" content=\"https:\/\/escenanorte.com\/wp-content\/uploads\/2023\/09\/MLZ1389-EDIT.jpg\" \/>\n\t<meta property=\"og:image:width\" content=\"1200\" \/>\n\t<meta property=\"og:image:height\" content=\"798\" \/>\n\t<meta property=\"og:image:type\" content=\"image\/jpeg\" \/>\n<meta name=\"author\" content=\"Noelia\" \/>\n<meta name=\"twitter:card\" content=\"summary_large_image\" \/>\n<meta name=\"twitter:label1\" content=\"Escrito por\" \/>\n\t<meta name=\"twitter:data1\" content=\"Noelia\" \/>\n\t<meta name=\"twitter:label2\" content=\"Tempo de lectura\" \/>\n\t<meta name=\"twitter:data2\" content=\"7 minutos\" \/>\n<script type=\"application\/ld+json\" class=\"yoast-schema-graph\">{\"@context\":\"https:\/\/schema.org\",\"@graph\":[{\"@type\":\"Article\",\"@id\":\"https:\/\/escenanorte.com\/gl\/camino-escena-norte-expandese-na-sua-quinta-edicion-e-levara-as-artes-escenicas-a-once-localidades-galegas\/#article\",\"isPartOf\":{\"@id\":\"https:\/\/escenanorte.com\/gl\/camino-escena-norte-expandese-na-sua-quinta-edicion-e-levara-as-artes-escenicas-a-once-localidades-galegas\/\"},\"author\":{\"name\":\"Noelia\",\"@id\":\"https:\/\/escenanorte.com\/gl\/#\/schema\/person\/e710b5aa0c486f243b4d527a4259c37c\"},\"headline\":\"Cami\u00f1o Escena Norte exp\u00e1ndese na s\u00faa quinta edici\u00f3n e levar\u00e1 as artes esc\u00e9nicas a once localidades galegas\",\"datePublished\":\"2023-09-06T11:41:30+00:00\",\"dateModified\":\"2023-09-06T14:06:52+00:00\",\"mainEntityOfPage\":{\"@id\":\"https:\/\/escenanorte.com\/gl\/camino-escena-norte-expandese-na-sua-quinta-edicion-e-levara-as-artes-escenicas-a-once-localidades-galegas\/\"},\"wordCount\":1454,\"image\":{\"@id\":\"https:\/\/escenanorte.com\/gl\/camino-escena-norte-expandese-na-sua-quinta-edicion-e-levara-as-artes-escenicas-a-once-localidades-galegas\/#primaryimage\"},\"thumbnailUrl\":\"https:\/\/escenanorte.com\/wp-content\/uploads\/2023\/09\/MLZ1389-EDIT.jpg\",\"articleSection\":[\"Novas\"],\"inLanguage\":\"gl-ES\"},{\"@type\":\"WebPage\",\"@id\":\"https:\/\/escenanorte.com\/gl\/camino-escena-norte-expandese-na-sua-quinta-edicion-e-levara-as-artes-escenicas-a-once-localidades-galegas\/\",\"url\":\"https:\/\/escenanorte.com\/gl\/camino-escena-norte-expandese-na-sua-quinta-edicion-e-levara-as-artes-escenicas-a-once-localidades-galegas\/\",\"name\":\"Cami\u00f1o Escena Norte exp\u00e1ndese na s\u00faa quinta edici\u00f3n e levar\u00e1 as artes esc\u00e9nicas a once localidades galegas - Camino Escena Norte\",\"isPartOf\":{\"@id\":\"https:\/\/escenanorte.com\/gl\/#website\"},\"primaryImageOfPage\":{\"@id\":\"https:\/\/escenanorte.com\/gl\/camino-escena-norte-expandese-na-sua-quinta-edicion-e-levara-as-artes-escenicas-a-once-localidades-galegas\/#primaryimage\"},\"image\":{\"@id\":\"https:\/\/escenanorte.com\/gl\/camino-escena-norte-expandese-na-sua-quinta-edicion-e-levara-as-artes-escenicas-a-once-localidades-galegas\/#primaryimage\"},\"thumbnailUrl\":\"https:\/\/escenanorte.com\/wp-content\/uploads\/2023\/09\/MLZ1389-EDIT.jpg\",\"datePublished\":\"2023-09-06T11:41:30+00:00\",\"dateModified\":\"2023-09-06T14:06:52+00:00\",\"author\":{\"@id\":\"https:\/\/escenanorte.com\/gl\/#\/schema\/person\/e710b5aa0c486f243b4d527a4259c37c\"},\"breadcrumb\":{\"@id\":\"https:\/\/escenanorte.com\/gl\/camino-escena-norte-expandese-na-sua-quinta-edicion-e-levara-as-artes-escenicas-a-once-localidades-galegas\/#breadcrumb\"},\"inLanguage\":\"gl-ES\",\"potentialAction\":[{\"@type\":\"ReadAction\",\"target\":[\"https:\/\/escenanorte.com\/gl\/camino-escena-norte-expandese-na-sua-quinta-edicion-e-levara-as-artes-escenicas-a-once-localidades-galegas\/\"]}]},{\"@type\":\"ImageObject\",\"inLanguage\":\"gl-ES\",\"@id\":\"https:\/\/escenanorte.com\/gl\/camino-escena-norte-expandese-na-sua-quinta-edicion-e-levara-as-artes-escenicas-a-once-localidades-galegas\/#primaryimage\",\"url\":\"https:\/\/escenanorte.com\/wp-content\/uploads\/2023\/09\/MLZ1389-EDIT.jpg\",\"contentUrl\":\"https:\/\/escenanorte.com\/wp-content\/uploads\/2023\/09\/MLZ1389-EDIT.jpg\",\"width\":1200,\"height\":798},{\"@type\":\"BreadcrumbList\",\"@id\":\"https:\/\/escenanorte.com\/gl\/camino-escena-norte-expandese-na-sua-quinta-edicion-e-levara-as-artes-escenicas-a-once-localidades-galegas\/#breadcrumb\",\"itemListElement\":[{\"@type\":\"ListItem\",\"position\":1,\"name\":\"Portada\",\"item\":\"https:\/\/escenanorte.com\/gl\/\"},{\"@type\":\"ListItem\",\"position\":2,\"name\":\"Cami\u00f1o Escena Norte exp\u00e1ndese na s\u00faa quinta edici\u00f3n e levar\u00e1 as artes esc\u00e9nicas a once localidades galegas\"}]},{\"@type\":\"WebSite\",\"@id\":\"https:\/\/escenanorte.com\/gl\/#website\",\"url\":\"https:\/\/escenanorte.com\/gl\/\",\"name\":\"Camino Escena Norte\",\"description\":\"Escena Norte\",\"potentialAction\":[{\"@type\":\"SearchAction\",\"target\":{\"@type\":\"EntryPoint\",\"urlTemplate\":\"https:\/\/escenanorte.com\/gl\/?s={search_term_string}\"},\"query-input\":{\"@type\":\"PropertyValueSpecification\",\"valueRequired\":true,\"valueName\":\"search_term_string\"}}],\"inLanguage\":\"gl-ES\"},{\"@type\":\"Person\",\"@id\":\"https:\/\/escenanorte.com\/gl\/#\/schema\/person\/e710b5aa0c486f243b4d527a4259c37c\",\"name\":\"Noelia\",\"image\":{\"@type\":\"ImageObject\",\"inLanguage\":\"gl-ES\",\"@id\":\"https:\/\/secure.gravatar.com\/avatar\/d590b317b870f28020001606673cfd05bb4d34b9ede2d6a843ea8073c8ac9352?s=96&d=blank&r=g\",\"url\":\"https:\/\/secure.gravatar.com\/avatar\/d590b317b870f28020001606673cfd05bb4d34b9ede2d6a843ea8073c8ac9352?s=96&d=blank&r=g\",\"contentUrl\":\"https:\/\/secure.gravatar.com\/avatar\/d590b317b870f28020001606673cfd05bb4d34b9ede2d6a843ea8073c8ac9352?s=96&d=blank&r=g\",\"caption\":\"Noelia\"},\"url\":\"https:\/\/escenanorte.com\/gl\/author\/noelia\/\"}]}<\/script>\n<!-- \/ Yoast SEO plugin. -->","yoast_head_json":{"title":"Cami\u00f1o Escena Norte exp\u00e1ndese na s\u00faa quinta edici\u00f3n e levar\u00e1 as artes esc\u00e9nicas a once localidades galegas - Camino Escena Norte","robots":{"index":"index","follow":"follow","max-snippet":"max-snippet:-1","max-image-preview":"max-image-preview:large","max-video-preview":"max-video-preview:-1"},"canonical":"https:\/\/escenanorte.com\/gl\/camino-escena-norte-expandese-na-sua-quinta-edicion-e-levara-as-artes-escenicas-a-once-localidades-galegas\/","og_locale":"gl_ES","og_type":"article","og_title":"Cami\u00f1o Escena Norte exp\u00e1ndese na s\u00faa quinta edici\u00f3n e levar\u00e1 as artes esc\u00e9nicas a once localidades galegas - Camino Escena Norte","og_description":"O proxecto de intercambio cultural, que conta co apoio da Xunta de Galicia a trav\u00e9s da Agadic, celebrar\u00e1 o seu programa oficial do 17 de setembro ao 22 de outubro [&hellip;]","og_url":"https:\/\/escenanorte.com\/gl\/camino-escena-norte-expandese-na-sua-quinta-edicion-e-levara-as-artes-escenicas-a-once-localidades-galegas\/","og_site_name":"Camino Escena Norte","article_publisher":"https:\/\/www.facebook.com\/escenanorte","article_published_time":"2023-09-06T11:41:30+00:00","article_modified_time":"2023-09-06T14:06:52+00:00","og_image":[{"width":1200,"height":798,"url":"https:\/\/escenanorte.com\/wp-content\/uploads\/2023\/09\/MLZ1389-EDIT.jpg","type":"image\/jpeg"}],"author":"Noelia","twitter_card":"summary_large_image","twitter_misc":{"Escrito por":"Noelia","Tempo de lectura":"7 minutos"},"schema":{"@context":"https:\/\/schema.org","@graph":[{"@type":"Article","@id":"https:\/\/escenanorte.com\/gl\/camino-escena-norte-expandese-na-sua-quinta-edicion-e-levara-as-artes-escenicas-a-once-localidades-galegas\/#article","isPartOf":{"@id":"https:\/\/escenanorte.com\/gl\/camino-escena-norte-expandese-na-sua-quinta-edicion-e-levara-as-artes-escenicas-a-once-localidades-galegas\/"},"author":{"name":"Noelia","@id":"https:\/\/escenanorte.com\/gl\/#\/schema\/person\/e710b5aa0c486f243b4d527a4259c37c"},"headline":"Cami\u00f1o Escena Norte exp\u00e1ndese na s\u00faa quinta edici\u00f3n e levar\u00e1 as artes esc\u00e9nicas a once localidades galegas","datePublished":"2023-09-06T11:41:30+00:00","dateModified":"2023-09-06T14:06:52+00:00","mainEntityOfPage":{"@id":"https:\/\/escenanorte.com\/gl\/camino-escena-norte-expandese-na-sua-quinta-edicion-e-levara-as-artes-escenicas-a-once-localidades-galegas\/"},"wordCount":1454,"image":{"@id":"https:\/\/escenanorte.com\/gl\/camino-escena-norte-expandese-na-sua-quinta-edicion-e-levara-as-artes-escenicas-a-once-localidades-galegas\/#primaryimage"},"thumbnailUrl":"https:\/\/escenanorte.com\/wp-content\/uploads\/2023\/09\/MLZ1389-EDIT.jpg","articleSection":["Novas"],"inLanguage":"gl-ES"},{"@type":"WebPage","@id":"https:\/\/escenanorte.com\/gl\/camino-escena-norte-expandese-na-sua-quinta-edicion-e-levara-as-artes-escenicas-a-once-localidades-galegas\/","url":"https:\/\/escenanorte.com\/gl\/camino-escena-norte-expandese-na-sua-quinta-edicion-e-levara-as-artes-escenicas-a-once-localidades-galegas\/","name":"Cami\u00f1o Escena Norte exp\u00e1ndese na s\u00faa quinta edici\u00f3n e levar\u00e1 as artes esc\u00e9nicas a once localidades galegas - Camino Escena Norte","isPartOf":{"@id":"https:\/\/escenanorte.com\/gl\/#website"},"primaryImageOfPage":{"@id":"https:\/\/escenanorte.com\/gl\/camino-escena-norte-expandese-na-sua-quinta-edicion-e-levara-as-artes-escenicas-a-once-localidades-galegas\/#primaryimage"},"image":{"@id":"https:\/\/escenanorte.com\/gl\/camino-escena-norte-expandese-na-sua-quinta-edicion-e-levara-as-artes-escenicas-a-once-localidades-galegas\/#primaryimage"},"thumbnailUrl":"https:\/\/escenanorte.com\/wp-content\/uploads\/2023\/09\/MLZ1389-EDIT.jpg","datePublished":"2023-09-06T11:41:30+00:00","dateModified":"2023-09-06T14:06:52+00:00","author":{"@id":"https:\/\/escenanorte.com\/gl\/#\/schema\/person\/e710b5aa0c486f243b4d527a4259c37c"},"breadcrumb":{"@id":"https:\/\/escenanorte.com\/gl\/camino-escena-norte-expandese-na-sua-quinta-edicion-e-levara-as-artes-escenicas-a-once-localidades-galegas\/#breadcrumb"},"inLanguage":"gl-ES","potentialAction":[{"@type":"ReadAction","target":["https:\/\/escenanorte.com\/gl\/camino-escena-norte-expandese-na-sua-quinta-edicion-e-levara-as-artes-escenicas-a-once-localidades-galegas\/"]}]},{"@type":"ImageObject","inLanguage":"gl-ES","@id":"https:\/\/escenanorte.com\/gl\/camino-escena-norte-expandese-na-sua-quinta-edicion-e-levara-as-artes-escenicas-a-once-localidades-galegas\/#primaryimage","url":"https:\/\/escenanorte.com\/wp-content\/uploads\/2023\/09\/MLZ1389-EDIT.jpg","contentUrl":"https:\/\/escenanorte.com\/wp-content\/uploads\/2023\/09\/MLZ1389-EDIT.jpg","width":1200,"height":798},{"@type":"BreadcrumbList","@id":"https:\/\/escenanorte.com\/gl\/camino-escena-norte-expandese-na-sua-quinta-edicion-e-levara-as-artes-escenicas-a-once-localidades-galegas\/#breadcrumb","itemListElement":[{"@type":"ListItem","position":1,"name":"Portada","item":"https:\/\/escenanorte.com\/gl\/"},{"@type":"ListItem","position":2,"name":"Cami\u00f1o Escena Norte exp\u00e1ndese na s\u00faa quinta edici\u00f3n e levar\u00e1 as artes esc\u00e9nicas a once localidades galegas"}]},{"@type":"WebSite","@id":"https:\/\/escenanorte.com\/gl\/#website","url":"https:\/\/escenanorte.com\/gl\/","name":"Camino Escena Norte","description":"Escena Norte","potentialAction":[{"@type":"SearchAction","target":{"@type":"EntryPoint","urlTemplate":"https:\/\/escenanorte.com\/gl\/?s={search_term_string}"},"query-input":{"@type":"PropertyValueSpecification","valueRequired":true,"valueName":"search_term_string"}}],"inLanguage":"gl-ES"},{"@type":"Person","@id":"https:\/\/escenanorte.com\/gl\/#\/schema\/person\/e710b5aa0c486f243b4d527a4259c37c","name":"Noelia","image":{"@type":"ImageObject","inLanguage":"gl-ES","@id":"https:\/\/secure.gravatar.com\/avatar\/d590b317b870f28020001606673cfd05bb4d34b9ede2d6a843ea8073c8ac9352?s=96&d=blank&r=g","url":"https:\/\/secure.gravatar.com\/avatar\/d590b317b870f28020001606673cfd05bb4d34b9ede2d6a843ea8073c8ac9352?s=96&d=blank&r=g","contentUrl":"https:\/\/secure.gravatar.com\/avatar\/d590b317b870f28020001606673cfd05bb4d34b9ede2d6a843ea8073c8ac9352?s=96&d=blank&r=g","caption":"Noelia"},"url":"https:\/\/escenanorte.com\/gl\/author\/noelia\/"}]}},"publishpress_future_action":{"enabled":false,"date":"2026-05-06 21:02:46","action":"change-status","newStatus":"draft","terms":[],"taxonomy":"category","extraData":[]},"publishpress_future_workflow_manual_trigger":{"enabledWorkflows":[]},"_links":{"self":[{"href":"https:\/\/escenanorte.com\/gl\/wp-json\/wp\/v2\/posts\/45850","targetHints":{"allow":["GET"]}}],"collection":[{"href":"https:\/\/escenanorte.com\/gl\/wp-json\/wp\/v2\/posts"}],"about":[{"href":"https:\/\/escenanorte.com\/gl\/wp-json\/wp\/v2\/types\/post"}],"author":[{"embeddable":true,"href":"https:\/\/escenanorte.com\/gl\/wp-json\/wp\/v2\/users\/5"}],"replies":[{"embeddable":true,"href":"https:\/\/escenanorte.com\/gl\/wp-json\/wp\/v2\/comments?post=45850"}],"version-history":[{"count":5,"href":"https:\/\/escenanorte.com\/gl\/wp-json\/wp\/v2\/posts\/45850\/revisions"}],"predecessor-version":[{"id":45911,"href":"https:\/\/escenanorte.com\/gl\/wp-json\/wp\/v2\/posts\/45850\/revisions\/45911"}],"wp:featuredmedia":[{"embeddable":true,"href":"https:\/\/escenanorte.com\/gl\/wp-json\/wp\/v2\/media\/45884"}],"wp:attachment":[{"href":"https:\/\/escenanorte.com\/gl\/wp-json\/wp\/v2\/media?parent=45850"}],"wp:term":[{"taxonomy":"category","embeddable":true,"href":"https:\/\/escenanorte.com\/gl\/wp-json\/wp\/v2\/categories?post=45850"},{"taxonomy":"post_tag","embeddable":true,"href":"https:\/\/escenanorte.com\/gl\/wp-json\/wp\/v2\/tags?post=45850"}],"curies":[{"name":"wp","href":"https:\/\/api.w.org\/{rel}","templated":true}]}}