{"id":31843,"date":"2023-02-06T11:18:00","date_gmt":"2023-02-06T10:18:00","guid":{"rendered":"https:\/\/escenanorte.com\/camino-escena-norte-abre-el-plazo-de-inscripcion-de-espectaculos-para-su-itinerario-constelaciones\/"},"modified":"2023-04-10T16:19:17","modified_gmt":"2023-04-10T14:19:17","slug":"camino-escena-norte-abre-el-plazo-de-inscripcion-de-espectaculos-para-su-itinerario-constelaciones","status":"publish","type":"post","link":"https:\/\/escenanorte.com\/gl\/camino-escena-norte-abre-el-plazo-de-inscripcion-de-espectaculos-para-su-itinerario-constelaciones\/","title":{"rendered":"Camino Escena Norte abre el plazo de inscripci\u00f3n de espect\u00e1culos para su Itinerario Constelaciones"},"content":{"rendered":"\n<p><strong><em>La quinta edici\u00f3n se celebrar\u00e1 del 17 de septiembre al 22 de octubre e incorpora a Navarra como quinto territorio del proyecto<\/em><\/strong><\/p>\n\n\n\n<p><strong><em>CEN editar\u00e1 por primera vez el Cat\u00e1logo de Espect\u00e1culos Recomendados Camino Escena Norte para promocionarlos tanto en las cinco comunidades participantes y como en el resto del Estado<\/em><\/strong><\/p>\n\n\n\n<figure class=\"wp-block-image size-large\"><img loading=\"lazy\" decoding=\"async\" width=\"1024\" height=\"683\" src=\"https:\/\/escenanorte.com\/wp-content\/uploads\/2023\/04\/aigiboga.com-8078-2-1024x683.jpg\" alt=\"\" class=\"wp-image-31824\" srcset=\"https:\/\/escenanorte.com\/wp-content\/uploads\/2023\/04\/aigiboga.com-8078-2-1024x683.jpg 1024w, https:\/\/escenanorte.com\/wp-content\/uploads\/2023\/04\/aigiboga.com-8078-2-300x200.jpg 300w, https:\/\/escenanorte.com\/wp-content\/uploads\/2023\/04\/aigiboga.com-8078-2-768x512.jpg 768w, https:\/\/escenanorte.com\/wp-content\/uploads\/2023\/04\/aigiboga.com-8078-2-1536x1024.jpg 1536w, https:\/\/escenanorte.com\/wp-content\/uploads\/2023\/04\/aigiboga.com-8078-2-scaled.jpg 1280w\" sizes=\"(max-width: 1024px) 100vw, 1024px\" \/><figcaption>Espect\u00e1culo &#8220;Kimera&#8221; de La Banda Teatro Circo en Camino Escena Norte 2022. Foto: Aigi Boga<\/figcaption><\/figure>\n\n\n\n<p>Camino Escena Norte abre ma\u00f1ana, 6 de febrero, el <strong>plazo de inscripci\u00f3n de espect\u00e1culos<\/strong> para girar en el Itinerario Constelaciones de su quinta edici\u00f3n, que se celebrar\u00e1 del <strong>17 de septiembre al 22 de octubre<\/strong>. Las compa\u00f1\u00edas interesadas tienen de plazo hasta el 16 de febrero para presentar sus candidaturas. Aquellas que finalmente resulten seleccionadas formar\u00e1n parte de la nueva programaci\u00f3n con varias funciones en las comunidades que forman parte del proyecto. Toda la informaci\u00f3n y la ficha de inscripci\u00f3n est\u00e1 en <a href=\"http:\/\/www.escenanorte.com\">www.escenanorte.com<\/a>.<\/p>\n\n\n\n<p>Una de las novedades de esta edici\u00f3n ser\u00e1 el <strong>Cat\u00e1logo de Espect\u00e1culos Recomendados Camino Escena Norte<\/strong>, una selecci\u00f3n de 30 producciones realizada por las comisiones profesionales de CEN que llevar\u00e1n el <strong>sello Espect\u00e1culo Recomendado Camino Escena Norte. <\/strong>Esta marca de calidad servir\u00e1 de promoci\u00f3n y apoyo a la distribuci\u00f3n de los mismos fuera del \u00e1mbito del proyecto. Este cat\u00e1logo se editar\u00e1 en formato digital y se enviar\u00e1 a los y las profesionales de la programaci\u00f3n de las comunidades del proyecto, as\u00ed como a una selecci\u00f3n de profesionales del resto del Estado. La programaci\u00f3n del Itinerario Constelaciones de 2023 saldr\u00e1 de los espect\u00e1culos incluidos en el cat\u00e1logo.<\/p>\n\n\n\n<p>Tras ser territorio invitado en la edici\u00f3n de 2022, <strong>Navarra se une definitivamente a Camino Escena Norte <\/strong>como quinta comunidad del proyecto, gracias a un importante refuerzo de la financiaci\u00f3n aportada por el Gobierno navarro, que permitir\u00e1 programar en m\u00e1s espacios de la comunidad foral, adem\u00e1s de aumentar las funciones de las compa\u00f1\u00edas navarras en el resto de comunidades. Adem\u00e1s, los artistas navarros podr\u00e1n tomar parte de todas las actividades del proyecto.<\/p>\n\n\n\n<p><a><\/a>Desde su inicio, en 2019, CEN ha llevado el teatro, la danza y el nuevo circo a escenarios alejados de los circuitos habituales, ofreciendo la oportunidad de acceder a la cultura a p\u00fablicos de municipios y localidades sin acceso a este tipo de espect\u00e1culos. Tambi\u00e9n ha facilitado a las compa\u00f1\u00edas seleccionadas en cada edici\u00f3n el acceso a nuevos espacios y escenarios en los que desarrollar su creatividad.<\/p>\n\n\n\n<p>CEN es una iniciativa promovida por las propias asociaciones profesionales de productoras de artes esc\u00e9nicas<strong> Escena Galega (Galicia), EscenAsturias (Asturias), ACEPAE (Cantabria) y Eskena (Pa\u00eds Vasco). <\/strong>Todas ellas, unidas en la supraentidad Camino Escena Norte Agrupaci\u00f3n de Inter\u00e9s Econ\u00f3mico, creada espec\u00edficamente para el desarrollo, gesti\u00f3n y producci\u00f3n de este proyecto.<\/p>\n","protected":false},"excerpt":{"rendered":"<p>La quinta edici\u00f3n se celebrar\u00e1 del 17 de septiembre al 22 de octubre e incorpora a Navarra como quinto territorio del proyecto CEN editar\u00e1 por primera vez el Cat\u00e1logo de [&hellip;]<\/p>\n","protected":false},"author":5,"featured_media":31823,"comment_status":"closed","ping_status":"open","sticky":false,"template":"","format":"standard","meta":{"footnotes":""},"categories":[4],"tags":[],"class_list":["post-31843","post","type-post","status-publish","format-standard","has-post-thumbnail","hentry","category-novas"],"yoast_head":"<!-- This site is optimized with the Yoast SEO plugin v27.2 - https:\/\/yoast.com\/product\/yoast-seo-wordpress\/ -->\n<title>Camino Escena Norte abre el plazo de inscripci\u00f3n de espect\u00e1culos para su Itinerario Constelaciones - Camino Escena Norte<\/title>\n<meta name=\"robots\" content=\"index, follow, max-snippet:-1, max-image-preview:large, max-video-preview:-1\" \/>\n<link rel=\"canonical\" href=\"https:\/\/escenanorte.com\/gl\/camino-escena-norte-abre-el-plazo-de-inscripcion-de-espectaculos-para-su-itinerario-constelaciones\/\" \/>\n<meta property=\"og:locale\" content=\"gl_ES\" \/>\n<meta property=\"og:type\" content=\"article\" \/>\n<meta property=\"og:title\" content=\"Camino Escena Norte abre el plazo de inscripci\u00f3n de espect\u00e1culos para su Itinerario Constelaciones - Camino Escena Norte\" \/>\n<meta property=\"og:description\" content=\"La quinta edici\u00f3n se celebrar\u00e1 del 17 de septiembre al 22 de octubre e incorpora a Navarra como quinto territorio del proyecto CEN editar\u00e1 por primera vez el Cat\u00e1logo de [&hellip;]\" \/>\n<meta property=\"og:url\" content=\"https:\/\/escenanorte.com\/gl\/camino-escena-norte-abre-el-plazo-de-inscripcion-de-espectaculos-para-su-itinerario-constelaciones\/\" \/>\n<meta property=\"og:site_name\" content=\"Camino Escena Norte\" \/>\n<meta property=\"article:publisher\" content=\"https:\/\/www.facebook.com\/escenanorte\" \/>\n<meta property=\"article:published_time\" content=\"2023-02-06T10:18:00+00:00\" \/>\n<meta property=\"article:modified_time\" content=\"2023-04-10T14:19:17+00:00\" \/>\n<meta property=\"og:image\" content=\"https:\/\/escenanorte.com\/wp-content\/uploads\/2023\/04\/aigiboga.com-8078-1-scaled.jpg\" \/>\n\t<meta property=\"og:image:width\" content=\"1280\" \/>\n\t<meta property=\"og:image:height\" content=\"854\" \/>\n\t<meta property=\"og:image:type\" content=\"image\/jpeg\" \/>\n<meta name=\"author\" content=\"Noelia\" \/>\n<meta name=\"twitter:card\" content=\"summary_large_image\" \/>\n<meta name=\"twitter:label1\" content=\"Escrito por\" \/>\n\t<meta name=\"twitter:data1\" content=\"Noelia\" \/>\n\t<meta name=\"twitter:label2\" content=\"Tempo de lectura\" \/>\n\t<meta name=\"twitter:data2\" content=\"2 minutos\" \/>\n<script type=\"application\/ld+json\" class=\"yoast-schema-graph\">{\"@context\":\"https:\/\/schema.org\",\"@graph\":[{\"@type\":\"Article\",\"@id\":\"https:\/\/escenanorte.com\/gl\/camino-escena-norte-abre-el-plazo-de-inscripcion-de-espectaculos-para-su-itinerario-constelaciones\/#article\",\"isPartOf\":{\"@id\":\"https:\/\/escenanorte.com\/gl\/camino-escena-norte-abre-el-plazo-de-inscripcion-de-espectaculos-para-su-itinerario-constelaciones\/\"},\"author\":{\"name\":\"Noelia\",\"@id\":\"https:\/\/escenanorte.com\/gl\/#\/schema\/person\/e710b5aa0c486f243b4d527a4259c37c\"},\"headline\":\"Camino Escena Norte abre el plazo de inscripci\u00f3n de espect\u00e1culos para su Itinerario Constelaciones\",\"datePublished\":\"2023-02-06T10:18:00+00:00\",\"dateModified\":\"2023-04-10T14:19:17+00:00\",\"mainEntityOfPage\":{\"@id\":\"https:\/\/escenanorte.com\/gl\/camino-escena-norte-abre-el-plazo-de-inscripcion-de-espectaculos-para-su-itinerario-constelaciones\/\"},\"wordCount\":497,\"image\":{\"@id\":\"https:\/\/escenanorte.com\/gl\/camino-escena-norte-abre-el-plazo-de-inscripcion-de-espectaculos-para-su-itinerario-constelaciones\/#primaryimage\"},\"thumbnailUrl\":\"https:\/\/escenanorte.com\/wp-content\/uploads\/2023\/04\/aigiboga.com-8078-1-scaled.jpg\",\"articleSection\":[\"Novas\"],\"inLanguage\":\"gl-ES\"},{\"@type\":\"WebPage\",\"@id\":\"https:\/\/escenanorte.com\/gl\/camino-escena-norte-abre-el-plazo-de-inscripcion-de-espectaculos-para-su-itinerario-constelaciones\/\",\"url\":\"https:\/\/escenanorte.com\/gl\/camino-escena-norte-abre-el-plazo-de-inscripcion-de-espectaculos-para-su-itinerario-constelaciones\/\",\"name\":\"Camino Escena Norte abre el plazo de inscripci\u00f3n de espect\u00e1culos para su Itinerario Constelaciones - Camino Escena Norte\",\"isPartOf\":{\"@id\":\"https:\/\/escenanorte.com\/gl\/#website\"},\"primaryImageOfPage\":{\"@id\":\"https:\/\/escenanorte.com\/gl\/camino-escena-norte-abre-el-plazo-de-inscripcion-de-espectaculos-para-su-itinerario-constelaciones\/#primaryimage\"},\"image\":{\"@id\":\"https:\/\/escenanorte.com\/gl\/camino-escena-norte-abre-el-plazo-de-inscripcion-de-espectaculos-para-su-itinerario-constelaciones\/#primaryimage\"},\"thumbnailUrl\":\"https:\/\/escenanorte.com\/wp-content\/uploads\/2023\/04\/aigiboga.com-8078-1-scaled.jpg\",\"datePublished\":\"2023-02-06T10:18:00+00:00\",\"dateModified\":\"2023-04-10T14:19:17+00:00\",\"author\":{\"@id\":\"https:\/\/escenanorte.com\/gl\/#\/schema\/person\/e710b5aa0c486f243b4d527a4259c37c\"},\"breadcrumb\":{\"@id\":\"https:\/\/escenanorte.com\/gl\/camino-escena-norte-abre-el-plazo-de-inscripcion-de-espectaculos-para-su-itinerario-constelaciones\/#breadcrumb\"},\"inLanguage\":\"gl-ES\",\"potentialAction\":[{\"@type\":\"ReadAction\",\"target\":[\"https:\/\/escenanorte.com\/gl\/camino-escena-norte-abre-el-plazo-de-inscripcion-de-espectaculos-para-su-itinerario-constelaciones\/\"]}]},{\"@type\":\"ImageObject\",\"inLanguage\":\"gl-ES\",\"@id\":\"https:\/\/escenanorte.com\/gl\/camino-escena-norte-abre-el-plazo-de-inscripcion-de-espectaculos-para-su-itinerario-constelaciones\/#primaryimage\",\"url\":\"https:\/\/escenanorte.com\/wp-content\/uploads\/2023\/04\/aigiboga.com-8078-1-scaled.jpg\",\"contentUrl\":\"https:\/\/escenanorte.com\/wp-content\/uploads\/2023\/04\/aigiboga.com-8078-1-scaled.jpg\",\"width\":1280,\"height\":854},{\"@type\":\"BreadcrumbList\",\"@id\":\"https:\/\/escenanorte.com\/gl\/camino-escena-norte-abre-el-plazo-de-inscripcion-de-espectaculos-para-su-itinerario-constelaciones\/#breadcrumb\",\"itemListElement\":[{\"@type\":\"ListItem\",\"position\":1,\"name\":\"Portada\",\"item\":\"https:\/\/escenanorte.com\/gl\/\"},{\"@type\":\"ListItem\",\"position\":2,\"name\":\"Camino Escena Norte abre el plazo de inscripci\u00f3n de espect\u00e1culos para su Itinerario Constelaciones\"}]},{\"@type\":\"WebSite\",\"@id\":\"https:\/\/escenanorte.com\/gl\/#website\",\"url\":\"https:\/\/escenanorte.com\/gl\/\",\"name\":\"Camino Escena Norte\",\"description\":\"Escena Norte\",\"potentialAction\":[{\"@type\":\"SearchAction\",\"target\":{\"@type\":\"EntryPoint\",\"urlTemplate\":\"https:\/\/escenanorte.com\/gl\/?s={search_term_string}\"},\"query-input\":{\"@type\":\"PropertyValueSpecification\",\"valueRequired\":true,\"valueName\":\"search_term_string\"}}],\"inLanguage\":\"gl-ES\"},{\"@type\":\"Person\",\"@id\":\"https:\/\/escenanorte.com\/gl\/#\/schema\/person\/e710b5aa0c486f243b4d527a4259c37c\",\"name\":\"Noelia\",\"image\":{\"@type\":\"ImageObject\",\"inLanguage\":\"gl-ES\",\"@id\":\"https:\/\/secure.gravatar.com\/avatar\/d590b317b870f28020001606673cfd05bb4d34b9ede2d6a843ea8073c8ac9352?s=96&d=blank&r=g\",\"url\":\"https:\/\/secure.gravatar.com\/avatar\/d590b317b870f28020001606673cfd05bb4d34b9ede2d6a843ea8073c8ac9352?s=96&d=blank&r=g\",\"contentUrl\":\"https:\/\/secure.gravatar.com\/avatar\/d590b317b870f28020001606673cfd05bb4d34b9ede2d6a843ea8073c8ac9352?s=96&d=blank&r=g\",\"caption\":\"Noelia\"},\"url\":\"https:\/\/escenanorte.com\/gl\/author\/noelia\/\"}]}<\/script>\n<!-- \/ Yoast SEO plugin. -->","yoast_head_json":{"title":"Camino Escena Norte abre el plazo de inscripci\u00f3n de espect\u00e1culos para su Itinerario Constelaciones - Camino Escena Norte","robots":{"index":"index","follow":"follow","max-snippet":"max-snippet:-1","max-image-preview":"max-image-preview:large","max-video-preview":"max-video-preview:-1"},"canonical":"https:\/\/escenanorte.com\/gl\/camino-escena-norte-abre-el-plazo-de-inscripcion-de-espectaculos-para-su-itinerario-constelaciones\/","og_locale":"gl_ES","og_type":"article","og_title":"Camino Escena Norte abre el plazo de inscripci\u00f3n de espect\u00e1culos para su Itinerario Constelaciones - Camino Escena Norte","og_description":"La quinta edici\u00f3n se celebrar\u00e1 del 17 de septiembre al 22 de octubre e incorpora a Navarra como quinto territorio del proyecto CEN editar\u00e1 por primera vez el Cat\u00e1logo de [&hellip;]","og_url":"https:\/\/escenanorte.com\/gl\/camino-escena-norte-abre-el-plazo-de-inscripcion-de-espectaculos-para-su-itinerario-constelaciones\/","og_site_name":"Camino Escena Norte","article_publisher":"https:\/\/www.facebook.com\/escenanorte","article_published_time":"2023-02-06T10:18:00+00:00","article_modified_time":"2023-04-10T14:19:17+00:00","og_image":[{"width":1280,"height":854,"url":"https:\/\/escenanorte.com\/wp-content\/uploads\/2023\/04\/aigiboga.com-8078-1-scaled.jpg","type":"image\/jpeg"}],"author":"Noelia","twitter_card":"summary_large_image","twitter_misc":{"Escrito por":"Noelia","Tempo de lectura":"2 minutos"},"schema":{"@context":"https:\/\/schema.org","@graph":[{"@type":"Article","@id":"https:\/\/escenanorte.com\/gl\/camino-escena-norte-abre-el-plazo-de-inscripcion-de-espectaculos-para-su-itinerario-constelaciones\/#article","isPartOf":{"@id":"https:\/\/escenanorte.com\/gl\/camino-escena-norte-abre-el-plazo-de-inscripcion-de-espectaculos-para-su-itinerario-constelaciones\/"},"author":{"name":"Noelia","@id":"https:\/\/escenanorte.com\/gl\/#\/schema\/person\/e710b5aa0c486f243b4d527a4259c37c"},"headline":"Camino Escena Norte abre el plazo de inscripci\u00f3n de espect\u00e1culos para su Itinerario Constelaciones","datePublished":"2023-02-06T10:18:00+00:00","dateModified":"2023-04-10T14:19:17+00:00","mainEntityOfPage":{"@id":"https:\/\/escenanorte.com\/gl\/camino-escena-norte-abre-el-plazo-de-inscripcion-de-espectaculos-para-su-itinerario-constelaciones\/"},"wordCount":497,"image":{"@id":"https:\/\/escenanorte.com\/gl\/camino-escena-norte-abre-el-plazo-de-inscripcion-de-espectaculos-para-su-itinerario-constelaciones\/#primaryimage"},"thumbnailUrl":"https:\/\/escenanorte.com\/wp-content\/uploads\/2023\/04\/aigiboga.com-8078-1-scaled.jpg","articleSection":["Novas"],"inLanguage":"gl-ES"},{"@type":"WebPage","@id":"https:\/\/escenanorte.com\/gl\/camino-escena-norte-abre-el-plazo-de-inscripcion-de-espectaculos-para-su-itinerario-constelaciones\/","url":"https:\/\/escenanorte.com\/gl\/camino-escena-norte-abre-el-plazo-de-inscripcion-de-espectaculos-para-su-itinerario-constelaciones\/","name":"Camino Escena Norte abre el plazo de inscripci\u00f3n de espect\u00e1culos para su Itinerario Constelaciones - Camino Escena Norte","isPartOf":{"@id":"https:\/\/escenanorte.com\/gl\/#website"},"primaryImageOfPage":{"@id":"https:\/\/escenanorte.com\/gl\/camino-escena-norte-abre-el-plazo-de-inscripcion-de-espectaculos-para-su-itinerario-constelaciones\/#primaryimage"},"image":{"@id":"https:\/\/escenanorte.com\/gl\/camino-escena-norte-abre-el-plazo-de-inscripcion-de-espectaculos-para-su-itinerario-constelaciones\/#primaryimage"},"thumbnailUrl":"https:\/\/escenanorte.com\/wp-content\/uploads\/2023\/04\/aigiboga.com-8078-1-scaled.jpg","datePublished":"2023-02-06T10:18:00+00:00","dateModified":"2023-04-10T14:19:17+00:00","author":{"@id":"https:\/\/escenanorte.com\/gl\/#\/schema\/person\/e710b5aa0c486f243b4d527a4259c37c"},"breadcrumb":{"@id":"https:\/\/escenanorte.com\/gl\/camino-escena-norte-abre-el-plazo-de-inscripcion-de-espectaculos-para-su-itinerario-constelaciones\/#breadcrumb"},"inLanguage":"gl-ES","potentialAction":[{"@type":"ReadAction","target":["https:\/\/escenanorte.com\/gl\/camino-escena-norte-abre-el-plazo-de-inscripcion-de-espectaculos-para-su-itinerario-constelaciones\/"]}]},{"@type":"ImageObject","inLanguage":"gl-ES","@id":"https:\/\/escenanorte.com\/gl\/camino-escena-norte-abre-el-plazo-de-inscripcion-de-espectaculos-para-su-itinerario-constelaciones\/#primaryimage","url":"https:\/\/escenanorte.com\/wp-content\/uploads\/2023\/04\/aigiboga.com-8078-1-scaled.jpg","contentUrl":"https:\/\/escenanorte.com\/wp-content\/uploads\/2023\/04\/aigiboga.com-8078-1-scaled.jpg","width":1280,"height":854},{"@type":"BreadcrumbList","@id":"https:\/\/escenanorte.com\/gl\/camino-escena-norte-abre-el-plazo-de-inscripcion-de-espectaculos-para-su-itinerario-constelaciones\/#breadcrumb","itemListElement":[{"@type":"ListItem","position":1,"name":"Portada","item":"https:\/\/escenanorte.com\/gl\/"},{"@type":"ListItem","position":2,"name":"Camino Escena Norte abre el plazo de inscripci\u00f3n de espect\u00e1culos para su Itinerario Constelaciones"}]},{"@type":"WebSite","@id":"https:\/\/escenanorte.com\/gl\/#website","url":"https:\/\/escenanorte.com\/gl\/","name":"Camino Escena Norte","description":"Escena Norte","potentialAction":[{"@type":"SearchAction","target":{"@type":"EntryPoint","urlTemplate":"https:\/\/escenanorte.com\/gl\/?s={search_term_string}"},"query-input":{"@type":"PropertyValueSpecification","valueRequired":true,"valueName":"search_term_string"}}],"inLanguage":"gl-ES"},{"@type":"Person","@id":"https:\/\/escenanorte.com\/gl\/#\/schema\/person\/e710b5aa0c486f243b4d527a4259c37c","name":"Noelia","image":{"@type":"ImageObject","inLanguage":"gl-ES","@id":"https:\/\/secure.gravatar.com\/avatar\/d590b317b870f28020001606673cfd05bb4d34b9ede2d6a843ea8073c8ac9352?s=96&d=blank&r=g","url":"https:\/\/secure.gravatar.com\/avatar\/d590b317b870f28020001606673cfd05bb4d34b9ede2d6a843ea8073c8ac9352?s=96&d=blank&r=g","contentUrl":"https:\/\/secure.gravatar.com\/avatar\/d590b317b870f28020001606673cfd05bb4d34b9ede2d6a843ea8073c8ac9352?s=96&d=blank&r=g","caption":"Noelia"},"url":"https:\/\/escenanorte.com\/gl\/author\/noelia\/"}]}},"publishpress_future_action":{"enabled":false,"date":"2026-05-06 18:47:21","action":"change-status","newStatus":"draft","terms":[],"taxonomy":"category","extraData":[]},"publishpress_future_workflow_manual_trigger":{"enabledWorkflows":[]},"_links":{"self":[{"href":"https:\/\/escenanorte.com\/gl\/wp-json\/wp\/v2\/posts\/31843","targetHints":{"allow":["GET"]}}],"collection":[{"href":"https:\/\/escenanorte.com\/gl\/wp-json\/wp\/v2\/posts"}],"about":[{"href":"https:\/\/escenanorte.com\/gl\/wp-json\/wp\/v2\/types\/post"}],"author":[{"embeddable":true,"href":"https:\/\/escenanorte.com\/gl\/wp-json\/wp\/v2\/users\/5"}],"replies":[{"embeddable":true,"href":"https:\/\/escenanorte.com\/gl\/wp-json\/wp\/v2\/comments?post=31843"}],"version-history":[{"count":1,"href":"https:\/\/escenanorte.com\/gl\/wp-json\/wp\/v2\/posts\/31843\/revisions"}],"predecessor-version":[{"id":31846,"href":"https:\/\/escenanorte.com\/gl\/wp-json\/wp\/v2\/posts\/31843\/revisions\/31846"}],"wp:featuredmedia":[{"embeddable":true,"href":"https:\/\/escenanorte.com\/gl\/wp-json\/wp\/v2\/media\/31823"}],"wp:attachment":[{"href":"https:\/\/escenanorte.com\/gl\/wp-json\/wp\/v2\/media?parent=31843"}],"wp:term":[{"taxonomy":"category","embeddable":true,"href":"https:\/\/escenanorte.com\/gl\/wp-json\/wp\/v2\/categories?post=31843"},{"taxonomy":"post_tag","embeddable":true,"href":"https:\/\/escenanorte.com\/gl\/wp-json\/wp\/v2\/tags?post=31843"}],"curies":[{"name":"wp","href":"https:\/\/api.w.org\/{rel}","templated":true}]}}