{"id":30791,"date":"2022-10-04T12:59:25","date_gmt":"2022-10-04T10:59:25","guid":{"rendered":"https:\/\/escenanorte.com\/?p=30791"},"modified":"2022-10-04T12:59:26","modified_gmt":"2022-10-04T10:59:26","slug":"o-camino-escena-norte-bota-o-pano-esta-fin-de-semana-con-cinco-funcions-en-ames-carballo-vilalba-viveiro-e-santiago-de-compostela","status":"publish","type":"post","link":"https:\/\/escenanorte.com\/gl\/o-camino-escena-norte-bota-o-pano-esta-fin-de-semana-con-cinco-funcions-en-ames-carballo-vilalba-viveiro-e-santiago-de-compostela\/","title":{"rendered":"O Cami\u00f1o Escena Norte bota o pano esta fin de semana con cinco funci\u00f3ns en Ames, Carballo, Vilalba, Viveiro\u00a0e Santiago de Compostela"},"content":{"rendered":"\n<blockquote class=\"wp-block-quote is-layout-flow wp-block-quote-is-layout-flow\"><p>O proxecto de intercambio de artes esc\u00e9nicas prop\u00f3n catro espect\u00e1culos para p\u00fablico infantil, familiar e adulto con compa\u00f1\u00edas procedentes de Asturias, Euskadi e Navarra<\/p><p>O 9 de outubro celebrarase no Gai\u00e1s un encontro entre o alumnado da ESAD de Galicia con Fantastique Company, \u00e1 fin de po\u00f1er en contacto \u00e1s e aos estudantes con profesionais das artes esc\u00e9nicas en activo<\/p><\/blockquote>\n\n\n\n<p>O Cami\u00f1o Escena Norte (2022) bota o pano en Galicia esta fin de semana. O proxecto de intercambio esc\u00e9nico, art\u00edstico e profesional entre compa\u00f1\u00edas de Galicia, Asturias, Cantabria, Euskadi e Navarra, comunidade que se incorporou ao programa cultural nesta cuarta edici\u00f3n, finalizar\u00e1 o seu percorrido por escenarios de Galicia con cunha chea de funci\u00f3ns. En total, CEN 2022 ofrecer\u00e1 cinco funci\u00f3ns de teatro e danza en Ames, Carballo, Vilalba, Viveiro e Santiago de Compostela entre o venres 7 e o domingo 9 de outubro.<br><br>A primeira cita ser\u00e1 coa compa\u00f1\u00eda asturiana&nbsp;<strong>Zig Zag Danza<\/strong>, que ofrecer\u00e1 d\u00faas funci\u00f3ns do seu espect\u00e1culo \u2018<strong>M\u00edmesis<\/strong>\u2019, unha creaci\u00f3n dirixida ao p\u00fablico infantil, especificamente \u00e1 primeira infancia (0-3 anos).&nbsp; Zig Zag bailar\u00e1 o venres 7 en no Auditorio da Casa da Cultura de Milladoiro, en&nbsp;Ames<strong>,<\/strong>&nbsp;mentres que o s\u00e1bado 8 de outubro visitar\u00e1 o Auditorio Municipal Carmen Est\u00e9vez de&nbsp;Vilalba.&nbsp;En ambos casos ser\u00e1 necesario retirar previamente os convites (<a href=\"http:\/\/abilleteira.concellodeames.gal\/\" target=\"_blank\" rel=\"noreferrer noopener\">abilleteira.concellodeames.gal<\/a>&nbsp;e&nbsp;<a href=\"http:\/\/www.entradasvilalba.es\/\" target=\"_blank\" rel=\"noreferrer noopener\">www.entradasvilalba.es<\/a>) para acceder aos recintos.&nbsp;<\/p>\n\n\n\n<p>O s\u00e1bado 8 a actividade de Cami\u00f1o Escena Norte espallarase \u00e1s localidades de&nbsp;Viveiro&nbsp;e&nbsp;Carballo. Precisamente nesta \u00faltima CEN volve formar parte da programaci\u00f3n oficial do Festival Internacional Outono de Teatro, FIOT, logo de facelo na s\u00faa primeira edici\u00f3n (2019). A compa\u00f1\u00eda navarra&nbsp;<strong>La Caja Flotante&nbsp;<\/strong>presentar\u00e1 \u2018<strong>Beautiful Strange<\/strong><strong>r<\/strong>\u2019, de Iron Iraizoz, no Pazo da Cultura da localidade berganti\u00f1\u00e1.. As entradas est\u00e1n dispo\u00f1ibles a trav\u00e9s do web&nbsp;<a href=\"http:\/\/www.fiot.gal\/\" target=\"_blank\" rel=\"noreferrer noopener\">www.fiot.gal<\/a>.&nbsp;<\/p>\n\n\n\n<p>Tam\u00e9n na tarde do s\u00e1bado CEN visitar\u00e1 a Mari\u00f1a lucense, concretamente o Teatro Pastor D\u00edaz de Viveiro. Al\u00ed ter\u00e1 lugar a representaci\u00f3n de \u2018<strong>El enjambre<\/strong>\u2019, de Kepa Arrasti, da man da compa\u00f1ia vasca&nbsp;<strong>Vaiv\u00e9n Producciones<\/strong>. As entradas poderanse reservar a trav\u00e9s do correo&nbsp;<a href=\"mailto:rbg.cultura@viveiro.es\">rbg.cultura@viveiro.es<\/a>&nbsp;e recoller o mesmo d\u00eda da funci\u00f3n no despacho de billetes do recinto.<br><br>Finalmente, Cami\u00f1o Escena Norte 2022 pecharase po domingo 9 en&nbsp;Santiago de Compostela,&nbsp;na Cidade da Cultura, coa representaci\u00f3n para p\u00fablico infantil e familiar de \u2018<strong>El secreto de Julio Verne<\/strong>\u2019, da asturiana&nbsp;<strong>Fantastique Company<\/strong>. A cita ser\u00e1 \u00e1s 18.30 horas no andar -1 do Museo Centro Gai\u00e1s e a entrada ser\u00e1 libre e de balde ata completar a capacidade do espazo. Esa mesma tarde, celebrarase un encontro entre a compa\u00f1\u00eda e o alumnado da ESAD de Galicia, como parte da programaci\u00f3n expandida \u2018ESADs no Cami\u00f1o\u2019.<\/p>\n","protected":false},"excerpt":{"rendered":"<p>O proxecto de intercambio de artes esc\u00e9nicas prop\u00f3n catro espect\u00e1culos para p\u00fablico infantil, familiar e adulto con compa\u00f1\u00edas procedentes de Asturias, Euskadi e Navarra O 9 de outubro celebrarase no [&hellip;]<\/p>\n","protected":false},"author":5,"featured_media":30802,"comment_status":"closed","ping_status":"open","sticky":false,"template":"","format":"standard","meta":{"footnotes":""},"categories":[4],"tags":[],"class_list":["post-30791","post","type-post","status-publish","format-standard","has-post-thumbnail","hentry","category-novas"],"yoast_head":"<!-- This site is optimized with the Yoast SEO plugin v27.2 - https:\/\/yoast.com\/product\/yoast-seo-wordpress\/ -->\n<title>O Cami\u00f1o Escena Norte bota o pano esta fin de semana con cinco funci\u00f3ns en Ames, Carballo, Vilalba, Viveiro\u00a0e Santiago de Compostela - Camino Escena Norte<\/title>\n<meta name=\"robots\" content=\"index, follow, max-snippet:-1, max-image-preview:large, max-video-preview:-1\" \/>\n<link rel=\"canonical\" href=\"https:\/\/escenanorte.com\/gl\/o-camino-escena-norte-bota-o-pano-esta-fin-de-semana-con-cinco-funcions-en-ames-carballo-vilalba-viveiro-e-santiago-de-compostela\/\" \/>\n<meta property=\"og:locale\" content=\"gl_ES\" \/>\n<meta property=\"og:type\" content=\"article\" \/>\n<meta property=\"og:title\" content=\"O Cami\u00f1o Escena Norte bota o pano esta fin de semana con cinco funci\u00f3ns en Ames, Carballo, Vilalba, Viveiro\u00a0e Santiago de Compostela - Camino Escena Norte\" \/>\n<meta property=\"og:description\" content=\"O proxecto de intercambio de artes esc\u00e9nicas prop\u00f3n catro espect\u00e1culos para p\u00fablico infantil, familiar e adulto con compa\u00f1\u00edas procedentes de Asturias, Euskadi e Navarra O 9 de outubro celebrarase no [&hellip;]\" \/>\n<meta property=\"og:url\" content=\"https:\/\/escenanorte.com\/gl\/o-camino-escena-norte-bota-o-pano-esta-fin-de-semana-con-cinco-funcions-en-ames-carballo-vilalba-viveiro-e-santiago-de-compostela\/\" \/>\n<meta property=\"og:site_name\" content=\"Camino Escena Norte\" \/>\n<meta property=\"article:publisher\" content=\"https:\/\/www.facebook.com\/escenanorte\" \/>\n<meta property=\"article:published_time\" content=\"2022-10-04T10:59:25+00:00\" \/>\n<meta property=\"article:modified_time\" content=\"2022-10-04T10:59:26+00:00\" \/>\n<meta property=\"og:image\" content=\"https:\/\/escenanorte.com\/wp-content\/uploads\/2022\/10\/El-enjambre-1.jpg\" \/>\n\t<meta property=\"og:image:width\" content=\"675\" \/>\n\t<meta property=\"og:image:height\" content=\"450\" \/>\n\t<meta property=\"og:image:type\" content=\"image\/jpeg\" \/>\n<meta name=\"author\" content=\"Noelia\" \/>\n<meta name=\"twitter:card\" content=\"summary_large_image\" \/>\n<meta name=\"twitter:label1\" content=\"Escrito por\" \/>\n\t<meta name=\"twitter:data1\" content=\"Noelia\" \/>\n\t<meta name=\"twitter:label2\" content=\"Tempo de lectura\" \/>\n\t<meta name=\"twitter:data2\" content=\"2 minutos\" \/>\n<script type=\"application\/ld+json\" class=\"yoast-schema-graph\">{\"@context\":\"https:\/\/schema.org\",\"@graph\":[{\"@type\":\"Article\",\"@id\":\"https:\/\/escenanorte.com\/gl\/o-camino-escena-norte-bota-o-pano-esta-fin-de-semana-con-cinco-funcions-en-ames-carballo-vilalba-viveiro-e-santiago-de-compostela\/#article\",\"isPartOf\":{\"@id\":\"https:\/\/escenanorte.com\/gl\/o-camino-escena-norte-bota-o-pano-esta-fin-de-semana-con-cinco-funcions-en-ames-carballo-vilalba-viveiro-e-santiago-de-compostela\/\"},\"author\":{\"name\":\"Noelia\",\"@id\":\"https:\/\/escenanorte.com\/gl\/#\/schema\/person\/e710b5aa0c486f243b4d527a4259c37c\"},\"headline\":\"O Cami\u00f1o Escena Norte bota o pano esta fin de semana con cinco funci\u00f3ns en Ames, Carballo, Vilalba, Viveiro\u00a0e Santiago de Compostela\",\"datePublished\":\"2022-10-04T10:59:25+00:00\",\"dateModified\":\"2022-10-04T10:59:26+00:00\",\"mainEntityOfPage\":{\"@id\":\"https:\/\/escenanorte.com\/gl\/o-camino-escena-norte-bota-o-pano-esta-fin-de-semana-con-cinco-funcions-en-ames-carballo-vilalba-viveiro-e-santiago-de-compostela\/\"},\"wordCount\":526,\"image\":{\"@id\":\"https:\/\/escenanorte.com\/gl\/o-camino-escena-norte-bota-o-pano-esta-fin-de-semana-con-cinco-funcions-en-ames-carballo-vilalba-viveiro-e-santiago-de-compostela\/#primaryimage\"},\"thumbnailUrl\":\"https:\/\/escenanorte.com\/wp-content\/uploads\/2022\/10\/El-enjambre-1.jpg\",\"articleSection\":[\"Novas\"],\"inLanguage\":\"gl-ES\"},{\"@type\":\"WebPage\",\"@id\":\"https:\/\/escenanorte.com\/gl\/o-camino-escena-norte-bota-o-pano-esta-fin-de-semana-con-cinco-funcions-en-ames-carballo-vilalba-viveiro-e-santiago-de-compostela\/\",\"url\":\"https:\/\/escenanorte.com\/gl\/o-camino-escena-norte-bota-o-pano-esta-fin-de-semana-con-cinco-funcions-en-ames-carballo-vilalba-viveiro-e-santiago-de-compostela\/\",\"name\":\"O Cami\u00f1o Escena Norte bota o pano esta fin de semana con cinco funci\u00f3ns en Ames, Carballo, Vilalba, Viveiro\u00a0e Santiago de Compostela - Camino Escena Norte\",\"isPartOf\":{\"@id\":\"https:\/\/escenanorte.com\/gl\/#website\"},\"primaryImageOfPage\":{\"@id\":\"https:\/\/escenanorte.com\/gl\/o-camino-escena-norte-bota-o-pano-esta-fin-de-semana-con-cinco-funcions-en-ames-carballo-vilalba-viveiro-e-santiago-de-compostela\/#primaryimage\"},\"image\":{\"@id\":\"https:\/\/escenanorte.com\/gl\/o-camino-escena-norte-bota-o-pano-esta-fin-de-semana-con-cinco-funcions-en-ames-carballo-vilalba-viveiro-e-santiago-de-compostela\/#primaryimage\"},\"thumbnailUrl\":\"https:\/\/escenanorte.com\/wp-content\/uploads\/2022\/10\/El-enjambre-1.jpg\",\"datePublished\":\"2022-10-04T10:59:25+00:00\",\"dateModified\":\"2022-10-04T10:59:26+00:00\",\"author\":{\"@id\":\"https:\/\/escenanorte.com\/gl\/#\/schema\/person\/e710b5aa0c486f243b4d527a4259c37c\"},\"breadcrumb\":{\"@id\":\"https:\/\/escenanorte.com\/gl\/o-camino-escena-norte-bota-o-pano-esta-fin-de-semana-con-cinco-funcions-en-ames-carballo-vilalba-viveiro-e-santiago-de-compostela\/#breadcrumb\"},\"inLanguage\":\"gl-ES\",\"potentialAction\":[{\"@type\":\"ReadAction\",\"target\":[\"https:\/\/escenanorte.com\/gl\/o-camino-escena-norte-bota-o-pano-esta-fin-de-semana-con-cinco-funcions-en-ames-carballo-vilalba-viveiro-e-santiago-de-compostela\/\"]}]},{\"@type\":\"ImageObject\",\"inLanguage\":\"gl-ES\",\"@id\":\"https:\/\/escenanorte.com\/gl\/o-camino-escena-norte-bota-o-pano-esta-fin-de-semana-con-cinco-funcions-en-ames-carballo-vilalba-viveiro-e-santiago-de-compostela\/#primaryimage\",\"url\":\"https:\/\/escenanorte.com\/wp-content\/uploads\/2022\/10\/El-enjambre-1.jpg\",\"contentUrl\":\"https:\/\/escenanorte.com\/wp-content\/uploads\/2022\/10\/El-enjambre-1.jpg\",\"width\":675,\"height\":450},{\"@type\":\"BreadcrumbList\",\"@id\":\"https:\/\/escenanorte.com\/gl\/o-camino-escena-norte-bota-o-pano-esta-fin-de-semana-con-cinco-funcions-en-ames-carballo-vilalba-viveiro-e-santiago-de-compostela\/#breadcrumb\",\"itemListElement\":[{\"@type\":\"ListItem\",\"position\":1,\"name\":\"Portada\",\"item\":\"https:\/\/escenanorte.com\/gl\/\"},{\"@type\":\"ListItem\",\"position\":2,\"name\":\"O Cami\u00f1o Escena Norte bota o pano esta fin de semana con cinco funci\u00f3ns en Ames, Carballo, Vilalba, Viveiro\u00a0e Santiago de Compostela\"}]},{\"@type\":\"WebSite\",\"@id\":\"https:\/\/escenanorte.com\/gl\/#website\",\"url\":\"https:\/\/escenanorte.com\/gl\/\",\"name\":\"Camino Escena Norte\",\"description\":\"Escena Norte\",\"potentialAction\":[{\"@type\":\"SearchAction\",\"target\":{\"@type\":\"EntryPoint\",\"urlTemplate\":\"https:\/\/escenanorte.com\/gl\/?s={search_term_string}\"},\"query-input\":{\"@type\":\"PropertyValueSpecification\",\"valueRequired\":true,\"valueName\":\"search_term_string\"}}],\"inLanguage\":\"gl-ES\"},{\"@type\":\"Person\",\"@id\":\"https:\/\/escenanorte.com\/gl\/#\/schema\/person\/e710b5aa0c486f243b4d527a4259c37c\",\"name\":\"Noelia\",\"image\":{\"@type\":\"ImageObject\",\"inLanguage\":\"gl-ES\",\"@id\":\"https:\/\/secure.gravatar.com\/avatar\/d590b317b870f28020001606673cfd05bb4d34b9ede2d6a843ea8073c8ac9352?s=96&d=blank&r=g\",\"url\":\"https:\/\/secure.gravatar.com\/avatar\/d590b317b870f28020001606673cfd05bb4d34b9ede2d6a843ea8073c8ac9352?s=96&d=blank&r=g\",\"contentUrl\":\"https:\/\/secure.gravatar.com\/avatar\/d590b317b870f28020001606673cfd05bb4d34b9ede2d6a843ea8073c8ac9352?s=96&d=blank&r=g\",\"caption\":\"Noelia\"},\"url\":\"https:\/\/escenanorte.com\/gl\/author\/noelia\/\"}]}<\/script>\n<!-- \/ Yoast SEO plugin. -->","yoast_head_json":{"title":"O Cami\u00f1o Escena Norte bota o pano esta fin de semana con cinco funci\u00f3ns en Ames, Carballo, Vilalba, Viveiro\u00a0e Santiago de Compostela - Camino Escena Norte","robots":{"index":"index","follow":"follow","max-snippet":"max-snippet:-1","max-image-preview":"max-image-preview:large","max-video-preview":"max-video-preview:-1"},"canonical":"https:\/\/escenanorte.com\/gl\/o-camino-escena-norte-bota-o-pano-esta-fin-de-semana-con-cinco-funcions-en-ames-carballo-vilalba-viveiro-e-santiago-de-compostela\/","og_locale":"gl_ES","og_type":"article","og_title":"O Cami\u00f1o Escena Norte bota o pano esta fin de semana con cinco funci\u00f3ns en Ames, Carballo, Vilalba, Viveiro\u00a0e Santiago de Compostela - Camino Escena Norte","og_description":"O proxecto de intercambio de artes esc\u00e9nicas prop\u00f3n catro espect\u00e1culos para p\u00fablico infantil, familiar e adulto con compa\u00f1\u00edas procedentes de Asturias, Euskadi e Navarra O 9 de outubro celebrarase no [&hellip;]","og_url":"https:\/\/escenanorte.com\/gl\/o-camino-escena-norte-bota-o-pano-esta-fin-de-semana-con-cinco-funcions-en-ames-carballo-vilalba-viveiro-e-santiago-de-compostela\/","og_site_name":"Camino Escena Norte","article_publisher":"https:\/\/www.facebook.com\/escenanorte","article_published_time":"2022-10-04T10:59:25+00:00","article_modified_time":"2022-10-04T10:59:26+00:00","og_image":[{"width":675,"height":450,"url":"https:\/\/escenanorte.com\/wp-content\/uploads\/2022\/10\/El-enjambre-1.jpg","type":"image\/jpeg"}],"author":"Noelia","twitter_card":"summary_large_image","twitter_misc":{"Escrito por":"Noelia","Tempo de lectura":"2 minutos"},"schema":{"@context":"https:\/\/schema.org","@graph":[{"@type":"Article","@id":"https:\/\/escenanorte.com\/gl\/o-camino-escena-norte-bota-o-pano-esta-fin-de-semana-con-cinco-funcions-en-ames-carballo-vilalba-viveiro-e-santiago-de-compostela\/#article","isPartOf":{"@id":"https:\/\/escenanorte.com\/gl\/o-camino-escena-norte-bota-o-pano-esta-fin-de-semana-con-cinco-funcions-en-ames-carballo-vilalba-viveiro-e-santiago-de-compostela\/"},"author":{"name":"Noelia","@id":"https:\/\/escenanorte.com\/gl\/#\/schema\/person\/e710b5aa0c486f243b4d527a4259c37c"},"headline":"O Cami\u00f1o Escena Norte bota o pano esta fin de semana con cinco funci\u00f3ns en Ames, Carballo, Vilalba, Viveiro\u00a0e Santiago de Compostela","datePublished":"2022-10-04T10:59:25+00:00","dateModified":"2022-10-04T10:59:26+00:00","mainEntityOfPage":{"@id":"https:\/\/escenanorte.com\/gl\/o-camino-escena-norte-bota-o-pano-esta-fin-de-semana-con-cinco-funcions-en-ames-carballo-vilalba-viveiro-e-santiago-de-compostela\/"},"wordCount":526,"image":{"@id":"https:\/\/escenanorte.com\/gl\/o-camino-escena-norte-bota-o-pano-esta-fin-de-semana-con-cinco-funcions-en-ames-carballo-vilalba-viveiro-e-santiago-de-compostela\/#primaryimage"},"thumbnailUrl":"https:\/\/escenanorte.com\/wp-content\/uploads\/2022\/10\/El-enjambre-1.jpg","articleSection":["Novas"],"inLanguage":"gl-ES"},{"@type":"WebPage","@id":"https:\/\/escenanorte.com\/gl\/o-camino-escena-norte-bota-o-pano-esta-fin-de-semana-con-cinco-funcions-en-ames-carballo-vilalba-viveiro-e-santiago-de-compostela\/","url":"https:\/\/escenanorte.com\/gl\/o-camino-escena-norte-bota-o-pano-esta-fin-de-semana-con-cinco-funcions-en-ames-carballo-vilalba-viveiro-e-santiago-de-compostela\/","name":"O Cami\u00f1o Escena Norte bota o pano esta fin de semana con cinco funci\u00f3ns en Ames, Carballo, Vilalba, Viveiro\u00a0e Santiago de Compostela - Camino Escena Norte","isPartOf":{"@id":"https:\/\/escenanorte.com\/gl\/#website"},"primaryImageOfPage":{"@id":"https:\/\/escenanorte.com\/gl\/o-camino-escena-norte-bota-o-pano-esta-fin-de-semana-con-cinco-funcions-en-ames-carballo-vilalba-viveiro-e-santiago-de-compostela\/#primaryimage"},"image":{"@id":"https:\/\/escenanorte.com\/gl\/o-camino-escena-norte-bota-o-pano-esta-fin-de-semana-con-cinco-funcions-en-ames-carballo-vilalba-viveiro-e-santiago-de-compostela\/#primaryimage"},"thumbnailUrl":"https:\/\/escenanorte.com\/wp-content\/uploads\/2022\/10\/El-enjambre-1.jpg","datePublished":"2022-10-04T10:59:25+00:00","dateModified":"2022-10-04T10:59:26+00:00","author":{"@id":"https:\/\/escenanorte.com\/gl\/#\/schema\/person\/e710b5aa0c486f243b4d527a4259c37c"},"breadcrumb":{"@id":"https:\/\/escenanorte.com\/gl\/o-camino-escena-norte-bota-o-pano-esta-fin-de-semana-con-cinco-funcions-en-ames-carballo-vilalba-viveiro-e-santiago-de-compostela\/#breadcrumb"},"inLanguage":"gl-ES","potentialAction":[{"@type":"ReadAction","target":["https:\/\/escenanorte.com\/gl\/o-camino-escena-norte-bota-o-pano-esta-fin-de-semana-con-cinco-funcions-en-ames-carballo-vilalba-viveiro-e-santiago-de-compostela\/"]}]},{"@type":"ImageObject","inLanguage":"gl-ES","@id":"https:\/\/escenanorte.com\/gl\/o-camino-escena-norte-bota-o-pano-esta-fin-de-semana-con-cinco-funcions-en-ames-carballo-vilalba-viveiro-e-santiago-de-compostela\/#primaryimage","url":"https:\/\/escenanorte.com\/wp-content\/uploads\/2022\/10\/El-enjambre-1.jpg","contentUrl":"https:\/\/escenanorte.com\/wp-content\/uploads\/2022\/10\/El-enjambre-1.jpg","width":675,"height":450},{"@type":"BreadcrumbList","@id":"https:\/\/escenanorte.com\/gl\/o-camino-escena-norte-bota-o-pano-esta-fin-de-semana-con-cinco-funcions-en-ames-carballo-vilalba-viveiro-e-santiago-de-compostela\/#breadcrumb","itemListElement":[{"@type":"ListItem","position":1,"name":"Portada","item":"https:\/\/escenanorte.com\/gl\/"},{"@type":"ListItem","position":2,"name":"O Cami\u00f1o Escena Norte bota o pano esta fin de semana con cinco funci\u00f3ns en Ames, Carballo, Vilalba, Viveiro\u00a0e Santiago de Compostela"}]},{"@type":"WebSite","@id":"https:\/\/escenanorte.com\/gl\/#website","url":"https:\/\/escenanorte.com\/gl\/","name":"Camino Escena Norte","description":"Escena Norte","potentialAction":[{"@type":"SearchAction","target":{"@type":"EntryPoint","urlTemplate":"https:\/\/escenanorte.com\/gl\/?s={search_term_string}"},"query-input":{"@type":"PropertyValueSpecification","valueRequired":true,"valueName":"search_term_string"}}],"inLanguage":"gl-ES"},{"@type":"Person","@id":"https:\/\/escenanorte.com\/gl\/#\/schema\/person\/e710b5aa0c486f243b4d527a4259c37c","name":"Noelia","image":{"@type":"ImageObject","inLanguage":"gl-ES","@id":"https:\/\/secure.gravatar.com\/avatar\/d590b317b870f28020001606673cfd05bb4d34b9ede2d6a843ea8073c8ac9352?s=96&d=blank&r=g","url":"https:\/\/secure.gravatar.com\/avatar\/d590b317b870f28020001606673cfd05bb4d34b9ede2d6a843ea8073c8ac9352?s=96&d=blank&r=g","contentUrl":"https:\/\/secure.gravatar.com\/avatar\/d590b317b870f28020001606673cfd05bb4d34b9ede2d6a843ea8073c8ac9352?s=96&d=blank&r=g","caption":"Noelia"},"url":"https:\/\/escenanorte.com\/gl\/author\/noelia\/"}]}},"publishpress_future_action":{"enabled":false,"date":"2026-05-06 21:00:01","action":"change-status","newStatus":"draft","terms":[],"taxonomy":"category","extraData":[]},"publishpress_future_workflow_manual_trigger":{"enabledWorkflows":[]},"_links":{"self":[{"href":"https:\/\/escenanorte.com\/gl\/wp-json\/wp\/v2\/posts\/30791","targetHints":{"allow":["GET"]}}],"collection":[{"href":"https:\/\/escenanorte.com\/gl\/wp-json\/wp\/v2\/posts"}],"about":[{"href":"https:\/\/escenanorte.com\/gl\/wp-json\/wp\/v2\/types\/post"}],"author":[{"embeddable":true,"href":"https:\/\/escenanorte.com\/gl\/wp-json\/wp\/v2\/users\/5"}],"replies":[{"embeddable":true,"href":"https:\/\/escenanorte.com\/gl\/wp-json\/wp\/v2\/comments?post=30791"}],"version-history":[{"count":1,"href":"https:\/\/escenanorte.com\/gl\/wp-json\/wp\/v2\/posts\/30791\/revisions"}],"predecessor-version":[{"id":30806,"href":"https:\/\/escenanorte.com\/gl\/wp-json\/wp\/v2\/posts\/30791\/revisions\/30806"}],"wp:featuredmedia":[{"embeddable":true,"href":"https:\/\/escenanorte.com\/gl\/wp-json\/wp\/v2\/media\/30802"}],"wp:attachment":[{"href":"https:\/\/escenanorte.com\/gl\/wp-json\/wp\/v2\/media?parent=30791"}],"wp:term":[{"taxonomy":"category","embeddable":true,"href":"https:\/\/escenanorte.com\/gl\/wp-json\/wp\/v2\/categories?post=30791"},{"taxonomy":"post_tag","embeddable":true,"href":"https:\/\/escenanorte.com\/gl\/wp-json\/wp\/v2\/tags?post=30791"}],"curies":[{"name":"wp","href":"https:\/\/api.w.org\/{rel}","templated":true}]}}