{"id":30410,"date":"2022-09-05T12:25:36","date_gmt":"2022-09-05T10:25:36","guid":{"rendered":"https:\/\/escenanorte.com\/el-programa-camino-escena-norte-llega-en-septiembre-y-octubre-a-navarra\/"},"modified":"2022-09-06T09:58:04","modified_gmt":"2022-09-06T07:58:04","slug":"el-programa-camino-escena-norte-llega-en-septiembre-y-octubre-a-navarra","status":"publish","type":"post","link":"https:\/\/escenanorte.com\/gl\/el-programa-camino-escena-norte-llega-en-septiembre-y-octubre-a-navarra\/","title":{"rendered":"El programa Camino Escena Norte llega en septiembre y octubre a Navarra"},"content":{"rendered":"\n<p><em><strong>Bajo el lema \u201cCrecen las sonrisas\u201d, el proyecto de intercambio cultural incluye representaciones teatrales en Alsasua, Viana y Sang\u00fcesa<\/strong><\/em><\/p>\n\n\n\n<p>La Comunidad Foral participa estos meses de septiembre y octubre por primera vez como territorio invitado en el proyecto de intercambio cultural Camino Escena Norte (CEN), que desde 2019 conecta la Comunidad Aut\u00f3noma Vasca, Cantabria, Asturias y Galicia. En esta cuarta edici\u00f3n, que se celebrar\u00e1 del 10 de septiembre al 9 de octubre bajo el lema <em>Crecen las sonrisas<\/em>, la iniciativa visitar\u00e1 Alsasua, Viana y Sang\u00fcesa con representaciones teatrales de compa\u00f1\u00edas vascas, gallegas y c\u00e1ntabras.<\/p>\n\n\n\n<p>Adem\u00e1s, tres grupos navarros actuar\u00e1n en Galicia y Cantabria: La Banda Teatro Circo en Santiago de Compostela (Galicia); Yarleku Teatro en Castro Urdiales (Cantabria) y La Caja Flotante en Carballo (Galicia). En total, en Camino Escena Norte participar\u00e1n 15 compa\u00f1\u00edas de teatro, danza y nuevo circo, mostrando sus espect\u00e1culos en las 38 sedes que forman parte del Itinerario Constelaciones, el circuito de escenarios del CEN.<\/p>\n\n\n\n<p>La consejera de Cultura y Deporte, Rebeca Esnaola, ha presentado esta ma\u00f1ana la participaci\u00f3n navarra en el programa en el sal\u00f3n de actos del Museo de Navarra, acompa\u00f1ada de Ana Maestrojuan, de la Asociaci\u00f3n Empresarial Escena Navarra (ESNA); Di\u00e9go V\u00e1zquez Meizoso, coordinador del ciclo; Yolanda Gonz\u00e1lez alcaldesa de Viana; y Javier Napal \u201cNano\u201d, integrante de La Banda Teatro Circo. Tambi\u00e9n han participado Luc\u00eda Echegoyen, primera edil de Sang\u00fcesa, y Carmen Goikoetxea, concejala de Alsasua.<\/p>\n\n\n\n<p>\u201cEsta acci\u00f3n va a permitir mostrar la diversidad y gran calidad del sector de las Artes Esc\u00e9nicas de Navarra, y consolidar su visibilidad en el \u00e1mbito nacional\u201d, ha indicado Esnaola. \u201cEs algo que al Gobierno de Navarra nos ha preocupado enormemente, y que hemos ido trabajando a trav\u00e9s de diferentes acciones de promoci\u00f3n y acompa\u00f1amiento al sector en los dos \u00faltimos a\u00f1os, y que han permitido a nuestras compa\u00f1\u00edas profesionales mostrarse en otros territorios\u201d. La consejera ha a\u00f1adido que \u201cadem\u00e1s, se genera una intensa actividad de mediaci\u00f3n y de relaci\u00f3n con los p\u00fablicos y una programaci\u00f3n de dinamizaci\u00f3n profesional con el objetivo de crear redes de cooperaci\u00f3n y sinergias\u201d.&nbsp;<\/p>\n\n\n\n<p>El proyecto, que est\u00e1 financiado por la Direcci\u00f3n General de Cultura-Instituci\u00f3n Pr\u00edncipe de Viana y cuenta con la colaboraci\u00f3n de ESNA, busca permitir a las compa\u00f1\u00edas y profesionales de las artes esc\u00e9nicas de la Comunidad Foral girar sus espect\u00e1culos por otras comunidades aut\u00f3nomas, as\u00ed como ofrecer al p\u00fablico navarro propuestas de alta calidad de otras comunidades.<\/p>\n\n\n\n<p><strong>La programaci\u00f3n<\/strong><\/p>\n\n\n\n<p>Camino Escena Norte incluye tres actuaciones teatrales en Navarra, provenientes de fuera de la Comunidad. La primera tendr\u00e1 lugar el pr\u00f3ximo 11 de septiembre, domingo, en el centro cultural Iortia de Alsasua, a las 20 h, de la mano de la compa\u00f1\u00eda vasca Erre Produkzioak, que presentar\u00e1 la obra <em>Fake (trampantojo).<\/em> El 30 de septiembre, viernes, la plaza de Los Fueros de Viana acoger\u00e1 la obra <em>Son\u00e1mbulo<\/em>, de la compa\u00f1\u00eda gallega PistaCatro, a las 20:00 h. Por \u00faltimo, el 8 de octubre, s\u00e1bado, el auditorio del Carmen de Sang\u00fcesa ser\u00e1 escenario de la obra <em>Ecos en el fango<\/em>, de la compa\u00f1\u00eda c\u00e1ntabra La Machina Teatro, a las 20 h.<\/p>\n\n\n\n<p>Por otro lado, tres compa\u00f1\u00edas navarras mostrar\u00e1n su trabajo fuera de la Comunidad. Por un lado, La Banda Teatro Circo visitar\u00e1 la plaza de la Quintana de Santiago de Compostela (Galicia) el 10 de septiembre a las 20:00h, con la obra <em>Kimera<\/em>. Por otro lado, el 30 de septiembre, Yarleku Teatro representar\u00e1<em> La cosa m\u00e1s peque\u00f1a <\/em>en el castillo-faro de Castro Urdiales (Cantrabria), el 30 de septiembre, a las 18:30 h. Por \u00faltimo, La Caja Flotante ofrecer\u00e1 su pieza <em>Beautiful Stranger<\/em> en el Pazo de la Cultura de Carballo (Galicia), el 8 de octubre a las 20:45 h.<\/p>\n\n\n\n<p><strong>Edici\u00f3n 2022<\/strong><\/p>\n\n\n\n<p>Camino Escena Norte es un proyecto de intercambio cultural que desde 2019 pretende conectar, a trav\u00e9s de las artes esc\u00e9nicas, la producci\u00f3n cultural del Pa\u00eds Vasco, Cantabria, Asturias, Galicia y, este a\u00f1o, por primera vez, Navarra, tomando como referencia inicial las rutas de los Caminos a Santiago.<\/p>\n\n\n\n<p>La nueva edici\u00f3n se present\u00f3 el pasado 31 de agosto en un acto en la Paza del Obradoiro de Santiago de Compostela en la que particip\u00f3 el director general de Cultura-Instituci\u00f3n Pr\u00edncipe de Viana. En este 2022 se cuenta con m\u00e1s participantes, sedes y propuestas, una expansi\u00f3n en su compromiso por promover el intercambio esc\u00e9nico, art\u00edstico y profesional entre compa\u00f1\u00edas de las diferentes comunidades aut\u00f3nomas. Adem\u00e1s de Navarra, este a\u00f1o se ha incluido a la provincia de \u00c1lava en el circuito de representaciones, completando as\u00ed la programaci\u00f3n en el territorio de Euskadi.<\/p>\n\n\n\n<p>Camino Escena Norte cuenta con el apoyo econ\u00f3mico del Gobierno de Navarra, adem\u00e1s de la Xunta de Galicia, Gobierno del Principado de Asturias, Gobierno de Cantabria, Diputaci\u00f3n Foral de Araba, Diputaci\u00f3n Foral de Bizkaia y Diputaci\u00f3n Foral de Gipuzkoa, adem\u00e1s del Gobierno de Espa\u00f1a a trav\u00e9s del INAEM.<\/p>\n\n\n\n<p>Colaboran tambi\u00e9n la Diputaci\u00f3n Provincial de A Coru\u00f1a, Diputaci\u00f3n Provincial de Lugo, Concello de Lugo y los ayuntamientos de los distintos territorios participantes, tales como Alsasua, Viana y Sang\u00fcesa de la Comunidad Foral.\u00a0\u00a0<\/p>\n\n\n\n<p>El objetivo es crear un territorio cultural entre los sectores esc\u00e9nicos de las cinco comunidades aut\u00f3nomas, a trav\u00e9s de un circuito de intercambio esc\u00e9nico de car\u00e1cter expandido, con una intensa actividad de mediaci\u00f3n y de relaci\u00f3n con los p\u00fablicos y una programaci\u00f3n de dinamizaci\u00f3n profesional que busca la generaci\u00f3n de redes de cooperaci\u00f3n y sinergias.<\/p>\n\n\n\n<p>Camino Escena Norte cuenta, adem\u00e1s del itinerario de funciones, con un programa expandido pensado para ampliar y mejorar la relaci\u00f3n con los p\u00fablicos, y cuenta con actividades de encuentro, mediaci\u00f3n, dinamizaci\u00f3n profesional y sectorial. Por ejemplo, esta edici\u00f3n acoge, entre otras actividades, la participaci\u00f3n de la Red de Teatros de Navarra \u2013 Nafarroako Antzoki Sarea que junto con la red vasca Sarea y la red de programaciones para la danza en Galicia, participar\u00e1 en una presentaci\u00f3n el d\u00eda 14 de septiembre en Lugo.<\/p>\n","protected":false},"excerpt":{"rendered":"<p>Bajo el lema \u201cCrecen las sonrisas\u201d, el proyecto de intercambio cultural incluye representaciones teatrales en Alsasua, Viana y Sang\u00fcesa La Comunidad Foral participa estos meses de septiembre y octubre por [&hellip;]<\/p>\n","protected":false},"author":5,"featured_media":30429,"comment_status":"closed","ping_status":"open","sticky":false,"template":"","format":"standard","meta":{"footnotes":""},"categories":[4],"tags":[],"class_list":["post-30410","post","type-post","status-publish","format-standard","has-post-thumbnail","hentry","category-novas"],"yoast_head":"<!-- This site is optimized with the Yoast SEO plugin v27.2 - https:\/\/yoast.com\/product\/yoast-seo-wordpress\/ -->\n<title>El programa Camino Escena Norte llega en septiembre y octubre a Navarra - Camino Escena Norte<\/title>\n<meta name=\"robots\" content=\"index, follow, max-snippet:-1, max-image-preview:large, max-video-preview:-1\" \/>\n<link rel=\"canonical\" href=\"https:\/\/escenanorte.com\/gl\/el-programa-camino-escena-norte-llega-en-septiembre-y-octubre-a-navarra\/\" \/>\n<meta property=\"og:locale\" content=\"gl_ES\" \/>\n<meta property=\"og:type\" content=\"article\" \/>\n<meta property=\"og:title\" content=\"El programa Camino Escena Norte llega en septiembre y octubre a Navarra - Camino Escena Norte\" \/>\n<meta property=\"og:description\" content=\"Bajo el lema \u201cCrecen las sonrisas\u201d, el proyecto de intercambio cultural incluye representaciones teatrales en Alsasua, Viana y Sang\u00fcesa La Comunidad Foral participa estos meses de septiembre y octubre por [&hellip;]\" \/>\n<meta property=\"og:url\" content=\"https:\/\/escenanorte.com\/gl\/el-programa-camino-escena-norte-llega-en-septiembre-y-octubre-a-navarra\/\" \/>\n<meta property=\"og:site_name\" content=\"Camino Escena Norte\" \/>\n<meta property=\"article:publisher\" content=\"https:\/\/www.facebook.com\/escenanorte\" \/>\n<meta property=\"article:published_time\" content=\"2022-09-05T10:25:36+00:00\" \/>\n<meta property=\"article:modified_time\" content=\"2022-09-06T07:58:04+00:00\" \/>\n<meta property=\"og:image\" content=\"https:\/\/escenanorte.com\/wp-content\/uploads\/2022\/09\/WhatsApp-Image-2022-09-05-at-12.22.35-scaled.jpeg\" \/>\n\t<meta property=\"og:image:width\" content=\"1280\" \/>\n\t<meta property=\"og:image:height\" content=\"960\" \/>\n\t<meta property=\"og:image:type\" content=\"image\/jpeg\" \/>\n<meta name=\"author\" content=\"Noelia\" \/>\n<meta name=\"twitter:card\" content=\"summary_large_image\" \/>\n<meta name=\"twitter:label1\" content=\"Escrito por\" \/>\n\t<meta name=\"twitter:data1\" content=\"Noelia\" \/>\n\t<meta name=\"twitter:label2\" content=\"Tempo de lectura\" \/>\n\t<meta name=\"twitter:data2\" content=\"5 minutos\" \/>\n<script type=\"application\/ld+json\" class=\"yoast-schema-graph\">{\"@context\":\"https:\/\/schema.org\",\"@graph\":[{\"@type\":\"Article\",\"@id\":\"https:\/\/escenanorte.com\/gl\/el-programa-camino-escena-norte-llega-en-septiembre-y-octubre-a-navarra\/#article\",\"isPartOf\":{\"@id\":\"https:\/\/escenanorte.com\/gl\/el-programa-camino-escena-norte-llega-en-septiembre-y-octubre-a-navarra\/\"},\"author\":{\"name\":\"Noelia\",\"@id\":\"https:\/\/escenanorte.com\/gl\/#\/schema\/person\/e710b5aa0c486f243b4d527a4259c37c\"},\"headline\":\"El programa Camino Escena Norte llega en septiembre y octubre a Navarra\",\"datePublished\":\"2022-09-05T10:25:36+00:00\",\"dateModified\":\"2022-09-06T07:58:04+00:00\",\"mainEntityOfPage\":{\"@id\":\"https:\/\/escenanorte.com\/gl\/el-programa-camino-escena-norte-llega-en-septiembre-y-octubre-a-navarra\/\"},\"wordCount\":1068,\"image\":{\"@id\":\"https:\/\/escenanorte.com\/gl\/el-programa-camino-escena-norte-llega-en-septiembre-y-octubre-a-navarra\/#primaryimage\"},\"thumbnailUrl\":\"https:\/\/escenanorte.com\/wp-content\/uploads\/2022\/09\/WhatsApp-Image-2022-09-05-at-12.22.35-scaled.jpeg\",\"articleSection\":[\"Novas\"],\"inLanguage\":\"gl-ES\"},{\"@type\":\"WebPage\",\"@id\":\"https:\/\/escenanorte.com\/gl\/el-programa-camino-escena-norte-llega-en-septiembre-y-octubre-a-navarra\/\",\"url\":\"https:\/\/escenanorte.com\/gl\/el-programa-camino-escena-norte-llega-en-septiembre-y-octubre-a-navarra\/\",\"name\":\"El programa Camino Escena Norte llega en septiembre y octubre a Navarra - Camino Escena Norte\",\"isPartOf\":{\"@id\":\"https:\/\/escenanorte.com\/gl\/#website\"},\"primaryImageOfPage\":{\"@id\":\"https:\/\/escenanorte.com\/gl\/el-programa-camino-escena-norte-llega-en-septiembre-y-octubre-a-navarra\/#primaryimage\"},\"image\":{\"@id\":\"https:\/\/escenanorte.com\/gl\/el-programa-camino-escena-norte-llega-en-septiembre-y-octubre-a-navarra\/#primaryimage\"},\"thumbnailUrl\":\"https:\/\/escenanorte.com\/wp-content\/uploads\/2022\/09\/WhatsApp-Image-2022-09-05-at-12.22.35-scaled.jpeg\",\"datePublished\":\"2022-09-05T10:25:36+00:00\",\"dateModified\":\"2022-09-06T07:58:04+00:00\",\"author\":{\"@id\":\"https:\/\/escenanorte.com\/gl\/#\/schema\/person\/e710b5aa0c486f243b4d527a4259c37c\"},\"breadcrumb\":{\"@id\":\"https:\/\/escenanorte.com\/gl\/el-programa-camino-escena-norte-llega-en-septiembre-y-octubre-a-navarra\/#breadcrumb\"},\"inLanguage\":\"gl-ES\",\"potentialAction\":[{\"@type\":\"ReadAction\",\"target\":[\"https:\/\/escenanorte.com\/gl\/el-programa-camino-escena-norte-llega-en-septiembre-y-octubre-a-navarra\/\"]}]},{\"@type\":\"ImageObject\",\"inLanguage\":\"gl-ES\",\"@id\":\"https:\/\/escenanorte.com\/gl\/el-programa-camino-escena-norte-llega-en-septiembre-y-octubre-a-navarra\/#primaryimage\",\"url\":\"https:\/\/escenanorte.com\/wp-content\/uploads\/2022\/09\/WhatsApp-Image-2022-09-05-at-12.22.35-scaled.jpeg\",\"contentUrl\":\"https:\/\/escenanorte.com\/wp-content\/uploads\/2022\/09\/WhatsApp-Image-2022-09-05-at-12.22.35-scaled.jpeg\",\"width\":1280,\"height\":960},{\"@type\":\"BreadcrumbList\",\"@id\":\"https:\/\/escenanorte.com\/gl\/el-programa-camino-escena-norte-llega-en-septiembre-y-octubre-a-navarra\/#breadcrumb\",\"itemListElement\":[{\"@type\":\"ListItem\",\"position\":1,\"name\":\"Portada\",\"item\":\"https:\/\/escenanorte.com\/gl\/\"},{\"@type\":\"ListItem\",\"position\":2,\"name\":\"El programa Camino Escena Norte llega en septiembre y octubre a Navarra\"}]},{\"@type\":\"WebSite\",\"@id\":\"https:\/\/escenanorte.com\/gl\/#website\",\"url\":\"https:\/\/escenanorte.com\/gl\/\",\"name\":\"Camino Escena Norte\",\"description\":\"Escena Norte\",\"potentialAction\":[{\"@type\":\"SearchAction\",\"target\":{\"@type\":\"EntryPoint\",\"urlTemplate\":\"https:\/\/escenanorte.com\/gl\/?s={search_term_string}\"},\"query-input\":{\"@type\":\"PropertyValueSpecification\",\"valueRequired\":true,\"valueName\":\"search_term_string\"}}],\"inLanguage\":\"gl-ES\"},{\"@type\":\"Person\",\"@id\":\"https:\/\/escenanorte.com\/gl\/#\/schema\/person\/e710b5aa0c486f243b4d527a4259c37c\",\"name\":\"Noelia\",\"image\":{\"@type\":\"ImageObject\",\"inLanguage\":\"gl-ES\",\"@id\":\"https:\/\/secure.gravatar.com\/avatar\/d590b317b870f28020001606673cfd05bb4d34b9ede2d6a843ea8073c8ac9352?s=96&d=blank&r=g\",\"url\":\"https:\/\/secure.gravatar.com\/avatar\/d590b317b870f28020001606673cfd05bb4d34b9ede2d6a843ea8073c8ac9352?s=96&d=blank&r=g\",\"contentUrl\":\"https:\/\/secure.gravatar.com\/avatar\/d590b317b870f28020001606673cfd05bb4d34b9ede2d6a843ea8073c8ac9352?s=96&d=blank&r=g\",\"caption\":\"Noelia\"},\"url\":\"https:\/\/escenanorte.com\/gl\/author\/noelia\/\"}]}<\/script>\n<!-- \/ Yoast SEO plugin. -->","yoast_head_json":{"title":"El programa Camino Escena Norte llega en septiembre y octubre a Navarra - Camino Escena Norte","robots":{"index":"index","follow":"follow","max-snippet":"max-snippet:-1","max-image-preview":"max-image-preview:large","max-video-preview":"max-video-preview:-1"},"canonical":"https:\/\/escenanorte.com\/gl\/el-programa-camino-escena-norte-llega-en-septiembre-y-octubre-a-navarra\/","og_locale":"gl_ES","og_type":"article","og_title":"El programa Camino Escena Norte llega en septiembre y octubre a Navarra - Camino Escena Norte","og_description":"Bajo el lema \u201cCrecen las sonrisas\u201d, el proyecto de intercambio cultural incluye representaciones teatrales en Alsasua, Viana y Sang\u00fcesa La Comunidad Foral participa estos meses de septiembre y octubre por [&hellip;]","og_url":"https:\/\/escenanorte.com\/gl\/el-programa-camino-escena-norte-llega-en-septiembre-y-octubre-a-navarra\/","og_site_name":"Camino Escena Norte","article_publisher":"https:\/\/www.facebook.com\/escenanorte","article_published_time":"2022-09-05T10:25:36+00:00","article_modified_time":"2022-09-06T07:58:04+00:00","og_image":[{"width":1280,"height":960,"url":"https:\/\/escenanorte.com\/wp-content\/uploads\/2022\/09\/WhatsApp-Image-2022-09-05-at-12.22.35-scaled.jpeg","type":"image\/jpeg"}],"author":"Noelia","twitter_card":"summary_large_image","twitter_misc":{"Escrito por":"Noelia","Tempo de lectura":"5 minutos"},"schema":{"@context":"https:\/\/schema.org","@graph":[{"@type":"Article","@id":"https:\/\/escenanorte.com\/gl\/el-programa-camino-escena-norte-llega-en-septiembre-y-octubre-a-navarra\/#article","isPartOf":{"@id":"https:\/\/escenanorte.com\/gl\/el-programa-camino-escena-norte-llega-en-septiembre-y-octubre-a-navarra\/"},"author":{"name":"Noelia","@id":"https:\/\/escenanorte.com\/gl\/#\/schema\/person\/e710b5aa0c486f243b4d527a4259c37c"},"headline":"El programa Camino Escena Norte llega en septiembre y octubre a Navarra","datePublished":"2022-09-05T10:25:36+00:00","dateModified":"2022-09-06T07:58:04+00:00","mainEntityOfPage":{"@id":"https:\/\/escenanorte.com\/gl\/el-programa-camino-escena-norte-llega-en-septiembre-y-octubre-a-navarra\/"},"wordCount":1068,"image":{"@id":"https:\/\/escenanorte.com\/gl\/el-programa-camino-escena-norte-llega-en-septiembre-y-octubre-a-navarra\/#primaryimage"},"thumbnailUrl":"https:\/\/escenanorte.com\/wp-content\/uploads\/2022\/09\/WhatsApp-Image-2022-09-05-at-12.22.35-scaled.jpeg","articleSection":["Novas"],"inLanguage":"gl-ES"},{"@type":"WebPage","@id":"https:\/\/escenanorte.com\/gl\/el-programa-camino-escena-norte-llega-en-septiembre-y-octubre-a-navarra\/","url":"https:\/\/escenanorte.com\/gl\/el-programa-camino-escena-norte-llega-en-septiembre-y-octubre-a-navarra\/","name":"El programa Camino Escena Norte llega en septiembre y octubre a Navarra - Camino Escena Norte","isPartOf":{"@id":"https:\/\/escenanorte.com\/gl\/#website"},"primaryImageOfPage":{"@id":"https:\/\/escenanorte.com\/gl\/el-programa-camino-escena-norte-llega-en-septiembre-y-octubre-a-navarra\/#primaryimage"},"image":{"@id":"https:\/\/escenanorte.com\/gl\/el-programa-camino-escena-norte-llega-en-septiembre-y-octubre-a-navarra\/#primaryimage"},"thumbnailUrl":"https:\/\/escenanorte.com\/wp-content\/uploads\/2022\/09\/WhatsApp-Image-2022-09-05-at-12.22.35-scaled.jpeg","datePublished":"2022-09-05T10:25:36+00:00","dateModified":"2022-09-06T07:58:04+00:00","author":{"@id":"https:\/\/escenanorte.com\/gl\/#\/schema\/person\/e710b5aa0c486f243b4d527a4259c37c"},"breadcrumb":{"@id":"https:\/\/escenanorte.com\/gl\/el-programa-camino-escena-norte-llega-en-septiembre-y-octubre-a-navarra\/#breadcrumb"},"inLanguage":"gl-ES","potentialAction":[{"@type":"ReadAction","target":["https:\/\/escenanorte.com\/gl\/el-programa-camino-escena-norte-llega-en-septiembre-y-octubre-a-navarra\/"]}]},{"@type":"ImageObject","inLanguage":"gl-ES","@id":"https:\/\/escenanorte.com\/gl\/el-programa-camino-escena-norte-llega-en-septiembre-y-octubre-a-navarra\/#primaryimage","url":"https:\/\/escenanorte.com\/wp-content\/uploads\/2022\/09\/WhatsApp-Image-2022-09-05-at-12.22.35-scaled.jpeg","contentUrl":"https:\/\/escenanorte.com\/wp-content\/uploads\/2022\/09\/WhatsApp-Image-2022-09-05-at-12.22.35-scaled.jpeg","width":1280,"height":960},{"@type":"BreadcrumbList","@id":"https:\/\/escenanorte.com\/gl\/el-programa-camino-escena-norte-llega-en-septiembre-y-octubre-a-navarra\/#breadcrumb","itemListElement":[{"@type":"ListItem","position":1,"name":"Portada","item":"https:\/\/escenanorte.com\/gl\/"},{"@type":"ListItem","position":2,"name":"El programa Camino Escena Norte llega en septiembre y octubre a Navarra"}]},{"@type":"WebSite","@id":"https:\/\/escenanorte.com\/gl\/#website","url":"https:\/\/escenanorte.com\/gl\/","name":"Camino Escena Norte","description":"Escena Norte","potentialAction":[{"@type":"SearchAction","target":{"@type":"EntryPoint","urlTemplate":"https:\/\/escenanorte.com\/gl\/?s={search_term_string}"},"query-input":{"@type":"PropertyValueSpecification","valueRequired":true,"valueName":"search_term_string"}}],"inLanguage":"gl-ES"},{"@type":"Person","@id":"https:\/\/escenanorte.com\/gl\/#\/schema\/person\/e710b5aa0c486f243b4d527a4259c37c","name":"Noelia","image":{"@type":"ImageObject","inLanguage":"gl-ES","@id":"https:\/\/secure.gravatar.com\/avatar\/d590b317b870f28020001606673cfd05bb4d34b9ede2d6a843ea8073c8ac9352?s=96&d=blank&r=g","url":"https:\/\/secure.gravatar.com\/avatar\/d590b317b870f28020001606673cfd05bb4d34b9ede2d6a843ea8073c8ac9352?s=96&d=blank&r=g","contentUrl":"https:\/\/secure.gravatar.com\/avatar\/d590b317b870f28020001606673cfd05bb4d34b9ede2d6a843ea8073c8ac9352?s=96&d=blank&r=g","caption":"Noelia"},"url":"https:\/\/escenanorte.com\/gl\/author\/noelia\/"}]}},"publishpress_future_action":{"enabled":false,"date":"2026-05-06 18:46:47","action":"change-status","newStatus":"draft","terms":[],"taxonomy":"category","extraData":[]},"publishpress_future_workflow_manual_trigger":{"enabledWorkflows":[]},"_links":{"self":[{"href":"https:\/\/escenanorte.com\/gl\/wp-json\/wp\/v2\/posts\/30410","targetHints":{"allow":["GET"]}}],"collection":[{"href":"https:\/\/escenanorte.com\/gl\/wp-json\/wp\/v2\/posts"}],"about":[{"href":"https:\/\/escenanorte.com\/gl\/wp-json\/wp\/v2\/types\/post"}],"author":[{"embeddable":true,"href":"https:\/\/escenanorte.com\/gl\/wp-json\/wp\/v2\/users\/5"}],"replies":[{"embeddable":true,"href":"https:\/\/escenanorte.com\/gl\/wp-json\/wp\/v2\/comments?post=30410"}],"version-history":[{"count":2,"href":"https:\/\/escenanorte.com\/gl\/wp-json\/wp\/v2\/posts\/30410\/revisions"}],"predecessor-version":[{"id":30491,"href":"https:\/\/escenanorte.com\/gl\/wp-json\/wp\/v2\/posts\/30410\/revisions\/30491"}],"wp:featuredmedia":[{"embeddable":true,"href":"https:\/\/escenanorte.com\/gl\/wp-json\/wp\/v2\/media\/30429"}],"wp:attachment":[{"href":"https:\/\/escenanorte.com\/gl\/wp-json\/wp\/v2\/media?parent=30410"}],"wp:term":[{"taxonomy":"category","embeddable":true,"href":"https:\/\/escenanorte.com\/gl\/wp-json\/wp\/v2\/categories?post=30410"},{"taxonomy":"post_tag","embeddable":true,"href":"https:\/\/escenanorte.com\/gl\/wp-json\/wp\/v2\/tags?post=30410"}],"curies":[{"name":"wp","href":"https:\/\/api.w.org\/{rel}","templated":true}]}}