{"id":82533,"global_id":"escenanorte.com\/gl\/?id=82533","global_id_lineage":["escenanorte.com\/gl\/?id=82533"],"author":"1","status":"publish","date":"2026-09-04 09:00:28","date_utc":"2026-09-04 07:00:28","modified":"2026-09-01 20:58:02","modified_utc":"2026-09-01 18:58:02","url":"https:\/\/escenanorte.com\/gl\/evento\/peter-pan-y-wendy-el-perro-azul-la-rioja-2\/","rest_url":"https:\/\/escenanorte.com\/gl\/wp-json\/tribe\/events\/v1\/events\/82533","title":"Peter Pan y Wendy |  El perro azul, La Rioja","description":"<h5 class=\"wp-block-heading\"><strong>Tipo: Teatro y t\u00edteres<\/strong><\/h5>\n<ul class=\"wp-block-list\">\n<li class=\"has-small-font-size\"><strong>P\u00fablico: Todos los p\u00fablicos<\/strong><\/li>\n<li class=\"has-small-font-size\"><strong>Duraci\u00f3n: 55\u2019<\/strong><\/li>\n<li class=\"has-small-font-size\"><strong>Idioma: Castellano<\/strong><\/li>\n<li class=\"has-small-font-size\"><strong>Estreno: 19 de enero del 2018.. MADferia, Matadero Madrid. Madrid<\/strong><\/li>\n<\/ul>\n<p class=\"wp-block-paragraph\"><strong>Todos los ni\u00f1os crecen, menos uno: Peter Pan.<\/strong><\/p>\n<p class=\"wp-block-paragraph\"><strong>La ni\u00f1a Wendy deja su casa y marcha, volando con Peter Pan y Campanilla, al pa\u00eds de Nunca Jam\u00e1s, una isla m\u00e1gica, con los ni\u00f1os perdidos, las hadas y las sirenas, para vivir fant\u00e1sticas aventuras en compa\u00f1\u00eda de los indios, peleando con los piratas y su capit\u00e1n, Garfio. Finalmente, Wendy regresa a casa con los ni\u00f1os perdidos.<\/strong><\/p>\n<p class=\"wp-block-paragraph\"><strong>Peter Pan volver\u00e1, pasados los a\u00f1os, al llegar la fiesta de primavera y, si no se olvida, se llevar\u00e1 a la hija de Wendy al pa\u00eds de Nunca Jam\u00e1s.<\/strong><\/p>\n<p class=\"wp-block-paragraph\"><strong>Cuando la ni\u00f1a crezca, tendr\u00e1 una hija que a su vez ir\u00e1 al pa\u00eds de Nunca Jam\u00e1s.<\/strong><\/p>\n<p class=\"wp-block-paragraph\"><strong>Y as\u00ed suceder\u00e1 siempre, mientras los ni\u00f1os sigan siendo alegres, inocentes y crueles.<\/strong><\/p>\n<p class=\"wp-block-paragraph\"><strong>El Perro Azul<\/strong> es un proyecto de artes esc\u00e9nicas creado y dirigido por Fernando Moreno. Nace desde una mirada art\u00edstica personal y arriesgada, con la intenci\u00f3n de crear espect\u00e1culos capaces de emocionar al p\u00fablico de cualquier edad. M\u00e1s all\u00e1<br \/>\ndel mero entretenimiento, el trabajo de la compa\u00f1\u00eda busca que el espectador participe de un encuentro evocador sobre el escenario. Un espacio com\u00fan donde habitar nuestras preguntas y sue\u00f1os. Creamos a trav\u00e9s del lenguaje gestual, donde el cuerpo del actor habla, mientras sus palabras pueden volar.<\/p>\n<p class=\"wp-block-paragraph\">El Perro Azul ha participado en importantes ferias y festivales nacionales: FETEN (Gij\u00f3n), MADferia (Madrid), Teatralia (Madrid), Umore Azoka Leioa, Mostra Igualada, FIET (Islas Baleares), el Circuito ASSITEJ o en el Programa PLATEA, entre otros.<\/p>\n<p><span style=\"color: #339966;\"><strong>Reserva entrada en taquilla o en <a style=\"color: #339966;\" href=\"https:\/\/www.reservaentradas.com\" target=\"_blank\" rel=\"noopener\">www.reservaentradas.com<\/a><\/strong><\/span><\/p>\n<div class=\"epyt-video-wrapper\"><iframe loading=\"lazy\"  id=\"_ytid_70647\"  width=\"800\" height=\"450\"  data-origwidth=\"800\" data-origheight=\"450\"  data-relstop=\"1\" src=\"https:\/\/www.youtube-nocookie.com\/embed\/1kGebfaKaT4?enablejsapi=1&#038;origin=https:\/\/escenanorte.com&#038;autoplay=0&#038;cc_load_policy=1&#038;cc_lang_pref=es&#038;iv_load_policy=1&#038;loop=0&#038;rel=0&#038;fs=1&#038;playsinline=0&#038;autohide=2&#038;hl=gl_ES&#038;theme=dark&#038;color=red&#038;controls=1&#038;disablekb=0&#038;\" class=\"__youtube_prefs__  epyt-is-override  no-lazyload\" title=\"YouTube player\"  allow=\"fullscreen; accelerometer; autoplay; clipboard-write; encrypted-media; gyroscope; picture-in-picture; web-share\" referrerpolicy=\"strict-origin-when-cross-origin\" allowfullscreen data-no-lazy=\"1\" data-skipgform_ajax_framebjll=\"\"><\/iframe><\/div>","excerpt":"","slug":"peter-pan-y-wendy-el-perro-azul-la-rioja-2","image":{"url":"https:\/\/escenanorte.com\/wp-content\/uploads\/2026\/06\/Foto-1-@Rafa-Lafuente-scaled.jpg","id":81392,"extension":"jpg","width":2560,"height":1707,"filesize":343147,"sizes":{"medium":{"width":300,"height":200,"mime-type":"image\/jpeg","filesize":16548,"url":"https:\/\/escenanorte.com\/wp-content\/uploads\/2026\/06\/Foto-1-@Rafa-Lafuente-300x200.jpg"},"large":{"width":1024,"height":683,"mime-type":"image\/jpeg","filesize":70356,"url":"https:\/\/escenanorte.com\/wp-content\/uploads\/2026\/06\/Foto-1-@Rafa-Lafuente-1024x683.jpg"},"thumbnail":{"width":150,"height":150,"mime-type":"image\/jpeg","filesize":12271,"url":"https:\/\/escenanorte.com\/wp-content\/uploads\/2026\/06\/Foto-1-@Rafa-Lafuente-150x150.jpg"},"medium_large":{"width":768,"height":512,"mime-type":"image\/jpeg","filesize":46974,"url":"https:\/\/escenanorte.com\/wp-content\/uploads\/2026\/06\/Foto-1-@Rafa-Lafuente-768x512.jpg"},"1536x1536":{"width":1536,"height":1024,"mime-type":"image\/jpeg","filesize":133065,"url":"https:\/\/escenanorte.com\/wp-content\/uploads\/2026\/06\/Foto-1-@Rafa-Lafuente-1536x1024.jpg"},"2048x2048":{"width":2048,"height":1365,"mime-type":"image\/jpeg","filesize":222330,"url":"https:\/\/escenanorte.com\/wp-content\/uploads\/2026\/06\/Foto-1-@Rafa-Lafuente-2048x1365.jpg"}},"original_image":"Foto-1-@Rafa-Lafuente.jpg"},"all_day":false,"start_date":"2026-10-02 19:30:00","start_date_details":{"year":"2026","month":"10","day":"02","hour":"19","minutes":"30","seconds":"00"},"end_date":"2026-10-02 20:30:00","end_date_details":{"year":"2026","month":"10","day":"02","hour":"20","minutes":"30","seconds":"00"},"utc_start_date":"2026-10-02 17:30:00","utc_start_date_details":{"year":"2026","month":"10","day":"02","hour":"17","minutes":"30","seconds":"00"},"utc_end_date":"2026-10-02 18:30:00","utc_end_date_details":{"year":"2026","month":"10","day":"02","hour":"18","minutes":"30","seconds":"00"},"timezone":"Europe\/Madrid","timezone_abbr":"CEST","cost":"Entrada libre hasta completar aforo","cost_details":{"currency_symbol":"\u20ac","currency_code":"EUR","currency_position":"suffix","values":["0"]},"website":"www.reservaentradas.com","show_map":true,"show_map_link":true,"hide_from_listings":false,"sticky":true,"featured":true,"categories":[{"name":"Constelaci\u00f3ns Cantabria","slug":"constelacions-cantabria","term_group":0,"term_taxonomy_id":395,"taxonomy":"tribe_events_cat","description":"","parent":0,"count":9,"filter":"raw","id":395,"urls":{"self":"https:\/\/escenanorte.com\/gl\/wp-json\/tribe\/events\/v1\/categories\/395","collection":"https:\/\/escenanorte.com\/gl\/wp-json\/tribe\/events\/v1\/categories"}}],"tags":[],"venue":{"id":82420,"author":"1","status":"publish","date":"2026-08-30 20:41:48","date_utc":"2026-08-30 18:41:48","modified":"2026-08-30 20:41:48","modified_utc":"2026-08-30 18:41:48","url":"https:\/\/escenanorte.com\/es\/lugar\/teatro-municipal-los-corrales-de-buelna\/","venue":"Teatro Municipal Los Corrales de Buelna","slug":"teatro-municipal-los-corrales-de-buelna","address":"Av. Cantabria19","city":"Los Corrales de Buelna","province":"Cantabria","zip":"39400","website":"https:\/\/espaciolaplaza.es\/","stateprovince":"Cantabria","json_ld":{"@type":"Place","name":"Teatro Municipal Los Corrales de Buelna","description":"","url":"","address":{"@type":"PostalAddress","streetAddress":"Av. Cantabria19","addressLocality":"Los Corrales de Buelna","addressRegion":"Cantabria","postalCode":"39400"},"telephone":"","sameAs":"https:\/\/espaciolaplaza.es\/"},"show_map":true,"show_map_link":true,"global_id":"escenanorte.com\/gl\/?id=82420","global_id_lineage":["escenanorte.com\/gl\/?id=82420"]},"organizer":[],"custom_fields":[],"json_ld":{"@context":"http:\/\/schema.org","@type":"Event","name":"Peter Pan y Wendy |  El perro azul, La Rioja","description":"&lt;p&gt;Tipo: Teatro y t\u00edteres P\u00fablico: Todos los p\u00fablicos Duraci\u00f3n: 55\u2019 Idioma: Castellano Estreno: 19 de enero del 2018.. MADferia, Matadero Madrid. Madrid Todos los ni\u00f1os crecen, menos uno: Peter Pan. [&hellip;]&lt;\/p&gt;\\n","image":"https:\/\/escenanorte.com\/wp-content\/uploads\/2026\/06\/Foto-1-@Rafa-Lafuente-scaled.jpg","url":"https:\/\/escenanorte.com\/gl\/evento\/peter-pan-y-wendy-el-perro-azul-la-rioja-2\/","eventAttendanceMode":"https:\/\/schema.org\/OfflineEventAttendanceMode","eventStatus":"https:\/\/schema.org\/EventScheduled","startDate":"2026-10-02T19:30:00+02:00","endDate":"2026-10-02T20:30:00+02:00","location":{"@type":"Place","name":"Teatro Municipal Los Corrales de Buelna","description":"","url":"","address":{"@type":"PostalAddress","streetAddress":"Av. Cantabria19","addressLocality":"Los Corrales de Buelna","addressRegion":"Cantabria","postalCode":"39400"},"telephone":"","sameAs":"https:\/\/espaciolaplaza.es\/"},"offers":{"@type":"Offer","price":"0","priceCurrency":"EUR","url":"https:\/\/escenanorte.com\/gl\/evento\/peter-pan-y-wendy-el-perro-azul-la-rioja-2\/","category":"primary","availability":"inStock","validFrom":"1970-01-01T00:00:00+00:00"},"performer":"Organization"}}