{"id":82039,"global_id":"escenanorte.com\/gl\/?id=82039","global_id_lineage":["escenanorte.com\/gl\/?id=82039"],"author":"1","status":"publish","date":"2026-09-01 10:00:48","date_utc":"2026-09-01 08:00:48","modified":"2026-08-27 11:39:15","modified_utc":"2026-08-27 09:39:15","url":"https:\/\/escenanorte.com\/gl\/evento\/voo-vuelo-teatro-o-cubo-galicia\/","rest_url":"https:\/\/escenanorte.com\/gl\/wp-json\/tribe\/events\/v1\/events\/82039","title":"Voo \/ Vuelo | Teatro O Cubo,  Galicia","description":"<h5 class=\"wp-block-heading\"><strong>Tipo: Teatro y danza<\/strong><\/h5>\n<ul class=\"wp-block-list\">\n<li class=\"has-small-font-size\"><strong>P\u00fablico: Infantil y familiar<\/strong><\/li>\n<li class=\"has-small-font-size\"><strong>Duraci\u00f3n: 45\u2019<\/strong><\/li>\n<li class=\"has-small-font-size\"><strong>Idioma: Castellano \u2013 Gallego<\/strong><\/li>\n<li class=\"has-small-font-size\"><strong>Estreno: 27 de diciembre de 2025. Auditorio de Galicia, Santiago de Compostela (A Coru\u00f1a) \u2013 Galicia<\/strong><\/li>\n<\/ul>\n<p class=\"wp-block-paragraph\"><strong>\u2018Voo\u2019 es el nuevo espect\u00e1culo de Teatro O Cubo, una hermosa pieza de teatro f\u00edsico y manipulaci\u00f3n de objetos para p\u00fablico infantil y familiar que aborda la meta m\u00e1s so\u00f1ada por el ser humano: \u00a1poder volar sin alas!<\/strong><\/p>\n<p class=\"wp-block-paragraph\"><strong>Inspiradas por esta utop\u00eda, dos personajes se lanzar\u00e1n a la b\u00fasqueda del cielo envolviendo al p\u00fablico en la ingravidez y la fantas\u00eda. Empezar\u00e1n con ilusi\u00f3n y asombro, entrar\u00e1 en juego la exigencia y la avidez por el \u00e9xito y pasar\u00e1n por otros lugares como la convivencia, la amistad y el descubrimiento del goce de so\u00f1ar alto sin tener que ganar o perder.<\/strong><\/p>\n<p class=\"wp-block-paragraph\"><strong>La danza, la m\u00fasica, el movimiento, la poes\u00eda visual y la comicidad est\u00e1n presentes en todo momento, haciendo de esta propuesta un viaje para los sentidos.<\/strong><\/p>\n<p class=\"wp-block-paragraph\"><strong>Teatro O Cubo<\/strong> es una compa\u00f1\u00eda gallega de artes esc\u00e9nicas fundada en 2016 por Sof\u00eda Espi\u00f1eira y Roberto C. Mouri\u00f1o. Su propuesta profesional se fundamenta en la hibridaci\u00f3n de lenguajes, utilizando el teatro como soporte para integrar disciplinas como el circo, la danza, la m\u00fasica en directo y el teatro de objetos y marionetas. Su trabajo se orienta principalmente hacia el teatro familiar, de calle y de peque\u00f1o formato, y se caracteriza por una puesta en escena donde el movimiento f\u00edsico y la manipulaci\u00f3n de objetos tienen tanto peso narrativo como el texto.<\/p>\n<p class=\"wp-block-paragraph\">En su trayectoria destacan montajes como \u2018Nube, Nube, Sol\u2019, \u2018Ghop!\u2019, \u2018De Vilatriste a Vilalegre\u2019 y \u2018Voo\u2019, producciones que reflejan su modelo de creaci\u00f3n interdisciplinar y su formaci\u00f3n t\u00e9cnica en diversas \u00e1reas art\u00edsticas.<\/p>\n<p><strong><span style=\"color: #339966;\">\u24d8 Funci\u00f3n concertada con Centros Educativos, previa inscripci\u00f3n de los centros.<\/span><\/strong><\/p>\n<div class=\"epyt-video-wrapper\"><iframe loading=\"lazy\"  id=\"_ytid_83615\"  width=\"800\" height=\"450\"  data-origwidth=\"800\" data-origheight=\"450\"  data-relstop=\"1\" src=\"https:\/\/www.youtube-nocookie.com\/embed\/2YgG9w1g2qI?enablejsapi=1&#038;origin=https:\/\/escenanorte.com&#038;autoplay=0&#038;cc_load_policy=1&#038;cc_lang_pref=es&#038;iv_load_policy=1&#038;loop=0&#038;rel=0&#038;fs=1&#038;playsinline=0&#038;autohide=2&#038;hl=gl_ES&#038;theme=dark&#038;color=red&#038;controls=1&#038;disablekb=0&#038;\" class=\"__youtube_prefs__  epyt-is-override  no-lazyload\" title=\"YouTube player\"  allow=\"fullscreen; accelerometer; autoplay; clipboard-write; encrypted-media; gyroscope; picture-in-picture; web-share\" referrerpolicy=\"strict-origin-when-cross-origin\" allowfullscreen data-no-lazy=\"1\" data-skipgform_ajax_framebjll=\"\"><\/iframe><\/div>","excerpt":"","slug":"voo-vuelo-teatro-o-cubo-galicia","image":{"url":"https:\/\/escenanorte.com\/wp-content\/uploads\/2026\/06\/2.-Voo-Teatro-O-Cubo-@Diego-Bea-Besada-scaled.jpg","id":81299,"extension":"jpg","width":2560,"height":1707,"filesize":902577,"sizes":{"medium":{"width":300,"height":200,"mime-type":"image\/jpeg","filesize":42293,"url":"https:\/\/escenanorte.com\/wp-content\/uploads\/2026\/06\/2.-Voo-Teatro-O-Cubo-@Diego-Bea-Besada-300x200.jpg"},"large":{"width":1024,"height":683,"mime-type":"image\/jpeg","filesize":137786,"url":"https:\/\/escenanorte.com\/wp-content\/uploads\/2026\/06\/2.-Voo-Teatro-O-Cubo-@Diego-Bea-Besada-1024x683.jpg"},"thumbnail":{"width":150,"height":150,"mime-type":"image\/jpeg","filesize":35368,"url":"https:\/\/escenanorte.com\/wp-content\/uploads\/2026\/06\/2.-Voo-Teatro-O-Cubo-@Diego-Bea-Besada-150x150.jpg"},"medium_large":{"width":768,"height":512,"mime-type":"image\/jpeg","filesize":92636,"url":"https:\/\/escenanorte.com\/wp-content\/uploads\/2026\/06\/2.-Voo-Teatro-O-Cubo-@Diego-Bea-Besada-768x512.jpg"}},"original_image":"2.-Voo-Teatro-O-Cubo-@Diego-Bea-Besada.jpg"},"all_day":false,"start_date":"2026-10-21 12:00:00","start_date_details":{"year":"2026","month":"10","day":"21","hour":"12","minutes":"00","seconds":"00"},"end_date":"2026-10-21 13:00:00","end_date_details":{"year":"2026","month":"10","day":"21","hour":"13","minutes":"00","seconds":"00"},"utc_start_date":"2026-10-21 10:00:00","utc_start_date_details":{"year":"2026","month":"10","day":"21","hour":"10","minutes":"00","seconds":"00"},"utc_end_date":"2026-10-21 11:00:00","utc_end_date_details":{"year":"2026","month":"10","day":"21","hour":"11","minutes":"00","seconds":"00"},"timezone":"Europe\/Madrid","timezone_abbr":"CEST","cost":"","cost_details":{"currency_symbol":"\u20ac","currency_code":"EUR","currency_position":"suffix","values":[]},"website":"","show_map":true,"show_map_link":true,"hide_from_listings":false,"sticky":true,"featured":true,"categories":[{"name":"Constelaci\u00f3ns Asturias","slug":"constelacions-asturias","term_group":0,"term_taxonomy_id":388,"taxonomy":"tribe_events_cat","description":"","parent":0,"count":10,"filter":"raw","id":388,"urls":{"self":"https:\/\/escenanorte.com\/gl\/wp-json\/tribe\/events\/v1\/categories\/388","collection":"https:\/\/escenanorte.com\/gl\/wp-json\/tribe\/events\/v1\/categories"}},{"name":"Vieiros","slug":"vieiros","term_group":0,"term_taxonomy_id":126,"taxonomy":"tribe_events_cat","description":"","parent":29,"count":3,"filter":"raw","id":126,"urls":{"self":"https:\/\/escenanorte.com\/gl\/wp-json\/tribe\/events\/v1\/categories\/126","collection":"https:\/\/escenanorte.com\/gl\/wp-json\/tribe\/events\/v1\/categories","up":"https:\/\/escenanorte.com\/gl\/wp-json\/tribe\/events\/v1\/categories\/29"}}],"tags":[],"venue":{"id":77374,"author":"6","status":"publish","date":"2026-08-01 15:35:04","date_utc":"2026-08-01 13:35:04","modified":"2026-08-27 12:19:51","modified_utc":"2026-08-27 10:19:51","url":"https:\/\/escenanorte.com\/gl\/lugar\/salon-de-actos-del-ateneo\/","venue":"Ateneo de la Calzada","description":"<p>O Ateneo ofrece un completo programa formativo e unha ampla e variada oferta de actividades culturais a trav\u00e9s dos seus programas: \u201cDi\u00e1logos de Ateneo\u201d, \u201cPatio de Ateneo\u201d, \u201cIgualdade\u201d e \u201cAula de Asturianu\u00bb. O Teatro, de espazo esc\u00e9nico \u00e1 italiana, conta con 270 localidades, entre patio de butacas e anfiteatro. Cada ano alberga unha media de m\u00e1is dun centenar de actividades, sumando miles espectadores entre concertos, funci\u00f3ns de teatro, conferencias e actividades asociativas.<\/p>\n<p>&nbsp;<\/p>","slug":"salon-de-actos-del-ateneo","image":{"url":"https:\/\/escenanorte.com\/wp-content\/uploads\/2025\/09\/ATENEO-CALZADA-e1787850209349.jpeg","id":82031,"extension":"jpeg","width":890,"height":667,"filesize":77010,"sizes":{"medium":{"width":300,"height":225,"mime-type":"image\/jpeg","filesize":16602,"url":"https:\/\/escenanorte.com\/wp-content\/uploads\/2025\/09\/ATENEO-CALZADA-300x225.jpeg"},"thumbnail":{"width":150,"height":150,"mime-type":"image\/jpeg","filesize":6290,"url":"https:\/\/escenanorte.com\/wp-content\/uploads\/2025\/09\/ATENEO-CALZADA-150x150.jpeg"},"medium_large":{"width":768,"height":576,"mime-type":"image\/jpeg","filesize":83716,"url":"https:\/\/escenanorte.com\/wp-content\/uploads\/2025\/09\/ATENEO-CALZADA-768x576.jpeg"}}},"address":"C. Magdalena, 1","city":"Villaviciosa","country":"Spain","zip":"33300","website":"https:\/\/www.ateneovillaviciosa.es\/","json_ld":{"@type":"Place","name":"Ateneo de la Calzada","description":"&lt;p&gt;O Ateneo ofrece un completo programa formativo e unha ampla e variada oferta de actividades culturais a trav\u00e9s dos seus programas: \u201cDi\u00e1logos de Ateneo\u201d, \u201cPatio de Ateneo\u201d, \u201cIgualdade\u201d e \u201cAula [&hellip;]&lt;\/p&gt;\\n","image":"https:\/\/escenanorte.com\/wp-content\/uploads\/2025\/09\/ATENEO-CALZADA-e1787850209349.jpeg","url":"","address":{"@type":"PostalAddress","streetAddress":"C. Magdalena, 1","addressLocality":"Villaviciosa","postalCode":"33300","addressCountry":"Spain"},"telephone":"","sameAs":"https:\/\/www.ateneovillaviciosa.es\/"},"show_map":true,"show_map_link":true,"global_id":"escenanorte.com\/gl\/?id=77374","global_id_lineage":["escenanorte.com\/gl\/?id=77374"]},"organizer":[],"custom_fields":[],"json_ld":{"@context":"http:\/\/schema.org","@type":"Event","name":"Voo \/ Vuelo | Teatro O Cubo,  Galicia","description":"&lt;p&gt;Tipo: Teatro y danza P\u00fablico: Infantil y familiar Duraci\u00f3n: 45\u2019 Idioma: Castellano \u2013 Gallego Estreno: 27 de diciembre de 2025. Auditorio de Galicia, Santiago de Compostela (A Coru\u00f1a) \u2013 Galicia [&hellip;]&lt;\/p&gt;\\n","image":"https:\/\/escenanorte.com\/wp-content\/uploads\/2026\/06\/2.-Voo-Teatro-O-Cubo-@Diego-Bea-Besada-scaled.jpg","url":"https:\/\/escenanorte.com\/gl\/evento\/voo-vuelo-teatro-o-cubo-galicia\/","eventAttendanceMode":"https:\/\/schema.org\/OfflineEventAttendanceMode","eventStatus":"https:\/\/schema.org\/EventScheduled","startDate":"2026-10-21T12:00:00+02:00","endDate":"2026-10-21T13:00:00+02:00","location":{"@type":"Place","name":"Ateneo de la Calzada","description":"&lt;p&gt;O Ateneo ofrece un completo programa formativo e unha ampla e variada oferta de actividades culturais a trav\u00e9s dos seus programas: \u201cDi\u00e1logos de Ateneo\u201d, \u201cPatio de Ateneo\u201d, \u201cIgualdade\u201d e \u201cAula [&hellip;]&lt;\/p&gt;\\n","image":"https:\/\/escenanorte.com\/wp-content\/uploads\/2025\/09\/ATENEO-CALZADA-e1787850209349.jpeg","url":"","address":{"@type":"PostalAddress","streetAddress":"C. Magdalena, 1","addressLocality":"Villaviciosa","postalCode":"33300","addressCountry":"Spain"},"telephone":"","sameAs":"https:\/\/www.ateneovillaviciosa.es\/"},"performer":"Organization"}}