{"id":64441,"date":"2024-08-21T18:53:21","date_gmt":"2024-08-21T16:53:21","guid":{"rendered":"https:\/\/escenanorte.com\/?p=64441"},"modified":"2024-08-21T18:54:20","modified_gmt":"2024-08-21T16:54:20","slug":"camino-escena-norte-recibe-el-galardon-a-las-iniciativas-destacadas-de-artes-escenicas-ligadas-al-medio-rural-en-los-xiii-premios-rosa-maria-garcia-cano","status":"publish","type":"post","link":"https:\/\/escenanorte.com\/eu\/camino-escena-norte-recibe-el-galardon-a-las-iniciativas-destacadas-de-artes-escenicas-ligadas-al-medio-rural-en-los-xiii-premios-rosa-maria-garcia-cano\/","title":{"rendered":"Camino Escena Norte recibe el galard\u00f3n a las iniciativas destacadas de Artes Esc\u00e9nicas ligadas al medio rural en los XIII Premios Rosa Mar\u00eda Garc\u00eda Cano"},"content":{"rendered":"<div class=\"wp-block-image\">\n<figure class=\"aligncenter size-large\"><img loading=\"lazy\" decoding=\"async\" width=\"1024\" height=\"771\" src=\"https:\/\/escenanorte.com\/wp-content\/uploads\/2024\/08\/GVgfHN7XkAA0v-X-1024x771.jpeg\" alt=\"\" class=\"wp-image-64456\" srcset=\"https:\/\/escenanorte.com\/wp-content\/uploads\/2024\/08\/GVgfHN7XkAA0v-X-1024x771.jpeg 1024w, https:\/\/escenanorte.com\/wp-content\/uploads\/2024\/08\/GVgfHN7XkAA0v-X-300x226.jpeg 300w, https:\/\/escenanorte.com\/wp-content\/uploads\/2024\/08\/GVgfHN7XkAA0v-X-768x578.jpeg 768w, https:\/\/escenanorte.com\/wp-content\/uploads\/2024\/08\/GVgfHN7XkAA0v-X-1536x1157.jpeg 1536w, https:\/\/escenanorte.com\/wp-content\/uploads\/2024\/08\/GVgfHN7XkAA0v-X.jpeg 2048w\" sizes=\"(max-width: 1024px) 100vw, 1024px\" \/><\/figure>\n<\/div>\n\n\n<p>Camino Escena Norte recibe el galard\u00f3n a las iniciativas destacadas de Artes Esc\u00e9nicas ligadas al medio rural en los XIII Premios Rosa Mar\u00eda Garc\u00eda Cano. Diego V. Meizoso, coordinador del proyecto, y Patricia Cercas, presidenta de Acepae en representaci\u00f3n de las&nbsp;asociaciones que promueven el evento, recogieron el premio hoy, 21 de agosto, en el marco de la 27\u00aa Feria de Teatro de Castilla y Le\u00f3n, en Ciudad Rodrigo.<\/p>\n\n\n\n<p>El jurado ha querido reconocer &#8220;la constancia y rigurosidad en el trabajo mancomunado, que implica tambi\u00e9n una reivindicaci\u00f3n del asociacionismo y el valor del trabajo en com\u00fan&#8221;. Tambi\u00e9n ha destacado que &#8220;han logrado trazar un corredor de cooperaci\u00f3n e intercambio en el que han diversificado los lugares de actividad, prestando especial atenci\u00f3n a los contextos no urbanos, pueblos peque\u00f1os y medianos y apostando por acercar a ciertos espacios y pueblos un tipo de programaci\u00f3n a la que hasta ahora sus p\u00fablicos no pod\u00edan acceder&#8221;.<\/p>\n\n\n\n<p>Esta sexta edici\u00f3n de Camino Escena Norte <a href=\"https:\/\/escenanorte.com\/es\/la-oportunidad-del-afecto-hila-la-imagen-de-la-sexta-edicion-de-camino-escena-norte-que-extiende-su-apuesta-por-el-intercambio-cultural-con-la-incorporacion-de-la-ilustracion-a-su-cartel\/\">se celebrar\u00e1 del 13 de septiembre al 27 de octubre<\/a> de 2024 y <a href=\"https:\/\/escenanorte.com\/es\/ya-conocemos-las-15-companias-que-giraran-este-otono-en-camino-escena-norte\/\">15 compa\u00f1\u00edas girar\u00e1n en el ciclo Constelaciones<\/a>, que lleva las artes esc\u00e9nicas a municipios de Galicia, Asturias, Cantabria, Euskadi y Navarra.<\/p>\n\n\n\n<p><strong>Un proyecto premiado<\/strong><\/p>\n\n\n\n<p>El galard\u00f3n recogido hoy se suma a otra distinci\u00f3n que nuestra iniciativa recibi\u00f3 el pasado mes de mayo. As\u00ed, &nbsp;Camino Escena Norte obtuvo el premio especial en el certamen Rodolfo Prada a la gesti\u00f3n cultural 2024 otorgado por la Deputaci\u00f3n de Ourense.<\/p>\n","protected":false},"excerpt":{"rendered":"<p>Camino Escena Norte recibe el galard\u00f3n a las iniciativas destacadas de Artes Esc\u00e9nicas ligadas al medio rural en los XIII Premios Rosa Mar\u00eda Garc\u00eda Cano. Diego V. Meizoso, coordinador del [&hellip;]<\/p>\n","protected":false},"author":5,"featured_media":64445,"comment_status":"closed","ping_status":"open","sticky":false,"template":"","format":"standard","meta":{"footnotes":""},"categories":[1],"tags":[],"class_list":["post-64441","post","type-post","status-publish","format-standard","has-post-thumbnail","hentry","category-noticias"],"yoast_head":"<!-- This site is optimized with the Yoast SEO plugin v27.2 - https:\/\/yoast.com\/product\/yoast-seo-wordpress\/ -->\n<title>Camino Escena Norte recibe el galard\u00f3n a las iniciativas destacadas de Artes Esc\u00e9nicas ligadas al medio rural en los XIII Premios Rosa Mar\u00eda Garc\u00eda Cano - Camino Escena Norte<\/title>\n<meta name=\"robots\" content=\"index, follow, max-snippet:-1, max-image-preview:large, max-video-preview:-1\" \/>\n<link rel=\"canonical\" href=\"https:\/\/escenanorte.com\/eu\/camino-escena-norte-recibe-el-galardon-a-las-iniciativas-destacadas-de-artes-escenicas-ligadas-al-medio-rural-en-los-xiii-premios-rosa-maria-garcia-cano\/\" \/>\n<meta property=\"og:locale\" content=\"eu_ES\" \/>\n<meta property=\"og:type\" content=\"article\" \/>\n<meta property=\"og:title\" content=\"Camino Escena Norte recibe el galard\u00f3n a las iniciativas destacadas de Artes Esc\u00e9nicas ligadas al medio rural en los XIII Premios Rosa Mar\u00eda Garc\u00eda Cano - Camino Escena Norte\" \/>\n<meta property=\"og:description\" content=\"Camino Escena Norte recibe el galard\u00f3n a las iniciativas destacadas de Artes Esc\u00e9nicas ligadas al medio rural en los XIII Premios Rosa Mar\u00eda Garc\u00eda Cano. Diego V. Meizoso, coordinador del [&hellip;]\" \/>\n<meta property=\"og:url\" content=\"https:\/\/escenanorte.com\/eu\/camino-escena-norte-recibe-el-galardon-a-las-iniciativas-destacadas-de-artes-escenicas-ligadas-al-medio-rural-en-los-xiii-premios-rosa-maria-garcia-cano\/\" \/>\n<meta property=\"og:site_name\" content=\"Camino Escena Norte\" \/>\n<meta property=\"article:publisher\" content=\"https:\/\/www.facebook.com\/escenanorte\" \/>\n<meta property=\"article:published_time\" content=\"2024-08-21T16:53:21+00:00\" \/>\n<meta property=\"article:modified_time\" content=\"2024-08-21T16:54:20+00:00\" \/>\n<meta property=\"og:image\" content=\"https:\/\/escenanorte.com\/wp-content\/uploads\/2024\/08\/GVgfHhuXYAAY4hF.jpeg\" \/>\n\t<meta property=\"og:image:width\" content=\"2048\" \/>\n\t<meta property=\"og:image:height\" content=\"1542\" \/>\n\t<meta property=\"og:image:type\" content=\"image\/jpeg\" \/>\n<meta name=\"author\" content=\"Noelia\" \/>\n<meta name=\"twitter:card\" content=\"summary_large_image\" \/>\n<meta name=\"twitter:label1\" content=\"Written by\" \/>\n\t<meta name=\"twitter:data1\" content=\"Noelia\" \/>\n\t<meta name=\"twitter:label2\" content=\"Est. reading time\" \/>\n\t<meta name=\"twitter:data2\" content=\"2 minutes\" \/>\n<script type=\"application\/ld+json\" class=\"yoast-schema-graph\">{\"@context\":\"https:\/\/schema.org\",\"@graph\":[{\"@type\":\"Article\",\"@id\":\"https:\/\/escenanorte.com\/eu\/camino-escena-norte-recibe-el-galardon-a-las-iniciativas-destacadas-de-artes-escenicas-ligadas-al-medio-rural-en-los-xiii-premios-rosa-maria-garcia-cano\/#article\",\"isPartOf\":{\"@id\":\"https:\/\/escenanorte.com\/eu\/camino-escena-norte-recibe-el-galardon-a-las-iniciativas-destacadas-de-artes-escenicas-ligadas-al-medio-rural-en-los-xiii-premios-rosa-maria-garcia-cano\/\"},\"author\":{\"name\":\"Noelia\",\"@id\":\"https:\/\/escenanorte.com\/eu\/#\/schema\/person\/e710b5aa0c486f243b4d527a4259c37c\"},\"headline\":\"Camino Escena Norte recibe el galard\u00f3n a las iniciativas destacadas de Artes Esc\u00e9nicas ligadas al medio rural en los XIII Premios Rosa Mar\u00eda Garc\u00eda Cano\",\"datePublished\":\"2024-08-21T16:53:21+00:00\",\"dateModified\":\"2024-08-21T16:54:20+00:00\",\"mainEntityOfPage\":{\"@id\":\"https:\/\/escenanorte.com\/eu\/camino-escena-norte-recibe-el-galardon-a-las-iniciativas-destacadas-de-artes-escenicas-ligadas-al-medio-rural-en-los-xiii-premios-rosa-maria-garcia-cano\/\"},\"wordCount\":287,\"image\":{\"@id\":\"https:\/\/escenanorte.com\/eu\/camino-escena-norte-recibe-el-galardon-a-las-iniciativas-destacadas-de-artes-escenicas-ligadas-al-medio-rural-en-los-xiii-premios-rosa-maria-garcia-cano\/#primaryimage\"},\"thumbnailUrl\":\"https:\/\/escenanorte.com\/wp-content\/uploads\/2024\/08\/GVgfHhuXYAAY4hF.jpeg\",\"articleSection\":[\"Noticias\"],\"inLanguage\":\"eu-ES\"},{\"@type\":\"WebPage\",\"@id\":\"https:\/\/escenanorte.com\/eu\/camino-escena-norte-recibe-el-galardon-a-las-iniciativas-destacadas-de-artes-escenicas-ligadas-al-medio-rural-en-los-xiii-premios-rosa-maria-garcia-cano\/\",\"url\":\"https:\/\/escenanorte.com\/eu\/camino-escena-norte-recibe-el-galardon-a-las-iniciativas-destacadas-de-artes-escenicas-ligadas-al-medio-rural-en-los-xiii-premios-rosa-maria-garcia-cano\/\",\"name\":\"Camino Escena Norte recibe el galard\u00f3n a las iniciativas destacadas de Artes Esc\u00e9nicas ligadas al medio rural en los XIII Premios Rosa Mar\u00eda Garc\u00eda Cano - Camino Escena Norte\",\"isPartOf\":{\"@id\":\"https:\/\/escenanorte.com\/eu\/#website\"},\"primaryImageOfPage\":{\"@id\":\"https:\/\/escenanorte.com\/eu\/camino-escena-norte-recibe-el-galardon-a-las-iniciativas-destacadas-de-artes-escenicas-ligadas-al-medio-rural-en-los-xiii-premios-rosa-maria-garcia-cano\/#primaryimage\"},\"image\":{\"@id\":\"https:\/\/escenanorte.com\/eu\/camino-escena-norte-recibe-el-galardon-a-las-iniciativas-destacadas-de-artes-escenicas-ligadas-al-medio-rural-en-los-xiii-premios-rosa-maria-garcia-cano\/#primaryimage\"},\"thumbnailUrl\":\"https:\/\/escenanorte.com\/wp-content\/uploads\/2024\/08\/GVgfHhuXYAAY4hF.jpeg\",\"datePublished\":\"2024-08-21T16:53:21+00:00\",\"dateModified\":\"2024-08-21T16:54:20+00:00\",\"author\":{\"@id\":\"https:\/\/escenanorte.com\/eu\/#\/schema\/person\/e710b5aa0c486f243b4d527a4259c37c\"},\"breadcrumb\":{\"@id\":\"https:\/\/escenanorte.com\/eu\/camino-escena-norte-recibe-el-galardon-a-las-iniciativas-destacadas-de-artes-escenicas-ligadas-al-medio-rural-en-los-xiii-premios-rosa-maria-garcia-cano\/#breadcrumb\"},\"inLanguage\":\"eu-ES\",\"potentialAction\":[{\"@type\":\"ReadAction\",\"target\":[\"https:\/\/escenanorte.com\/eu\/camino-escena-norte-recibe-el-galardon-a-las-iniciativas-destacadas-de-artes-escenicas-ligadas-al-medio-rural-en-los-xiii-premios-rosa-maria-garcia-cano\/\"]}]},{\"@type\":\"ImageObject\",\"inLanguage\":\"eu-ES\",\"@id\":\"https:\/\/escenanorte.com\/eu\/camino-escena-norte-recibe-el-galardon-a-las-iniciativas-destacadas-de-artes-escenicas-ligadas-al-medio-rural-en-los-xiii-premios-rosa-maria-garcia-cano\/#primaryimage\",\"url\":\"https:\/\/escenanorte.com\/wp-content\/uploads\/2024\/08\/GVgfHhuXYAAY4hF.jpeg\",\"contentUrl\":\"https:\/\/escenanorte.com\/wp-content\/uploads\/2024\/08\/GVgfHhuXYAAY4hF.jpeg\",\"width\":2048,\"height\":1542},{\"@type\":\"BreadcrumbList\",\"@id\":\"https:\/\/escenanorte.com\/eu\/camino-escena-norte-recibe-el-galardon-a-las-iniciativas-destacadas-de-artes-escenicas-ligadas-al-medio-rural-en-los-xiii-premios-rosa-maria-garcia-cano\/#breadcrumb\",\"itemListElement\":[{\"@type\":\"ListItem\",\"position\":1,\"name\":\"Portada\",\"item\":\"https:\/\/escenanorte.com\/eu\/\"},{\"@type\":\"ListItem\",\"position\":2,\"name\":\"Camino Escena Norte recibe el galard\u00f3n a las iniciativas destacadas de Artes Esc\u00e9nicas ligadas al medio rural en los XIII Premios Rosa Mar\u00eda Garc\u00eda Cano\"}]},{\"@type\":\"WebSite\",\"@id\":\"https:\/\/escenanorte.com\/eu\/#website\",\"url\":\"https:\/\/escenanorte.com\/eu\/\",\"name\":\"Camino Escena Norte\",\"description\":\"Escena Norte\",\"potentialAction\":[{\"@type\":\"SearchAction\",\"target\":{\"@type\":\"EntryPoint\",\"urlTemplate\":\"https:\/\/escenanorte.com\/eu\/?s={search_term_string}\"},\"query-input\":{\"@type\":\"PropertyValueSpecification\",\"valueRequired\":true,\"valueName\":\"search_term_string\"}}],\"inLanguage\":\"eu-ES\"},{\"@type\":\"Person\",\"@id\":\"https:\/\/escenanorte.com\/eu\/#\/schema\/person\/e710b5aa0c486f243b4d527a4259c37c\",\"name\":\"Noelia\",\"image\":{\"@type\":\"ImageObject\",\"inLanguage\":\"eu-ES\",\"@id\":\"https:\/\/secure.gravatar.com\/avatar\/d590b317b870f28020001606673cfd05bb4d34b9ede2d6a843ea8073c8ac9352?s=96&d=blank&r=g\",\"url\":\"https:\/\/secure.gravatar.com\/avatar\/d590b317b870f28020001606673cfd05bb4d34b9ede2d6a843ea8073c8ac9352?s=96&d=blank&r=g\",\"contentUrl\":\"https:\/\/secure.gravatar.com\/avatar\/d590b317b870f28020001606673cfd05bb4d34b9ede2d6a843ea8073c8ac9352?s=96&d=blank&r=g\",\"caption\":\"Noelia\"},\"url\":\"https:\/\/escenanorte.com\/eu\/author\/noelia\/\"}]}<\/script>\n<!-- \/ Yoast SEO plugin. -->","yoast_head_json":{"title":"Camino Escena Norte recibe el galard\u00f3n a las iniciativas destacadas de Artes Esc\u00e9nicas ligadas al medio rural en los XIII Premios Rosa Mar\u00eda Garc\u00eda Cano - Camino Escena Norte","robots":{"index":"index","follow":"follow","max-snippet":"max-snippet:-1","max-image-preview":"max-image-preview:large","max-video-preview":"max-video-preview:-1"},"canonical":"https:\/\/escenanorte.com\/eu\/camino-escena-norte-recibe-el-galardon-a-las-iniciativas-destacadas-de-artes-escenicas-ligadas-al-medio-rural-en-los-xiii-premios-rosa-maria-garcia-cano\/","og_locale":"eu_ES","og_type":"article","og_title":"Camino Escena Norte recibe el galard\u00f3n a las iniciativas destacadas de Artes Esc\u00e9nicas ligadas al medio rural en los XIII Premios Rosa Mar\u00eda Garc\u00eda Cano - Camino Escena Norte","og_description":"Camino Escena Norte recibe el galard\u00f3n a las iniciativas destacadas de Artes Esc\u00e9nicas ligadas al medio rural en los XIII Premios Rosa Mar\u00eda Garc\u00eda Cano. Diego V. Meizoso, coordinador del [&hellip;]","og_url":"https:\/\/escenanorte.com\/eu\/camino-escena-norte-recibe-el-galardon-a-las-iniciativas-destacadas-de-artes-escenicas-ligadas-al-medio-rural-en-los-xiii-premios-rosa-maria-garcia-cano\/","og_site_name":"Camino Escena Norte","article_publisher":"https:\/\/www.facebook.com\/escenanorte","article_published_time":"2024-08-21T16:53:21+00:00","article_modified_time":"2024-08-21T16:54:20+00:00","og_image":[{"width":2048,"height":1542,"url":"https:\/\/escenanorte.com\/wp-content\/uploads\/2024\/08\/GVgfHhuXYAAY4hF.jpeg","type":"image\/jpeg"}],"author":"Noelia","twitter_card":"summary_large_image","twitter_misc":{"Written by":"Noelia","Est. reading time":"2 minutes"},"schema":{"@context":"https:\/\/schema.org","@graph":[{"@type":"Article","@id":"https:\/\/escenanorte.com\/eu\/camino-escena-norte-recibe-el-galardon-a-las-iniciativas-destacadas-de-artes-escenicas-ligadas-al-medio-rural-en-los-xiii-premios-rosa-maria-garcia-cano\/#article","isPartOf":{"@id":"https:\/\/escenanorte.com\/eu\/camino-escena-norte-recibe-el-galardon-a-las-iniciativas-destacadas-de-artes-escenicas-ligadas-al-medio-rural-en-los-xiii-premios-rosa-maria-garcia-cano\/"},"author":{"name":"Noelia","@id":"https:\/\/escenanorte.com\/eu\/#\/schema\/person\/e710b5aa0c486f243b4d527a4259c37c"},"headline":"Camino Escena Norte recibe el galard\u00f3n a las iniciativas destacadas de Artes Esc\u00e9nicas ligadas al medio rural en los XIII Premios Rosa Mar\u00eda Garc\u00eda Cano","datePublished":"2024-08-21T16:53:21+00:00","dateModified":"2024-08-21T16:54:20+00:00","mainEntityOfPage":{"@id":"https:\/\/escenanorte.com\/eu\/camino-escena-norte-recibe-el-galardon-a-las-iniciativas-destacadas-de-artes-escenicas-ligadas-al-medio-rural-en-los-xiii-premios-rosa-maria-garcia-cano\/"},"wordCount":287,"image":{"@id":"https:\/\/escenanorte.com\/eu\/camino-escena-norte-recibe-el-galardon-a-las-iniciativas-destacadas-de-artes-escenicas-ligadas-al-medio-rural-en-los-xiii-premios-rosa-maria-garcia-cano\/#primaryimage"},"thumbnailUrl":"https:\/\/escenanorte.com\/wp-content\/uploads\/2024\/08\/GVgfHhuXYAAY4hF.jpeg","articleSection":["Noticias"],"inLanguage":"eu-ES"},{"@type":"WebPage","@id":"https:\/\/escenanorte.com\/eu\/camino-escena-norte-recibe-el-galardon-a-las-iniciativas-destacadas-de-artes-escenicas-ligadas-al-medio-rural-en-los-xiii-premios-rosa-maria-garcia-cano\/","url":"https:\/\/escenanorte.com\/eu\/camino-escena-norte-recibe-el-galardon-a-las-iniciativas-destacadas-de-artes-escenicas-ligadas-al-medio-rural-en-los-xiii-premios-rosa-maria-garcia-cano\/","name":"Camino Escena Norte recibe el galard\u00f3n a las iniciativas destacadas de Artes Esc\u00e9nicas ligadas al medio rural en los XIII Premios Rosa Mar\u00eda Garc\u00eda Cano - Camino Escena Norte","isPartOf":{"@id":"https:\/\/escenanorte.com\/eu\/#website"},"primaryImageOfPage":{"@id":"https:\/\/escenanorte.com\/eu\/camino-escena-norte-recibe-el-galardon-a-las-iniciativas-destacadas-de-artes-escenicas-ligadas-al-medio-rural-en-los-xiii-premios-rosa-maria-garcia-cano\/#primaryimage"},"image":{"@id":"https:\/\/escenanorte.com\/eu\/camino-escena-norte-recibe-el-galardon-a-las-iniciativas-destacadas-de-artes-escenicas-ligadas-al-medio-rural-en-los-xiii-premios-rosa-maria-garcia-cano\/#primaryimage"},"thumbnailUrl":"https:\/\/escenanorte.com\/wp-content\/uploads\/2024\/08\/GVgfHhuXYAAY4hF.jpeg","datePublished":"2024-08-21T16:53:21+00:00","dateModified":"2024-08-21T16:54:20+00:00","author":{"@id":"https:\/\/escenanorte.com\/eu\/#\/schema\/person\/e710b5aa0c486f243b4d527a4259c37c"},"breadcrumb":{"@id":"https:\/\/escenanorte.com\/eu\/camino-escena-norte-recibe-el-galardon-a-las-iniciativas-destacadas-de-artes-escenicas-ligadas-al-medio-rural-en-los-xiii-premios-rosa-maria-garcia-cano\/#breadcrumb"},"inLanguage":"eu-ES","potentialAction":[{"@type":"ReadAction","target":["https:\/\/escenanorte.com\/eu\/camino-escena-norte-recibe-el-galardon-a-las-iniciativas-destacadas-de-artes-escenicas-ligadas-al-medio-rural-en-los-xiii-premios-rosa-maria-garcia-cano\/"]}]},{"@type":"ImageObject","inLanguage":"eu-ES","@id":"https:\/\/escenanorte.com\/eu\/camino-escena-norte-recibe-el-galardon-a-las-iniciativas-destacadas-de-artes-escenicas-ligadas-al-medio-rural-en-los-xiii-premios-rosa-maria-garcia-cano\/#primaryimage","url":"https:\/\/escenanorte.com\/wp-content\/uploads\/2024\/08\/GVgfHhuXYAAY4hF.jpeg","contentUrl":"https:\/\/escenanorte.com\/wp-content\/uploads\/2024\/08\/GVgfHhuXYAAY4hF.jpeg","width":2048,"height":1542},{"@type":"BreadcrumbList","@id":"https:\/\/escenanorte.com\/eu\/camino-escena-norte-recibe-el-galardon-a-las-iniciativas-destacadas-de-artes-escenicas-ligadas-al-medio-rural-en-los-xiii-premios-rosa-maria-garcia-cano\/#breadcrumb","itemListElement":[{"@type":"ListItem","position":1,"name":"Portada","item":"https:\/\/escenanorte.com\/eu\/"},{"@type":"ListItem","position":2,"name":"Camino Escena Norte recibe el galard\u00f3n a las iniciativas destacadas de Artes Esc\u00e9nicas ligadas al medio rural en los XIII Premios Rosa Mar\u00eda Garc\u00eda Cano"}]},{"@type":"WebSite","@id":"https:\/\/escenanorte.com\/eu\/#website","url":"https:\/\/escenanorte.com\/eu\/","name":"Camino Escena Norte","description":"Escena Norte","potentialAction":[{"@type":"SearchAction","target":{"@type":"EntryPoint","urlTemplate":"https:\/\/escenanorte.com\/eu\/?s={search_term_string}"},"query-input":{"@type":"PropertyValueSpecification","valueRequired":true,"valueName":"search_term_string"}}],"inLanguage":"eu-ES"},{"@type":"Person","@id":"https:\/\/escenanorte.com\/eu\/#\/schema\/person\/e710b5aa0c486f243b4d527a4259c37c","name":"Noelia","image":{"@type":"ImageObject","inLanguage":"eu-ES","@id":"https:\/\/secure.gravatar.com\/avatar\/d590b317b870f28020001606673cfd05bb4d34b9ede2d6a843ea8073c8ac9352?s=96&d=blank&r=g","url":"https:\/\/secure.gravatar.com\/avatar\/d590b317b870f28020001606673cfd05bb4d34b9ede2d6a843ea8073c8ac9352?s=96&d=blank&r=g","contentUrl":"https:\/\/secure.gravatar.com\/avatar\/d590b317b870f28020001606673cfd05bb4d34b9ede2d6a843ea8073c8ac9352?s=96&d=blank&r=g","caption":"Noelia"},"url":"https:\/\/escenanorte.com\/eu\/author\/noelia\/"}]}},"publishpress_future_action":{"enabled":false,"date":"2026-05-06 12:46:44","action":"change-status","newStatus":"draft","terms":[],"taxonomy":"category","extraData":[]},"publishpress_future_workflow_manual_trigger":{"enabledWorkflows":[]},"_links":{"self":[{"href":"https:\/\/escenanorte.com\/eu\/wp-json\/wp\/v2\/posts\/64441","targetHints":{"allow":["GET"]}}],"collection":[{"href":"https:\/\/escenanorte.com\/eu\/wp-json\/wp\/v2\/posts"}],"about":[{"href":"https:\/\/escenanorte.com\/eu\/wp-json\/wp\/v2\/types\/post"}],"author":[{"embeddable":true,"href":"https:\/\/escenanorte.com\/eu\/wp-json\/wp\/v2\/users\/5"}],"replies":[{"embeddable":true,"href":"https:\/\/escenanorte.com\/eu\/wp-json\/wp\/v2\/comments?post=64441"}],"version-history":[{"count":2,"href":"https:\/\/escenanorte.com\/eu\/wp-json\/wp\/v2\/posts\/64441\/revisions"}],"predecessor-version":[{"id":64460,"href":"https:\/\/escenanorte.com\/eu\/wp-json\/wp\/v2\/posts\/64441\/revisions\/64460"}],"wp:featuredmedia":[{"embeddable":true,"href":"https:\/\/escenanorte.com\/eu\/wp-json\/wp\/v2\/media\/64445"}],"wp:attachment":[{"href":"https:\/\/escenanorte.com\/eu\/wp-json\/wp\/v2\/media?parent=64441"}],"wp:term":[{"taxonomy":"category","embeddable":true,"href":"https:\/\/escenanorte.com\/eu\/wp-json\/wp\/v2\/categories?post=64441"},{"taxonomy":"post_tag","embeddable":true,"href":"https:\/\/escenanorte.com\/eu\/wp-json\/wp\/v2\/tags?post=64441"}],"curies":[{"name":"wp","href":"https:\/\/api.w.org\/{rel}","templated":true}]}}