{"id":62562,"date":"2024-05-02T09:07:26","date_gmt":"2024-05-02T07:07:26","guid":{"rendered":"https:\/\/escenanorte.com\/?p=62562"},"modified":"2024-05-02T09:07:30","modified_gmt":"2024-05-02T07:07:30","slug":"ya-conocemos-las-15-companias-que-giraran-este-otono-en-camino-escena-norte","status":"publish","type":"post","link":"https:\/\/escenanorte.com\/eu\/ya-conocemos-las-15-companias-que-giraran-este-otono-en-camino-escena-norte\/","title":{"rendered":"Ya conocemos las 15 compa\u00f1\u00edas que girar\u00e1n este oto\u00f1o en Camino Escena Norte"},"content":{"rendered":"\n<p><strong>El segundo Cat\u00e1logo de Espect\u00e1culos Recomendados CEN incluye treinta producciones y mantiene el objetivo de difundir las artes esc\u00e9nicas profesionales gallegas, asturianas, c\u00e1ntabras, vascas y navarras fuera de sus fronteras<\/strong><\/p>\n\n\n\n<figure class=\"wp-block-image size-full\"><img loading=\"lazy\" decoding=\"async\" width=\"1024\" height=\"683\" src=\"https:\/\/escenanorte.com\/wp-content\/uploads\/2024\/05\/Comiendo-uvas.jpg\" alt=\"\" class=\"wp-image-62540\" srcset=\"https:\/\/escenanorte.com\/wp-content\/uploads\/2024\/05\/Comiendo-uvas.jpg 1024w, https:\/\/escenanorte.com\/wp-content\/uploads\/2024\/05\/Comiendo-uvas-300x200.jpg 300w, https:\/\/escenanorte.com\/wp-content\/uploads\/2024\/05\/Comiendo-uvas-768x512.jpg 768w\" sizes=\"(max-width: 1024px) 100vw, 1024px\" \/><figcaption class=\"wp-element-caption\">Foto: <em>An\u00f3nimo. La vida de Lazarillo de Tormes y de sus fortunas y adversidades<\/em>, de Hilo Producciones<\/figcaption><\/figure>\n\n\n\n<p>Camino Escena Norte (CEN), el programa de intercambio cultural en el que participan compa\u00f1\u00edas de teatro, danza y artes del movimiento y nuevo circo de Galicia, Asturias, Cantabria, Pa\u00eds Vasco y Navarra llega este a\u00f1o a su sexta edici\u00f3n sumando nuevas sedes y escenarios, y diez d\u00edas m\u00e1s de programaci\u00f3n, ampliando la oferta de a\u00f1os anteriores. Del 13 de septiembre al 27 de octubre, <strong>15 compa\u00f1\u00edas<\/strong> ofrecer\u00e1n espect\u00e1culos y actividades en el marco de una propuesta cuyo eje principal gira en torno al <strong>Itinerario Constelaciones<\/strong>, el circuito de representaciones del CEN.<\/p>\n\n\n\n<p>Los 15 espect\u00e1culos han sido seleccionados por <strong>5 comisiones profesionales independientes <\/strong>de agentes del sector, una en cada una de las comunidades implicadas en el CEN. El programa muestra parte de la mejor producci\u00f3n esc\u00e9nica profesional de los cinco territorios, con m\u00faltiples lenguajes, disciplinas y propuestas est\u00e9ticas, con presencia de teatro de texto, espect\u00e1culos para p\u00fablico infantil y familiar, nuevo circo, danza y creaci\u00f3n contempor\u00e1nea, espect\u00e1culos did\u00e1cticos y experiencias para site specific. Muchas de las propuestas de esta edici\u00f3n ser\u00e1n estrenos fuera de sus comunidades.<\/p>\n\n\n\n<p><strong>Galicia<\/strong> ha seleccionado a las compa\u00f1\u00edas <strong>Ibuprofeno Teatro<\/strong> con <em>Deadpan Karaoke<\/em>; <strong>P\u00edscore-Culturactiva<\/strong> con <em>Molto Barroco<\/em> y <strong>Colectivo Glovo<\/strong> con <em>Tab\u00fa<\/em>.<\/p>\n\n\n\n<p>Por su parte, <strong>Asturias<\/strong> intervendr\u00e1 en el intercambio cultural de CEN con <strong>La Westia Producciones<\/strong> y <em>Ada Byron: La tejedora de n\u00fameros<\/em>; <strong>Adri\u00e1n Conde Espect\u00e1culos<\/strong> y <em>Check Out<\/em>, y <strong>Teatro Plus<\/strong>, que representar\u00e1 <em>Geometr\u00eda del alma<\/em>.<\/p>\n\n\n\n<p>La participaci\u00f3n de <strong>Cantabria<\/strong> correr\u00e1 a cargo de <strong>Hilo Producciones<\/strong> con <em>An\u00f3nimo. La vida de Lazarillo de Tormes y de sus fortunas y adversidades<\/em>; <strong>Ruth Garreta \u2013 El Conejo Salvaje<\/strong> con <em>La casa de los dedos<\/em>, y <strong>Trueba &amp; Trueba Producciones<\/strong> que participar\u00e1 con <em>Un camino valiente<\/em>.<\/p>\n\n\n\n<p><strong>Euskadi<\/strong> ha seleccionado los trabajos de <strong>Producci\u00f3n y Gesti\u00f3n Art\u00edstica K<\/strong>, que participar\u00e1 con <em>El nadador de aguas abiertas<\/em>; <strong>C\u00eda. Panta Rhei<\/strong> con <em>La osa estelar<\/em>, y <strong>Marie de Jongh<\/strong> que ofrecer\u00e1 <em>Mr. Bo<\/em>.<\/p>\n\n\n\n<p><strong>Navarra<\/strong> ofrece estar tres propuestas art\u00edsticas: <strong>Yarleku-El Punto Gunea<\/strong> y <em>By \u00f2 Bu. Aproximaci\u00f3n al no existir<\/em>; <strong>P\u00e1jaros Pintados Creaci\u00f3n Teatral<\/strong> con <em>El jard\u00edn de Olivia<\/em>, y <strong>Estefan\u00eda de Paz As\u00edn<\/strong> con <em>Olvido Flores<\/em>.<\/p>\n\n\n\n<p><strong>Cat\u00e1logo de Espect\u00e1culos Recomendados CEN<\/strong><strong><\/strong><\/p>\n\n\n\n<p>En 2024, editamos la <strong>segunda edici\u00f3n<\/strong> del Cat\u00e1logo de Espect\u00e1culos Recomendados Camino Escena Norte, una publicaci\u00f3n que sirve de promoci\u00f3n de las treinta producciones seleccionadas y apoyo a su distribuci\u00f3n fuera del \u00e1mbito del proyecto.<\/p>\n\n\n\n<p>Los espect\u00e1culos que conforman esta publicaci\u00f3n han sido seleccionados por <strong>cinco comisiones independientes de agentes profesionales<\/strong> del sector, ajenas a la organizaci\u00f3n de Camino Escena Norte. Estos grupos han trabajado con casi 200 propuestas presentadas a esta edici\u00f3n del proyecto para girar en el Itinerario Constelaciones, nuestra red de exhibici\u00f3n esc\u00e9nica profesional.<\/p>\n\n\n\n<p>El objetivo de este segundo cat\u00e1logo es que sirva como otra herramienta m\u00e1s para la <strong>visibilizaci\u00f3n, difusi\u00f3n y distribuci\u00f3n de las artes esc\u00e9nicas profesionales gallegas, asturianas, c\u00e1ntabras, vascas y navarras fuera de sus fronteras<\/strong>.<\/p>\n\n\n\n<p>Asimismo, Camino Escena Norte ha editado un tarjet\u00f3n con informaci\u00f3n del cat\u00e1logo que estar\u00e1 en las principales citas profesionales del sector (encuentros, ferias, mercados&#8230;), con el fin de visibilizar el cat\u00e1logo en estos contextos puramente profesionales.<\/p>\n\n\n\n<p>Consulta y desc\u00e1rgate el <a href=\"https:\/\/escenanorte.com\/es\/download\/catalogo-cen24\/\" target=\"_blank\" rel=\"noreferrer noopener\">cat\u00e1logo 2024<\/a>.<\/p>\n\n\n\n<p><strong>Proyecto de intercambio cultural<\/strong><strong><\/strong><\/p>\n\n\n\n<p>CEN naci\u00f3 con el objetivo de promover el intercambio cultural a trav\u00e9s de las artes esc\u00e9nicas, tomando como referencia e hilo conductor los caminos a Santiago de Compostela. Desde su inicio, en 2019, ha llevado el teatro, la danza, las artes del movimiento y el nuevo circo a escenarios alejados, en muchos casos, de los circuitos habituales, ofreciendo la oportunidad de acceder a la cultura a p\u00fablicos de municipios y localidades sin acceso a este tipo de espect\u00e1culos.<\/p>\n\n\n\n<p>CEN es una iniciativa promovida por las propias asociaciones profesionales de productoras de artes esc\u00e9nicas Escena Galega (Galicia), EscenAsturias (Asturias), ACEPAE (Cantabria), Eskena (Euskadi) y ESNA (Navarra). Todas ellas unidas en la supraentidad Camino Escena Norte Agrupaci\u00f3n de Inter\u00e9s Econ\u00f3mico, creada espec\u00edficamente para el desarrollo, gesti\u00f3n y producci\u00f3n de este proyecto.<\/p>\n\n\n\n<p>CEN cuenta con el apoyo econ\u00f3mico de todos los niveles de la administraci\u00f3n, desde la estatal hasta las entidades locales pasando por los gobiernos auton\u00f3micos, provinciales y forales, as\u00ed como diversos patrocinios privados.<\/p>\n\n\n\n<p>[Foto de la cabecera: <em>Tab\u00fa<\/em>, de Colectivo Glovo | Autor\u00eda: Carlota Mosquera]<\/p>\n","protected":false},"excerpt":{"rendered":"<p>Del 13 de septiembre al 27 de octubre, 15 compa\u00f1\u00edas girar\u00e1n en Camino Escena Norte.<\/p>\n","protected":false},"author":5,"featured_media":62521,"comment_status":"closed","ping_status":"open","sticky":false,"template":"","format":"standard","meta":{"footnotes":""},"categories":[1,4],"tags":[],"class_list":["post-62562","post","type-post","status-publish","format-standard","has-post-thumbnail","hentry","category-noticias","category-novas"],"yoast_head":"<!-- This site is optimized with the Yoast SEO plugin v27.2 - https:\/\/yoast.com\/product\/yoast-seo-wordpress\/ -->\n<title>Ya conocemos las 15 compa\u00f1\u00edas que girar\u00e1n este oto\u00f1o en Camino Escena Norte - Camino Escena Norte<\/title>\n<meta name=\"description\" content=\"Del 13 de septiembre al 27 de octubre, 15 compa\u00f1\u00edas girar\u00e1n en Camino Escena Norte.\" \/>\n<meta name=\"robots\" content=\"index, follow, max-snippet:-1, max-image-preview:large, max-video-preview:-1\" \/>\n<link rel=\"canonical\" href=\"https:\/\/escenanorte.com\/eu\/ya-conocemos-las-15-companias-que-giraran-este-otono-en-camino-escena-norte\/\" \/>\n<meta property=\"og:locale\" content=\"eu_ES\" \/>\n<meta property=\"og:type\" content=\"article\" \/>\n<meta property=\"og:title\" content=\"Ya conocemos las 15 compa\u00f1\u00edas que girar\u00e1n este oto\u00f1o en Camino Escena Norte - Camino Escena Norte\" \/>\n<meta property=\"og:description\" content=\"Del 13 de septiembre al 27 de octubre, 15 compa\u00f1\u00edas girar\u00e1n en Camino Escena Norte.\" \/>\n<meta property=\"og:url\" content=\"https:\/\/escenanorte.com\/eu\/ya-conocemos-las-15-companias-que-giraran-este-otono-en-camino-escena-norte\/\" \/>\n<meta property=\"og:site_name\" content=\"Camino Escena Norte\" \/>\n<meta property=\"article:publisher\" content=\"https:\/\/www.facebook.com\/escenanorte\" \/>\n<meta property=\"article:published_time\" content=\"2024-05-02T07:07:26+00:00\" \/>\n<meta property=\"article:modified_time\" content=\"2024-05-02T07:07:30+00:00\" \/>\n<meta property=\"og:image\" content=\"https:\/\/escenanorte.com\/wp-content\/uploads\/2024\/05\/Carlota-Mosquera-3.jpg\" \/>\n\t<meta property=\"og:image:width\" content=\"1200\" \/>\n\t<meta property=\"og:image:height\" content=\"791\" \/>\n\t<meta property=\"og:image:type\" content=\"image\/jpeg\" \/>\n<meta name=\"author\" content=\"Noelia\" \/>\n<meta name=\"twitter:card\" content=\"summary_large_image\" \/>\n<meta name=\"twitter:label1\" content=\"Written by\" \/>\n\t<meta name=\"twitter:data1\" content=\"Noelia\" \/>\n\t<meta name=\"twitter:label2\" content=\"Est. reading time\" \/>\n\t<meta name=\"twitter:data2\" content=\"4 minutes\" \/>\n<script type=\"application\/ld+json\" class=\"yoast-schema-graph\">{\"@context\":\"https:\/\/schema.org\",\"@graph\":[{\"@type\":\"Article\",\"@id\":\"https:\/\/escenanorte.com\/eu\/ya-conocemos-las-15-companias-que-giraran-este-otono-en-camino-escena-norte\/#article\",\"isPartOf\":{\"@id\":\"https:\/\/escenanorte.com\/eu\/ya-conocemos-las-15-companias-que-giraran-este-otono-en-camino-escena-norte\/\"},\"author\":{\"name\":\"Noelia\",\"@id\":\"https:\/\/escenanorte.com\/eu\/#\/schema\/person\/e710b5aa0c486f243b4d527a4259c37c\"},\"headline\":\"Ya conocemos las 15 compa\u00f1\u00edas que girar\u00e1n este oto\u00f1o en Camino Escena Norte\",\"datePublished\":\"2024-05-02T07:07:26+00:00\",\"dateModified\":\"2024-05-02T07:07:30+00:00\",\"mainEntityOfPage\":{\"@id\":\"https:\/\/escenanorte.com\/eu\/ya-conocemos-las-15-companias-que-giraran-este-otono-en-camino-escena-norte\/\"},\"wordCount\":833,\"image\":{\"@id\":\"https:\/\/escenanorte.com\/eu\/ya-conocemos-las-15-companias-que-giraran-este-otono-en-camino-escena-norte\/#primaryimage\"},\"thumbnailUrl\":\"https:\/\/escenanorte.com\/wp-content\/uploads\/2024\/05\/Carlota-Mosquera-3.jpg\",\"articleSection\":[\"Noticias\",\"Novas\"],\"inLanguage\":\"eu-ES\"},{\"@type\":\"WebPage\",\"@id\":\"https:\/\/escenanorte.com\/eu\/ya-conocemos-las-15-companias-que-giraran-este-otono-en-camino-escena-norte\/\",\"url\":\"https:\/\/escenanorte.com\/eu\/ya-conocemos-las-15-companias-que-giraran-este-otono-en-camino-escena-norte\/\",\"name\":\"Ya conocemos las 15 compa\u00f1\u00edas que girar\u00e1n este oto\u00f1o en Camino Escena Norte - Camino Escena Norte\",\"isPartOf\":{\"@id\":\"https:\/\/escenanorte.com\/eu\/#website\"},\"primaryImageOfPage\":{\"@id\":\"https:\/\/escenanorte.com\/eu\/ya-conocemos-las-15-companias-que-giraran-este-otono-en-camino-escena-norte\/#primaryimage\"},\"image\":{\"@id\":\"https:\/\/escenanorte.com\/eu\/ya-conocemos-las-15-companias-que-giraran-este-otono-en-camino-escena-norte\/#primaryimage\"},\"thumbnailUrl\":\"https:\/\/escenanorte.com\/wp-content\/uploads\/2024\/05\/Carlota-Mosquera-3.jpg\",\"datePublished\":\"2024-05-02T07:07:26+00:00\",\"dateModified\":\"2024-05-02T07:07:30+00:00\",\"author\":{\"@id\":\"https:\/\/escenanorte.com\/eu\/#\/schema\/person\/e710b5aa0c486f243b4d527a4259c37c\"},\"description\":\"Del 13 de septiembre al 27 de octubre, 15 compa\u00f1\u00edas girar\u00e1n en Camino Escena Norte.\",\"breadcrumb\":{\"@id\":\"https:\/\/escenanorte.com\/eu\/ya-conocemos-las-15-companias-que-giraran-este-otono-en-camino-escena-norte\/#breadcrumb\"},\"inLanguage\":\"eu-ES\",\"potentialAction\":[{\"@type\":\"ReadAction\",\"target\":[\"https:\/\/escenanorte.com\/eu\/ya-conocemos-las-15-companias-que-giraran-este-otono-en-camino-escena-norte\/\"]}]},{\"@type\":\"ImageObject\",\"inLanguage\":\"eu-ES\",\"@id\":\"https:\/\/escenanorte.com\/eu\/ya-conocemos-las-15-companias-que-giraran-este-otono-en-camino-escena-norte\/#primaryimage\",\"url\":\"https:\/\/escenanorte.com\/wp-content\/uploads\/2024\/05\/Carlota-Mosquera-3.jpg\",\"contentUrl\":\"https:\/\/escenanorte.com\/wp-content\/uploads\/2024\/05\/Carlota-Mosquera-3.jpg\",\"width\":1200,\"height\":791,\"caption\":\"Tab\u00fa, de Colectivo Glovo\"},{\"@type\":\"BreadcrumbList\",\"@id\":\"https:\/\/escenanorte.com\/eu\/ya-conocemos-las-15-companias-que-giraran-este-otono-en-camino-escena-norte\/#breadcrumb\",\"itemListElement\":[{\"@type\":\"ListItem\",\"position\":1,\"name\":\"Portada\",\"item\":\"https:\/\/escenanorte.com\/eu\/\"},{\"@type\":\"ListItem\",\"position\":2,\"name\":\"Ya conocemos las 15 compa\u00f1\u00edas que girar\u00e1n este oto\u00f1o en Camino Escena Norte\"}]},{\"@type\":\"WebSite\",\"@id\":\"https:\/\/escenanorte.com\/eu\/#website\",\"url\":\"https:\/\/escenanorte.com\/eu\/\",\"name\":\"Camino Escena Norte\",\"description\":\"Escena Norte\",\"potentialAction\":[{\"@type\":\"SearchAction\",\"target\":{\"@type\":\"EntryPoint\",\"urlTemplate\":\"https:\/\/escenanorte.com\/eu\/?s={search_term_string}\"},\"query-input\":{\"@type\":\"PropertyValueSpecification\",\"valueRequired\":true,\"valueName\":\"search_term_string\"}}],\"inLanguage\":\"eu-ES\"},{\"@type\":\"Person\",\"@id\":\"https:\/\/escenanorte.com\/eu\/#\/schema\/person\/e710b5aa0c486f243b4d527a4259c37c\",\"name\":\"Noelia\",\"image\":{\"@type\":\"ImageObject\",\"inLanguage\":\"eu-ES\",\"@id\":\"https:\/\/secure.gravatar.com\/avatar\/d590b317b870f28020001606673cfd05bb4d34b9ede2d6a843ea8073c8ac9352?s=96&d=blank&r=g\",\"url\":\"https:\/\/secure.gravatar.com\/avatar\/d590b317b870f28020001606673cfd05bb4d34b9ede2d6a843ea8073c8ac9352?s=96&d=blank&r=g\",\"contentUrl\":\"https:\/\/secure.gravatar.com\/avatar\/d590b317b870f28020001606673cfd05bb4d34b9ede2d6a843ea8073c8ac9352?s=96&d=blank&r=g\",\"caption\":\"Noelia\"},\"url\":\"https:\/\/escenanorte.com\/eu\/author\/noelia\/\"}]}<\/script>\n<!-- \/ Yoast SEO plugin. -->","yoast_head_json":{"title":"Ya conocemos las 15 compa\u00f1\u00edas que girar\u00e1n este oto\u00f1o en Camino Escena Norte - Camino Escena Norte","description":"Del 13 de septiembre al 27 de octubre, 15 compa\u00f1\u00edas girar\u00e1n en Camino Escena Norte.","robots":{"index":"index","follow":"follow","max-snippet":"max-snippet:-1","max-image-preview":"max-image-preview:large","max-video-preview":"max-video-preview:-1"},"canonical":"https:\/\/escenanorte.com\/eu\/ya-conocemos-las-15-companias-que-giraran-este-otono-en-camino-escena-norte\/","og_locale":"eu_ES","og_type":"article","og_title":"Ya conocemos las 15 compa\u00f1\u00edas que girar\u00e1n este oto\u00f1o en Camino Escena Norte - Camino Escena Norte","og_description":"Del 13 de septiembre al 27 de octubre, 15 compa\u00f1\u00edas girar\u00e1n en Camino Escena Norte.","og_url":"https:\/\/escenanorte.com\/eu\/ya-conocemos-las-15-companias-que-giraran-este-otono-en-camino-escena-norte\/","og_site_name":"Camino Escena Norte","article_publisher":"https:\/\/www.facebook.com\/escenanorte","article_published_time":"2024-05-02T07:07:26+00:00","article_modified_time":"2024-05-02T07:07:30+00:00","og_image":[{"width":1200,"height":791,"url":"https:\/\/escenanorte.com\/wp-content\/uploads\/2024\/05\/Carlota-Mosquera-3.jpg","type":"image\/jpeg"}],"author":"Noelia","twitter_card":"summary_large_image","twitter_misc":{"Written by":"Noelia","Est. reading time":"4 minutes"},"schema":{"@context":"https:\/\/schema.org","@graph":[{"@type":"Article","@id":"https:\/\/escenanorte.com\/eu\/ya-conocemos-las-15-companias-que-giraran-este-otono-en-camino-escena-norte\/#article","isPartOf":{"@id":"https:\/\/escenanorte.com\/eu\/ya-conocemos-las-15-companias-que-giraran-este-otono-en-camino-escena-norte\/"},"author":{"name":"Noelia","@id":"https:\/\/escenanorte.com\/eu\/#\/schema\/person\/e710b5aa0c486f243b4d527a4259c37c"},"headline":"Ya conocemos las 15 compa\u00f1\u00edas que girar\u00e1n este oto\u00f1o en Camino Escena Norte","datePublished":"2024-05-02T07:07:26+00:00","dateModified":"2024-05-02T07:07:30+00:00","mainEntityOfPage":{"@id":"https:\/\/escenanorte.com\/eu\/ya-conocemos-las-15-companias-que-giraran-este-otono-en-camino-escena-norte\/"},"wordCount":833,"image":{"@id":"https:\/\/escenanorte.com\/eu\/ya-conocemos-las-15-companias-que-giraran-este-otono-en-camino-escena-norte\/#primaryimage"},"thumbnailUrl":"https:\/\/escenanorte.com\/wp-content\/uploads\/2024\/05\/Carlota-Mosquera-3.jpg","articleSection":["Noticias","Novas"],"inLanguage":"eu-ES"},{"@type":"WebPage","@id":"https:\/\/escenanorte.com\/eu\/ya-conocemos-las-15-companias-que-giraran-este-otono-en-camino-escena-norte\/","url":"https:\/\/escenanorte.com\/eu\/ya-conocemos-las-15-companias-que-giraran-este-otono-en-camino-escena-norte\/","name":"Ya conocemos las 15 compa\u00f1\u00edas que girar\u00e1n este oto\u00f1o en Camino Escena Norte - Camino Escena Norte","isPartOf":{"@id":"https:\/\/escenanorte.com\/eu\/#website"},"primaryImageOfPage":{"@id":"https:\/\/escenanorte.com\/eu\/ya-conocemos-las-15-companias-que-giraran-este-otono-en-camino-escena-norte\/#primaryimage"},"image":{"@id":"https:\/\/escenanorte.com\/eu\/ya-conocemos-las-15-companias-que-giraran-este-otono-en-camino-escena-norte\/#primaryimage"},"thumbnailUrl":"https:\/\/escenanorte.com\/wp-content\/uploads\/2024\/05\/Carlota-Mosquera-3.jpg","datePublished":"2024-05-02T07:07:26+00:00","dateModified":"2024-05-02T07:07:30+00:00","author":{"@id":"https:\/\/escenanorte.com\/eu\/#\/schema\/person\/e710b5aa0c486f243b4d527a4259c37c"},"description":"Del 13 de septiembre al 27 de octubre, 15 compa\u00f1\u00edas girar\u00e1n en Camino Escena Norte.","breadcrumb":{"@id":"https:\/\/escenanorte.com\/eu\/ya-conocemos-las-15-companias-que-giraran-este-otono-en-camino-escena-norte\/#breadcrumb"},"inLanguage":"eu-ES","potentialAction":[{"@type":"ReadAction","target":["https:\/\/escenanorte.com\/eu\/ya-conocemos-las-15-companias-que-giraran-este-otono-en-camino-escena-norte\/"]}]},{"@type":"ImageObject","inLanguage":"eu-ES","@id":"https:\/\/escenanorte.com\/eu\/ya-conocemos-las-15-companias-que-giraran-este-otono-en-camino-escena-norte\/#primaryimage","url":"https:\/\/escenanorte.com\/wp-content\/uploads\/2024\/05\/Carlota-Mosquera-3.jpg","contentUrl":"https:\/\/escenanorte.com\/wp-content\/uploads\/2024\/05\/Carlota-Mosquera-3.jpg","width":1200,"height":791,"caption":"Tab\u00fa, de Colectivo Glovo"},{"@type":"BreadcrumbList","@id":"https:\/\/escenanorte.com\/eu\/ya-conocemos-las-15-companias-que-giraran-este-otono-en-camino-escena-norte\/#breadcrumb","itemListElement":[{"@type":"ListItem","position":1,"name":"Portada","item":"https:\/\/escenanorte.com\/eu\/"},{"@type":"ListItem","position":2,"name":"Ya conocemos las 15 compa\u00f1\u00edas que girar\u00e1n este oto\u00f1o en Camino Escena Norte"}]},{"@type":"WebSite","@id":"https:\/\/escenanorte.com\/eu\/#website","url":"https:\/\/escenanorte.com\/eu\/","name":"Camino Escena Norte","description":"Escena Norte","potentialAction":[{"@type":"SearchAction","target":{"@type":"EntryPoint","urlTemplate":"https:\/\/escenanorte.com\/eu\/?s={search_term_string}"},"query-input":{"@type":"PropertyValueSpecification","valueRequired":true,"valueName":"search_term_string"}}],"inLanguage":"eu-ES"},{"@type":"Person","@id":"https:\/\/escenanorte.com\/eu\/#\/schema\/person\/e710b5aa0c486f243b4d527a4259c37c","name":"Noelia","image":{"@type":"ImageObject","inLanguage":"eu-ES","@id":"https:\/\/secure.gravatar.com\/avatar\/d590b317b870f28020001606673cfd05bb4d34b9ede2d6a843ea8073c8ac9352?s=96&d=blank&r=g","url":"https:\/\/secure.gravatar.com\/avatar\/d590b317b870f28020001606673cfd05bb4d34b9ede2d6a843ea8073c8ac9352?s=96&d=blank&r=g","contentUrl":"https:\/\/secure.gravatar.com\/avatar\/d590b317b870f28020001606673cfd05bb4d34b9ede2d6a843ea8073c8ac9352?s=96&d=blank&r=g","caption":"Noelia"},"url":"https:\/\/escenanorte.com\/eu\/author\/noelia\/"}]}},"publishpress_future_action":{"enabled":false,"date":"2026-05-06 14:37:21","action":"change-status","newStatus":"draft","terms":[],"taxonomy":"category","extraData":[]},"publishpress_future_workflow_manual_trigger":{"enabledWorkflows":[]},"_links":{"self":[{"href":"https:\/\/escenanorte.com\/eu\/wp-json\/wp\/v2\/posts\/62562","targetHints":{"allow":["GET"]}}],"collection":[{"href":"https:\/\/escenanorte.com\/eu\/wp-json\/wp\/v2\/posts"}],"about":[{"href":"https:\/\/escenanorte.com\/eu\/wp-json\/wp\/v2\/types\/post"}],"author":[{"embeddable":true,"href":"https:\/\/escenanorte.com\/eu\/wp-json\/wp\/v2\/users\/5"}],"replies":[{"embeddable":true,"href":"https:\/\/escenanorte.com\/eu\/wp-json\/wp\/v2\/comments?post=62562"}],"version-history":[{"count":2,"href":"https:\/\/escenanorte.com\/eu\/wp-json\/wp\/v2\/posts\/62562\/revisions"}],"predecessor-version":[{"id":62573,"href":"https:\/\/escenanorte.com\/eu\/wp-json\/wp\/v2\/posts\/62562\/revisions\/62573"}],"wp:featuredmedia":[{"embeddable":true,"href":"https:\/\/escenanorte.com\/eu\/wp-json\/wp\/v2\/media\/62521"}],"wp:attachment":[{"href":"https:\/\/escenanorte.com\/eu\/wp-json\/wp\/v2\/media?parent=62562"}],"wp:term":[{"taxonomy":"category","embeddable":true,"href":"https:\/\/escenanorte.com\/eu\/wp-json\/wp\/v2\/categories?post=62562"},{"taxonomy":"post_tag","embeddable":true,"href":"https:\/\/escenanorte.com\/eu\/wp-json\/wp\/v2\/tags?post=62562"}],"curies":[{"name":"wp","href":"https:\/\/api.w.org\/{rel}","templated":true}]}}