{"id":50284,"date":"2023-09-13T10:29:22","date_gmt":"2023-09-13T08:29:22","guid":{"rendered":"https:\/\/escenanorte.com\/?p=50284"},"modified":"2023-09-13T10:30:21","modified_gmt":"2023-09-13T08:30:21","slug":"carlos-troyano-recibe-el-primer-reconocimiento-julio-pena-a-los-valores-de-cooperacion-de-camino-escena-norte","status":"publish","type":"post","link":"https:\/\/escenanorte.com\/eu\/carlos-troyano-recibe-el-primer-reconocimiento-julio-pena-a-los-valores-de-cooperacion-de-camino-escena-norte\/","title":{"rendered":"Carlos Troyano recibe el primer reconocimiento \u201cJulio Pe\u00f1a\u201d a los valores de cooperaci\u00f3n de Camino Escena Norte"},"content":{"rendered":"\n<p>Las asociaciones promotoras de Camino Escena Norte han decidido crear un reconocimiento de car\u00e1cter no competitivo para visibilizar cada a\u00f1o la labor de profesionales y\/o entidades dentro del marco de los valores que maneja nuestro proyecto: la cooperaci\u00f3n interterritorial, el trabajo sectorial en red, la sostenibilidad y la creaci\u00f3n de nuevas oportunidades para las artes esc\u00e9nicas profesionales en Galicia, Asturias, Cantabria, Euskadi y Navarra.<\/p>\n\n\n\n<p>El reconocimiento lleva el nombre de nuestro compa\u00f1ero Julio Pe\u00f1a, fallecido hace pocos meses, justo cuando se encontraba en el proceso de valoraci\u00f3n de los espect\u00e1culos presentados al Itinerario Constelaciones, pues formaba parte de la comisi\u00f3n profesional de Cantabria. Julio apoy\u00f3 decididamente este proyecto desde su creaci\u00f3n, creyendo firmemente en este camino de cooperaci\u00f3n que empezaba all\u00e1 por 2019 y trabajando desde sus responsabilidades en los circuitos esc\u00e9nicos c\u00e1ntabros para su afianzamiento.<\/p>\n\n\n\n<div class=\"wp-block-image\"><figure class=\"aligncenter size-medium is-resized\"><img loading=\"lazy\" decoding=\"async\" src=\"https:\/\/escenanorte.com\/wp-content\/uploads\/2023\/09\/JULIO-PENA-242x300.jpeg\" alt=\"\" class=\"wp-image-50299\" width=\"242\" height=\"300\" srcset=\"https:\/\/escenanorte.com\/wp-content\/uploads\/2023\/09\/JULIO-PENA-242x300.jpeg 242w, https:\/\/escenanorte.com\/wp-content\/uploads\/2023\/09\/JULIO-PENA-827x1024.jpeg 827w, https:\/\/escenanorte.com\/wp-content\/uploads\/2023\/09\/JULIO-PENA-768x951.jpeg 768w, https:\/\/escenanorte.com\/wp-content\/uploads\/2023\/09\/JULIO-PENA-1241x1536.jpeg 1241w, https:\/\/escenanorte.com\/wp-content\/uploads\/2023\/09\/JULIO-PENA-scaled.jpeg 1034w\" sizes=\"(max-width: 242px) 100vw, 242px\" \/><figcaption>Julio Pe\u00f1a trabajando en Habitaci\u00f3n Peregrina Pro<\/figcaption><\/figure><\/div>\n\n\n\n<p><strong>Carlos Troyano: primer profesional reconocido<\/strong><\/p>\n\n\n\n<p>Cada a\u00f1o, el reconocimiento ser\u00e1 para un profesional o entidad de una comunidad, rotando entre los cinco territorios implicados. En esta edici\u00f3n de 2023 el reconocimiento es para Carlos Troyano. Autor, productor y gestor cultural, estudi\u00f3 Filolog\u00eda Hisp\u00e1nica en la Universidad de Valladolid y complet\u00f3 su educaci\u00f3n con los Estudios de Interpretaci\u00f3n en la Escuela de Anabel D\u00edez.<\/p>\n\n\n\n<p>Carlos Troyano tiene una dilatada carrera como dramaturgo, gestor cultural y guionista. Entre sus obras, se encuentran <em>Los dos sue\u00f1os <\/em>(2008), <em>El jard\u00edn de las posibilidades <\/em>(2014), <em>Cualquier tiempo pasado <\/em>(2017) o <em>Y ya no ser\u00e9 tuya <\/em>(2022). En 2010, ocupa el cargo de productor de la Compa\u00f1\u00eda de Teatro \u201cAnabel Diez Producciones\u201d hasta 2019. En estos \u00faltimos a\u00f1os ha sido programador del Palacio de Festivales de Cantabria.<\/p>\n\n\n\n<div class=\"wp-block-image\"><figure class=\"aligncenter size-large is-resized\"><img loading=\"lazy\" decoding=\"async\" src=\"https:\/\/escenanorte.com\/wp-content\/uploads\/2023\/09\/CEN23-Galardonado-Post-1024x1024.png\" alt=\"\" class=\"wp-image-50295\" width=\"768\" height=\"768\" srcset=\"https:\/\/escenanorte.com\/wp-content\/uploads\/2023\/09\/CEN23-Galardonado-Post-1024x1024.png 1024w, https:\/\/escenanorte.com\/wp-content\/uploads\/2023\/09\/CEN23-Galardonado-Post-300x300.png 300w, https:\/\/escenanorte.com\/wp-content\/uploads\/2023\/09\/CEN23-Galardonado-Post-150x150.png 150w, https:\/\/escenanorte.com\/wp-content\/uploads\/2023\/09\/CEN23-Galardonado-Post-768x768.png 768w, https:\/\/escenanorte.com\/wp-content\/uploads\/2023\/09\/CEN23-Galardonado-Post.png 1280w\" sizes=\"(max-width: 768px) 100vw, 768px\" \/><\/figure><\/div>\n\n\n\n<p>Dentro de <em>Camino Escena Norte <\/em>para alguna gente es \u201cCarlos\u201d, para otra es \u201cTroyano\u201d. Para todas y todos un amigo y pieza fundamental del proyecto. Fue Carlos Troyano el primero que reuni\u00f3 a las asociaciones promotoras alrededor de un caf\u00e9 informal en Mercartes 2016 y las anim\u00f3 a comenzar a trabajar en un proyecto de cooperaci\u00f3n interterritorial. Trabaj\u00f3 de manera decidida en la fase de estudio y desarrollo de <em>Camino Escena Norte <\/em>en 2017, 2018 y 2019, desde la asociaci\u00f3n Acepae y desde su compa\u00f1\u00eda Anabel D\u00edez Producciones, hoy El Tejo Producciones. Desde 2020 sigue apoyando y acompa\u00f1ando el proyecto desde sus obligaciones en el Palacio de Festivales y la SRECD de Cantabria. Siempre atento, dispuesto a colaborar y apoyar desde todos los frentes. En este primer a\u00f1o de creaci\u00f3n de este reconocimiento las asociaciones Escena Galega, EscenAsturias, Acepae, Eskena y Esna quieren rendirle este peque\u00f1o homenaje desde el respeto, la amistad y el cari\u00f1o.<\/p>\n\n\n\n<p>El galard\u00f3n a Carlos Troyano ser\u00e1 entregado el <strong>mi\u00e9rcoles 20 de septiembre en Lugo, en nuestro encuentro profesional anual de Habitaci\u00f3n Peregrina Pro<\/strong>.<\/p>\n\n\n\n<p><strong>Palo Pez: creador de la pieza<\/strong><\/p>\n\n\n\n<p>Cada a\u00f1o se encargar\u00e1 la pieza f\u00edsica del premio a un artista diferente de la comunidad de la persona o entidad galardonada, d\u00e1ndole total libertad para desarollar la creaci\u00f3n de forma original y \u00fanica.<\/p>\n\n\n\n<div class=\"wp-block-image\"><figure class=\"aligncenter size-full is-resized\"><img loading=\"lazy\" decoding=\"async\" src=\"https:\/\/escenanorte.com\/wp-content\/uploads\/2023\/09\/PALO-PEZ.jpeg\" alt=\"\" class=\"wp-image-50291\" width=\"679\" height=\"679\" srcset=\"https:\/\/escenanorte.com\/wp-content\/uploads\/2023\/09\/PALO-PEZ.jpeg 905w, https:\/\/escenanorte.com\/wp-content\/uploads\/2023\/09\/PALO-PEZ-300x300.jpeg 300w, https:\/\/escenanorte.com\/wp-content\/uploads\/2023\/09\/PALO-PEZ-150x150.jpeg 150w, https:\/\/escenanorte.com\/wp-content\/uploads\/2023\/09\/PALO-PEZ-768x768.jpeg 768w\" sizes=\"(max-width: 679px) 100vw, 679px\" \/><\/figure><\/div>\n\n\n\n<p>Este a\u00f1o hemos realizado el encargo es Palo Pez (Santander, 1980), un artista multidisciplinar ligado al dibujo, la fotograf\u00eda, dise\u00f1o de espacios y escenograf\u00eda teatral. Su actividad creativa indaba en la exploraci\u00f3n de lo cotidiano y de la conexi\u00f3n con la naturaleza para la realizaci\u00f3n personal. En los \u00faltimos a\u00f1os ha formado parte del proyecto educativo <em>Createctura <\/em>y ha ideado y dirigido \u201cLa ciudad del juego\u201d, una iniciativa que promueve intervenciones en los espacios p\u00fablicos de Santander. En cuanto a los proyectos art\u00edsticos, destacan \u201cDi\u00f3genes Visual\u201d, un diario personal que ha sido mostrado en dos exposiciones al p\u00fablico, y \u201cHabitat\u201d, donde indaga en la relaci\u00f3n entre lo micro y lo macro, superponiendo constantemente el encuentro entre la naturaleza y el ser humano o la bot\u00e1nica y lo artificial.<\/p>\n","protected":false},"excerpt":{"rendered":"<p>El galard\u00f3n a Carlos Troyano ser\u00e1 entregado el mi\u00e9rcoles 20 de septiembre en Lugo, en nuestro encuentro profesional anual de Habitaci\u00f3n Peregrina Pro.<\/p>\n","protected":false},"author":5,"featured_media":50303,"comment_status":"closed","ping_status":"open","sticky":false,"template":"","format":"standard","meta":{"footnotes":""},"categories":[1],"tags":[],"class_list":["post-50284","post","type-post","status-publish","format-standard","has-post-thumbnail","hentry","category-noticias"],"yoast_head":"<!-- This site is optimized with the Yoast SEO plugin v27.2 - https:\/\/yoast.com\/product\/yoast-seo-wordpress\/ -->\n<title>Carlos Troyano recibe el primer reconocimiento \u201cJulio Pe\u00f1a\u201d a los valores de cooperaci\u00f3n de Camino Escena Norte - Camino Escena Norte<\/title>\n<meta name=\"description\" content=\"El galard\u00f3n a Carlos Troyano ser\u00e1 entregado el mi\u00e9rcoles 20 de septiembre en Lugo, en el encuentro profesional Habitaci\u00f3n Peregrina Pro.\" \/>\n<meta name=\"robots\" content=\"index, follow, max-snippet:-1, max-image-preview:large, max-video-preview:-1\" \/>\n<link rel=\"canonical\" href=\"https:\/\/escenanorte.com\/eu\/carlos-troyano-recibe-el-primer-reconocimiento-julio-pena-a-los-valores-de-cooperacion-de-camino-escena-norte\/\" \/>\n<meta property=\"og:locale\" content=\"eu_ES\" \/>\n<meta property=\"og:type\" content=\"article\" \/>\n<meta property=\"og:title\" content=\"Carlos Troyano recibe el primer reconocimiento \u201cJulio Pe\u00f1a\u201d a los valores de cooperaci\u00f3n de Camino Escena Norte - Camino Escena Norte\" \/>\n<meta property=\"og:description\" content=\"El galard\u00f3n a Carlos Troyano ser\u00e1 entregado el mi\u00e9rcoles 20 de septiembre en Lugo, en el encuentro profesional Habitaci\u00f3n Peregrina Pro.\" \/>\n<meta property=\"og:url\" content=\"https:\/\/escenanorte.com\/eu\/carlos-troyano-recibe-el-primer-reconocimiento-julio-pena-a-los-valores-de-cooperacion-de-camino-escena-norte\/\" \/>\n<meta property=\"og:site_name\" content=\"Camino Escena Norte\" \/>\n<meta property=\"article:publisher\" content=\"https:\/\/www.facebook.com\/escenanorte\" \/>\n<meta property=\"article:published_time\" content=\"2023-09-13T08:29:22+00:00\" \/>\n<meta property=\"article:modified_time\" content=\"2023-09-13T08:30:21+00:00\" \/>\n<meta property=\"og:image\" content=\"https:\/\/escenanorte.com\/wp-content\/uploads\/2023\/09\/CARLOS-TROYANO-scaled.jpeg\" \/>\n\t<meta property=\"og:image:width\" content=\"1280\" \/>\n\t<meta property=\"og:image:height\" content=\"1280\" \/>\n\t<meta property=\"og:image:type\" content=\"image\/jpeg\" \/>\n<meta name=\"author\" content=\"Noelia\" \/>\n<meta name=\"twitter:card\" content=\"summary_large_image\" \/>\n<meta name=\"twitter:label1\" content=\"Written by\" \/>\n\t<meta name=\"twitter:data1\" content=\"Noelia\" \/>\n\t<meta name=\"twitter:label2\" content=\"Est. reading time\" \/>\n\t<meta name=\"twitter:data2\" content=\"4 minutes\" \/>\n<script type=\"application\/ld+json\" class=\"yoast-schema-graph\">{\"@context\":\"https:\/\/schema.org\",\"@graph\":[{\"@type\":\"Article\",\"@id\":\"https:\/\/escenanorte.com\/eu\/carlos-troyano-recibe-el-primer-reconocimiento-julio-pena-a-los-valores-de-cooperacion-de-camino-escena-norte\/#article\",\"isPartOf\":{\"@id\":\"https:\/\/escenanorte.com\/eu\/carlos-troyano-recibe-el-primer-reconocimiento-julio-pena-a-los-valores-de-cooperacion-de-camino-escena-norte\/\"},\"author\":{\"name\":\"Noelia\",\"@id\":\"https:\/\/escenanorte.com\/eu\/#\/schema\/person\/e710b5aa0c486f243b4d527a4259c37c\"},\"headline\":\"Carlos Troyano recibe el primer reconocimiento \u201cJulio Pe\u00f1a\u201d a los valores de cooperaci\u00f3n de Camino Escena Norte\",\"datePublished\":\"2023-09-13T08:29:22+00:00\",\"dateModified\":\"2023-09-13T08:30:21+00:00\",\"mainEntityOfPage\":{\"@id\":\"https:\/\/escenanorte.com\/eu\/carlos-troyano-recibe-el-primer-reconocimiento-julio-pena-a-los-valores-de-cooperacion-de-camino-escena-norte\/\"},\"wordCount\":682,\"image\":{\"@id\":\"https:\/\/escenanorte.com\/eu\/carlos-troyano-recibe-el-primer-reconocimiento-julio-pena-a-los-valores-de-cooperacion-de-camino-escena-norte\/#primaryimage\"},\"thumbnailUrl\":\"https:\/\/escenanorte.com\/wp-content\/uploads\/2023\/09\/CARLOS-TROYANO-scaled.jpeg\",\"articleSection\":[\"Noticias\"],\"inLanguage\":\"eu-ES\"},{\"@type\":\"WebPage\",\"@id\":\"https:\/\/escenanorte.com\/eu\/carlos-troyano-recibe-el-primer-reconocimiento-julio-pena-a-los-valores-de-cooperacion-de-camino-escena-norte\/\",\"url\":\"https:\/\/escenanorte.com\/eu\/carlos-troyano-recibe-el-primer-reconocimiento-julio-pena-a-los-valores-de-cooperacion-de-camino-escena-norte\/\",\"name\":\"Carlos Troyano recibe el primer reconocimiento \u201cJulio Pe\u00f1a\u201d a los valores de cooperaci\u00f3n de Camino Escena Norte - Camino Escena Norte\",\"isPartOf\":{\"@id\":\"https:\/\/escenanorte.com\/eu\/#website\"},\"primaryImageOfPage\":{\"@id\":\"https:\/\/escenanorte.com\/eu\/carlos-troyano-recibe-el-primer-reconocimiento-julio-pena-a-los-valores-de-cooperacion-de-camino-escena-norte\/#primaryimage\"},\"image\":{\"@id\":\"https:\/\/escenanorte.com\/eu\/carlos-troyano-recibe-el-primer-reconocimiento-julio-pena-a-los-valores-de-cooperacion-de-camino-escena-norte\/#primaryimage\"},\"thumbnailUrl\":\"https:\/\/escenanorte.com\/wp-content\/uploads\/2023\/09\/CARLOS-TROYANO-scaled.jpeg\",\"datePublished\":\"2023-09-13T08:29:22+00:00\",\"dateModified\":\"2023-09-13T08:30:21+00:00\",\"author\":{\"@id\":\"https:\/\/escenanorte.com\/eu\/#\/schema\/person\/e710b5aa0c486f243b4d527a4259c37c\"},\"description\":\"El galard\u00f3n a Carlos Troyano ser\u00e1 entregado el mi\u00e9rcoles 20 de septiembre en Lugo, en el encuentro profesional Habitaci\u00f3n Peregrina Pro.\",\"breadcrumb\":{\"@id\":\"https:\/\/escenanorte.com\/eu\/carlos-troyano-recibe-el-primer-reconocimiento-julio-pena-a-los-valores-de-cooperacion-de-camino-escena-norte\/#breadcrumb\"},\"inLanguage\":\"eu-ES\",\"potentialAction\":[{\"@type\":\"ReadAction\",\"target\":[\"https:\/\/escenanorte.com\/eu\/carlos-troyano-recibe-el-primer-reconocimiento-julio-pena-a-los-valores-de-cooperacion-de-camino-escena-norte\/\"]}]},{\"@type\":\"ImageObject\",\"inLanguage\":\"eu-ES\",\"@id\":\"https:\/\/escenanorte.com\/eu\/carlos-troyano-recibe-el-primer-reconocimiento-julio-pena-a-los-valores-de-cooperacion-de-camino-escena-norte\/#primaryimage\",\"url\":\"https:\/\/escenanorte.com\/wp-content\/uploads\/2023\/09\/CARLOS-TROYANO-scaled.jpeg\",\"contentUrl\":\"https:\/\/escenanorte.com\/wp-content\/uploads\/2023\/09\/CARLOS-TROYANO-scaled.jpeg\",\"width\":1280,\"height\":1280},{\"@type\":\"BreadcrumbList\",\"@id\":\"https:\/\/escenanorte.com\/eu\/carlos-troyano-recibe-el-primer-reconocimiento-julio-pena-a-los-valores-de-cooperacion-de-camino-escena-norte\/#breadcrumb\",\"itemListElement\":[{\"@type\":\"ListItem\",\"position\":1,\"name\":\"Portada\",\"item\":\"https:\/\/escenanorte.com\/eu\/\"},{\"@type\":\"ListItem\",\"position\":2,\"name\":\"Carlos Troyano recibe el primer reconocimiento \u201cJulio Pe\u00f1a\u201d a los valores de cooperaci\u00f3n de Camino Escena Norte\"}]},{\"@type\":\"WebSite\",\"@id\":\"https:\/\/escenanorte.com\/eu\/#website\",\"url\":\"https:\/\/escenanorte.com\/eu\/\",\"name\":\"Camino Escena Norte\",\"description\":\"Escena Norte\",\"potentialAction\":[{\"@type\":\"SearchAction\",\"target\":{\"@type\":\"EntryPoint\",\"urlTemplate\":\"https:\/\/escenanorte.com\/eu\/?s={search_term_string}\"},\"query-input\":{\"@type\":\"PropertyValueSpecification\",\"valueRequired\":true,\"valueName\":\"search_term_string\"}}],\"inLanguage\":\"eu-ES\"},{\"@type\":\"Person\",\"@id\":\"https:\/\/escenanorte.com\/eu\/#\/schema\/person\/e710b5aa0c486f243b4d527a4259c37c\",\"name\":\"Noelia\",\"image\":{\"@type\":\"ImageObject\",\"inLanguage\":\"eu-ES\",\"@id\":\"https:\/\/secure.gravatar.com\/avatar\/d590b317b870f28020001606673cfd05bb4d34b9ede2d6a843ea8073c8ac9352?s=96&d=blank&r=g\",\"url\":\"https:\/\/secure.gravatar.com\/avatar\/d590b317b870f28020001606673cfd05bb4d34b9ede2d6a843ea8073c8ac9352?s=96&d=blank&r=g\",\"contentUrl\":\"https:\/\/secure.gravatar.com\/avatar\/d590b317b870f28020001606673cfd05bb4d34b9ede2d6a843ea8073c8ac9352?s=96&d=blank&r=g\",\"caption\":\"Noelia\"},\"url\":\"https:\/\/escenanorte.com\/eu\/author\/noelia\/\"}]}<\/script>\n<!-- \/ Yoast SEO plugin. -->","yoast_head_json":{"title":"Carlos Troyano recibe el primer reconocimiento \u201cJulio Pe\u00f1a\u201d a los valores de cooperaci\u00f3n de Camino Escena Norte - Camino Escena Norte","description":"El galard\u00f3n a Carlos Troyano ser\u00e1 entregado el mi\u00e9rcoles 20 de septiembre en Lugo, en el encuentro profesional Habitaci\u00f3n Peregrina Pro.","robots":{"index":"index","follow":"follow","max-snippet":"max-snippet:-1","max-image-preview":"max-image-preview:large","max-video-preview":"max-video-preview:-1"},"canonical":"https:\/\/escenanorte.com\/eu\/carlos-troyano-recibe-el-primer-reconocimiento-julio-pena-a-los-valores-de-cooperacion-de-camino-escena-norte\/","og_locale":"eu_ES","og_type":"article","og_title":"Carlos Troyano recibe el primer reconocimiento \u201cJulio Pe\u00f1a\u201d a los valores de cooperaci\u00f3n de Camino Escena Norte - Camino Escena Norte","og_description":"El galard\u00f3n a Carlos Troyano ser\u00e1 entregado el mi\u00e9rcoles 20 de septiembre en Lugo, en el encuentro profesional Habitaci\u00f3n Peregrina Pro.","og_url":"https:\/\/escenanorte.com\/eu\/carlos-troyano-recibe-el-primer-reconocimiento-julio-pena-a-los-valores-de-cooperacion-de-camino-escena-norte\/","og_site_name":"Camino Escena Norte","article_publisher":"https:\/\/www.facebook.com\/escenanorte","article_published_time":"2023-09-13T08:29:22+00:00","article_modified_time":"2023-09-13T08:30:21+00:00","og_image":[{"width":1280,"height":1280,"url":"https:\/\/escenanorte.com\/wp-content\/uploads\/2023\/09\/CARLOS-TROYANO-scaled.jpeg","type":"image\/jpeg"}],"author":"Noelia","twitter_card":"summary_large_image","twitter_misc":{"Written by":"Noelia","Est. reading time":"4 minutes"},"schema":{"@context":"https:\/\/schema.org","@graph":[{"@type":"Article","@id":"https:\/\/escenanorte.com\/eu\/carlos-troyano-recibe-el-primer-reconocimiento-julio-pena-a-los-valores-de-cooperacion-de-camino-escena-norte\/#article","isPartOf":{"@id":"https:\/\/escenanorte.com\/eu\/carlos-troyano-recibe-el-primer-reconocimiento-julio-pena-a-los-valores-de-cooperacion-de-camino-escena-norte\/"},"author":{"name":"Noelia","@id":"https:\/\/escenanorte.com\/eu\/#\/schema\/person\/e710b5aa0c486f243b4d527a4259c37c"},"headline":"Carlos Troyano recibe el primer reconocimiento \u201cJulio Pe\u00f1a\u201d a los valores de cooperaci\u00f3n de Camino Escena Norte","datePublished":"2023-09-13T08:29:22+00:00","dateModified":"2023-09-13T08:30:21+00:00","mainEntityOfPage":{"@id":"https:\/\/escenanorte.com\/eu\/carlos-troyano-recibe-el-primer-reconocimiento-julio-pena-a-los-valores-de-cooperacion-de-camino-escena-norte\/"},"wordCount":682,"image":{"@id":"https:\/\/escenanorte.com\/eu\/carlos-troyano-recibe-el-primer-reconocimiento-julio-pena-a-los-valores-de-cooperacion-de-camino-escena-norte\/#primaryimage"},"thumbnailUrl":"https:\/\/escenanorte.com\/wp-content\/uploads\/2023\/09\/CARLOS-TROYANO-scaled.jpeg","articleSection":["Noticias"],"inLanguage":"eu-ES"},{"@type":"WebPage","@id":"https:\/\/escenanorte.com\/eu\/carlos-troyano-recibe-el-primer-reconocimiento-julio-pena-a-los-valores-de-cooperacion-de-camino-escena-norte\/","url":"https:\/\/escenanorte.com\/eu\/carlos-troyano-recibe-el-primer-reconocimiento-julio-pena-a-los-valores-de-cooperacion-de-camino-escena-norte\/","name":"Carlos Troyano recibe el primer reconocimiento \u201cJulio Pe\u00f1a\u201d a los valores de cooperaci\u00f3n de Camino Escena Norte - Camino Escena Norte","isPartOf":{"@id":"https:\/\/escenanorte.com\/eu\/#website"},"primaryImageOfPage":{"@id":"https:\/\/escenanorte.com\/eu\/carlos-troyano-recibe-el-primer-reconocimiento-julio-pena-a-los-valores-de-cooperacion-de-camino-escena-norte\/#primaryimage"},"image":{"@id":"https:\/\/escenanorte.com\/eu\/carlos-troyano-recibe-el-primer-reconocimiento-julio-pena-a-los-valores-de-cooperacion-de-camino-escena-norte\/#primaryimage"},"thumbnailUrl":"https:\/\/escenanorte.com\/wp-content\/uploads\/2023\/09\/CARLOS-TROYANO-scaled.jpeg","datePublished":"2023-09-13T08:29:22+00:00","dateModified":"2023-09-13T08:30:21+00:00","author":{"@id":"https:\/\/escenanorte.com\/eu\/#\/schema\/person\/e710b5aa0c486f243b4d527a4259c37c"},"description":"El galard\u00f3n a Carlos Troyano ser\u00e1 entregado el mi\u00e9rcoles 20 de septiembre en Lugo, en el encuentro profesional Habitaci\u00f3n Peregrina Pro.","breadcrumb":{"@id":"https:\/\/escenanorte.com\/eu\/carlos-troyano-recibe-el-primer-reconocimiento-julio-pena-a-los-valores-de-cooperacion-de-camino-escena-norte\/#breadcrumb"},"inLanguage":"eu-ES","potentialAction":[{"@type":"ReadAction","target":["https:\/\/escenanorte.com\/eu\/carlos-troyano-recibe-el-primer-reconocimiento-julio-pena-a-los-valores-de-cooperacion-de-camino-escena-norte\/"]}]},{"@type":"ImageObject","inLanguage":"eu-ES","@id":"https:\/\/escenanorte.com\/eu\/carlos-troyano-recibe-el-primer-reconocimiento-julio-pena-a-los-valores-de-cooperacion-de-camino-escena-norte\/#primaryimage","url":"https:\/\/escenanorte.com\/wp-content\/uploads\/2023\/09\/CARLOS-TROYANO-scaled.jpeg","contentUrl":"https:\/\/escenanorte.com\/wp-content\/uploads\/2023\/09\/CARLOS-TROYANO-scaled.jpeg","width":1280,"height":1280},{"@type":"BreadcrumbList","@id":"https:\/\/escenanorte.com\/eu\/carlos-troyano-recibe-el-primer-reconocimiento-julio-pena-a-los-valores-de-cooperacion-de-camino-escena-norte\/#breadcrumb","itemListElement":[{"@type":"ListItem","position":1,"name":"Portada","item":"https:\/\/escenanorte.com\/eu\/"},{"@type":"ListItem","position":2,"name":"Carlos Troyano recibe el primer reconocimiento \u201cJulio Pe\u00f1a\u201d a los valores de cooperaci\u00f3n de Camino Escena Norte"}]},{"@type":"WebSite","@id":"https:\/\/escenanorte.com\/eu\/#website","url":"https:\/\/escenanorte.com\/eu\/","name":"Camino Escena Norte","description":"Escena Norte","potentialAction":[{"@type":"SearchAction","target":{"@type":"EntryPoint","urlTemplate":"https:\/\/escenanorte.com\/eu\/?s={search_term_string}"},"query-input":{"@type":"PropertyValueSpecification","valueRequired":true,"valueName":"search_term_string"}}],"inLanguage":"eu-ES"},{"@type":"Person","@id":"https:\/\/escenanorte.com\/eu\/#\/schema\/person\/e710b5aa0c486f243b4d527a4259c37c","name":"Noelia","image":{"@type":"ImageObject","inLanguage":"eu-ES","@id":"https:\/\/secure.gravatar.com\/avatar\/d590b317b870f28020001606673cfd05bb4d34b9ede2d6a843ea8073c8ac9352?s=96&d=blank&r=g","url":"https:\/\/secure.gravatar.com\/avatar\/d590b317b870f28020001606673cfd05bb4d34b9ede2d6a843ea8073c8ac9352?s=96&d=blank&r=g","contentUrl":"https:\/\/secure.gravatar.com\/avatar\/d590b317b870f28020001606673cfd05bb4d34b9ede2d6a843ea8073c8ac9352?s=96&d=blank&r=g","caption":"Noelia"},"url":"https:\/\/escenanorte.com\/eu\/author\/noelia\/"}]}},"publishpress_future_action":{"enabled":false,"date":"2026-05-06 20:46:19","action":"change-status","newStatus":"draft","terms":[],"taxonomy":"category","extraData":[]},"publishpress_future_workflow_manual_trigger":{"enabledWorkflows":[]},"_links":{"self":[{"href":"https:\/\/escenanorte.com\/eu\/wp-json\/wp\/v2\/posts\/50284","targetHints":{"allow":["GET"]}}],"collection":[{"href":"https:\/\/escenanorte.com\/eu\/wp-json\/wp\/v2\/posts"}],"about":[{"href":"https:\/\/escenanorte.com\/eu\/wp-json\/wp\/v2\/types\/post"}],"author":[{"embeddable":true,"href":"https:\/\/escenanorte.com\/eu\/wp-json\/wp\/v2\/users\/5"}],"replies":[{"embeddable":true,"href":"https:\/\/escenanorte.com\/eu\/wp-json\/wp\/v2\/comments?post=50284"}],"version-history":[{"count":2,"href":"https:\/\/escenanorte.com\/eu\/wp-json\/wp\/v2\/posts\/50284\/revisions"}],"predecessor-version":[{"id":50320,"href":"https:\/\/escenanorte.com\/eu\/wp-json\/wp\/v2\/posts\/50284\/revisions\/50320"}],"wp:featuredmedia":[{"embeddable":true,"href":"https:\/\/escenanorte.com\/eu\/wp-json\/wp\/v2\/media\/50303"}],"wp:attachment":[{"href":"https:\/\/escenanorte.com\/eu\/wp-json\/wp\/v2\/media?parent=50284"}],"wp:term":[{"taxonomy":"category","embeddable":true,"href":"https:\/\/escenanorte.com\/eu\/wp-json\/wp\/v2\/categories?post=50284"},{"taxonomy":"post_tag","embeddable":true,"href":"https:\/\/escenanorte.com\/eu\/wp-json\/wp\/v2\/tags?post=50284"}],"curies":[{"name":"wp","href":"https:\/\/api.w.org\/{rel}","templated":true}]}}