{"id":45162,"date":"2023-09-04T13:53:25","date_gmt":"2023-09-04T11:53:25","guid":{"rendered":"https:\/\/escenanorte.com\/?p=45162"},"modified":"2023-09-04T16:21:28","modified_gmt":"2023-09-04T14:21:28","slug":"camino-escena-norte-recorre-mas-senderos-artisticos-en-su-quinta-edicion","status":"publish","type":"post","link":"https:\/\/escenanorte.com\/eu\/camino-escena-norte-recorre-mas-senderos-artisticos-en-su-quinta-edicion\/","title":{"rendered":"Camino Escena Norte recorre m\u00e1s senderos art\u00edsticos en su quinta edici\u00f3n"},"content":{"rendered":"\n<p><strong><em>El proyecto de intercambio de artes esc\u00e9nicas celebrar\u00e1 su programa oficial del 17 de septiembre al 22 de octubre en cerca de 60 sedes en Galicia, Asturias, Cantabria, Euskadi y Navarra<\/em><\/strong><\/p>\n\n\n\n<figure class=\"wp-block-image size-large\"><img loading=\"lazy\" decoding=\"async\" width=\"1024\" height=\"684\" src=\"https:\/\/escenanorte.com\/wp-content\/uploads\/2023\/09\/DSC8199-2-1024x684.jpg\" alt=\"\" class=\"wp-image-45216\" srcset=\"https:\/\/escenanorte.com\/wp-content\/uploads\/2023\/09\/DSC8199-2-1024x684.jpg 1024w, https:\/\/escenanorte.com\/wp-content\/uploads\/2023\/09\/DSC8199-2-300x200.jpg 300w, https:\/\/escenanorte.com\/wp-content\/uploads\/2023\/09\/DSC8199-2-768x513.jpg 768w, https:\/\/escenanorte.com\/wp-content\/uploads\/2023\/09\/DSC8199-2-1536x1025.jpg 1536w, https:\/\/escenanorte.com\/wp-content\/uploads\/2023\/09\/DSC8199-2-2048x1367.jpg 2048w, https:\/\/escenanorte.com\/wp-content\/uploads\/2023\/09\/DSC8199-2-scaled.jpg 1280w\" sizes=\"(max-width: 1024px) 100vw, 1024px\" \/><figcaption>Arriba de izquierda a derecha: Ana Meabe (Eskena); Aitziber Atorrasagasti (directora de Promoci\u00f3n de Cultura, Gobierno Vasco); Pablo Le\u00f3n Gasalla, (Director General de Patrimonio Cultural, Principado de Asturias); Ignacio Apeztegu\u00eda Morentin (Director General de Cultura, Gobierno de Navarra); Juan Antonio Gonz\u00e1lez Fuentes (Director General de Cultura y Patrimonio \u2013 Gobierno\u00a0de\u00a0Cantabria) | Abajo de izquierda a derecha: Nerea Soto (producci\u00f3n Eskena); Idoia Ayestar\u00e1n (C\u00eda. Pantarey); Inmaculada S\u00e1nchez, (Directora de Cultura de \u00c1lava); Bego\u00f1a de Ibarra (Directora Cultura de Bizkaia); Mar\u00eda Jos\u00e9 Teller\u00eda (Directora Cultura de Gipuzkoa); Eduardo Telletxea\u00a0(Aboon\u00a0Teatroa)<\/figcaption><\/figure>\n\n\n\n<p><\/p>\n\n\n\n<p>M\u00e1s escenarios, m\u00e1s funciones, m\u00e1s actividades y m\u00e1s colaboraciones. Camino Escena Norte (CEN) celebra su quinta edici\u00f3n incrementando el intercambio de compa\u00f1\u00edas, profesionales y p\u00fablicos en Galicia, Asturias, Cantabria, Euskadi y Navarra. El lema <strong><em>Senderos que confluyen<\/em><\/strong> describe una programaci\u00f3n oficial que se celebrar\u00e1 del 17 de septiembre al 22 de octubre, con 15 compa\u00f1\u00edas de teatro, danza y artes del movimiento y nuevo circo, mostrando sus espect\u00e1culos en cerca de 60 sedes que forman parte del Itinerario Constelaciones.<\/p>\n\n\n\n<p>La quinta edici\u00f3n de Camino Escena Norte cuenta con importantes novedades, como la incorporaci\u00f3n definitiva al proyecto de la Comunidad Foral de Navarra; un aumento sustancial de la programaci\u00f3n en todos los territorios (pasando de 38 a 55 sedes); el estreno de <em>Senderos<\/em>, una red de colaboraci\u00f3n con proyectos locales, como Danza Xix\u00f3n en Asturias o el FIOT de Carballo en Galicia, y un programa de talleres y coloquios coorganizado y financiado por la asociaci\u00f3n Te Veo de Artes Esc\u00e9nicas para la Infancia y la Juventud.<\/p>\n\n\n\n<p><strong>Itinerario Constelaciones<\/strong><\/p>\n\n\n\n<p>Los 15 espect\u00e1culos de la quinta edici\u00f3n, tres por territorio, conforman el Itinerario Constelaciones, una programaci\u00f3n art\u00edstica de corte generalista en la que prevalece la diversidad de lenguajes, est\u00e9ticas y formatos; producciones de teatro, danza y artes del movimiento y nuevo circo para p\u00fablico infantil y adulto.<\/p>\n\n\n\n<p>Galicia ha seleccionado a las compa\u00f1\u00edas <strong>Caramuxo Teatro<\/strong> con su espect\u00e1culo <strong><em>Cris\u00e1lida<\/em><\/strong>; <strong>Rebordelos<\/strong> con <strong><em>Amantis<\/em><\/strong>, y <strong>Xampatito Pato<\/strong> con <strong><em>S\u00f3<\/em><\/strong>. Por su parte, Asturias intervendr\u00e1 en el intercambio cultural de CEN con <strong>Saltantes Teatro<\/strong> que presentar\u00e1 <strong><em>Misery<\/em><\/strong>; <strong>Luz de Gas<\/strong> con <strong><em>Luna<\/em><\/strong>, y <strong>Proyecto Piloto<\/strong>, que representar\u00e1 <strong><em>La bestia negra<\/em><\/strong>. La participaci\u00f3n de Cantabria correr\u00e1 a cargo de <strong>\u00c1brego Teatro<\/strong> con <strong><em>Lear en las catedrales<\/em><\/strong>; <strong>Malabaracirco Producciones Art\u00edsticas<\/strong> con <strong><em>Circus magn\u00edficus<\/em><\/strong>, y <strong>Mari Paula<\/strong> <strong>Dance &amp; Performance<\/strong> que presenta <strong><em>Fronterizas<\/em><\/strong>. Euskadi ha seleccionado los trabajos de <strong>Aboon Teatre<\/strong>, que participar\u00e1 con <strong><em>Baby esferic<\/em><\/strong>; <strong>C\u00eda.<\/strong> <strong>Eva Guerrero<\/strong> con <strong><em>Gorpuztu<\/em><\/strong>, y <strong>Tanttaka Teatroa<\/strong>, que ofrecer\u00e1 <strong><em>Sexpiertos<\/em><\/strong>. Por su parte, Navarra consolida su presencia en Camino Escena Norte con otras tres propuestas art\u00edsticas de la mano de <strong>Inextremis<\/strong> y <strong><em>El rey tuerto<\/em><\/strong>; <strong>Led Silhouette <\/strong>y <strong><em>Los perros<\/em><\/strong>, y <strong>Levelibular<\/strong> con su <strong><em>Portamundos<\/em><\/strong>.<\/p>\n\n\n\n<p><strong>Camino Expandido<\/strong><\/p>\n\n\n\n<p>Junto al Itinerario Constelaciones convive el programa Camino Expandido que abarca toda la actividad fuera del circuito de funciones. El crecimiento de la quinta edici\u00f3n del CEN tambi\u00e9n se refleja en las actividades de esta programaci\u00f3n: refuerzo de los proyectos Cruces y Habitaci\u00f3n Peregrina PRO, afianzamiento de la programaci\u00f3n pedag\u00f3gica ESADS en Camino; talleres, coloquios y m\u00e1s de 30 encuentros con el p\u00fablico. El Cat\u00e1logo de Espect\u00e1culos Recomendados Camino Escena Norte y la iniciativa Mirando las constelaciones redondear\u00e1n la oferta de la quinta edici\u00f3n.<\/p>\n\n\n\n<p><strong>Cruces<\/strong> es uno de los cimientos de Camino Escena Norte. En esta red de estancias de intercambio esc\u00e9nico, art\u00edstico y profesional participan profesionales de Galicia, Cantabria, Euskadi y, por primera vez, Navarra. La tercera edici\u00f3n de Cruces comenzar\u00e1 el 4 de septiembre y finalizar\u00e1 el 30 de noviembre.<\/p>\n\n\n\n<p><strong>Habitaci\u00f3<\/strong><strong>n Peregrina PRO<\/strong> es un espacio de convivencia profesional donde las compa\u00f1\u00edas entran en contacto, conocen sus l\u00edneas de trabajo y propuestas est\u00e9ticas, profundizan en la realidad de los distintos circuitos de programaci\u00f3n, exploran v\u00edas de coproducci\u00f3n y acceden a propuestas de formaci\u00f3n que sean de inter\u00e9s para su desarrollo profesional. El encuentro tendr\u00e1 lugar en el Centro Cultural O Vello C\u00e1rcere de Lugo entre el 19 y el 21 de septiembre.<\/p>\n\n\n\n<p>En la quinta edici\u00f3n se estrena <strong>Senderos<\/strong>, iniciativa que une al CEN con un proyecto cultural de cada comunidad, con el objetivo de dar fuerza y contexto a nuestro proyecto, adem\u00e1s de proyectar fuera de la comunidad los proyectos locales. En esta ocasi\u00f3n, se trabajar\u00e1 con FIOT (Festival Internacional de Outono de Teatro) de Carballo (Galicia); Danza Xix\u00f3n (Asturias); el programa Mujeres y Cultura (Cantabria); Bideart Zigoitia (Euskadi), y Ribera en Danza (Navarra).<\/p>\n\n\n\n<p>Camino Escena Norte vuelve a incluir <strong>ESADS en camino<\/strong>, un proyecto de colaboraci\u00f3n e intercambio profesional y educativo con las escuelas superiores ESAD de Galicia y Asturias y la ESADD de Euskadi (Dantzerti). Esta iniciativa pone en contacto al alumnado de estos centros con las compa\u00f1\u00edas en gira en el Itinerario Constelaciones.<\/p>\n\n\n\n<p>La quinta edici\u00f3n del CEN contar\u00e1 con 36 acciones de acompa\u00f1amiento con las compa\u00f1\u00edas participantes, algunas de ellas en colaboraci\u00f3n con la asociaci\u00f3n Te Veo, entre ellas, y por primera vez, dos citas espec\u00edficas para el alumnado de dos centros de ense\u00f1anza secundaria en Navia (Asturias) y Tafalla (Navarra).<\/p>\n\n\n\n<p>Una de las novedades de esta edici\u00f3n es <a href=\"https:\/\/escenanorte.com\/eu\/download-category\/ikuskizunak\/\" target=\"_blank\" rel=\"noreferrer noopener\">el <strong>Cat\u00e1logo de Espect\u00e1culos Recomendados Camino Escena Norte<\/strong><\/a>, una selecci\u00f3n de 30 producciones realizada por las comisiones profesionales de CEN que llevar\u00e1n el sello Espect\u00e1culo Recomendado Camino Escena Norte. Esta marca de calidad servir\u00e1 de promoci\u00f3n y apoyo a la distribuci\u00f3n de los mismos fuera del \u00e1mbito del proyecto. Este cat\u00e1logo est\u00e1 editado en formato digital y se ha enviado a un total de 400 profesionales de la programaci\u00f3n de las comunidades del proyecto y del resto del Estado.<\/p>\n\n\n\n<p>Otra novedad: <strong>Mirando las constelaciones<\/strong>,<a href=\"https:\/\/escenanorte.com\/eu\/konstelazioei-begira\/\"> mapeo de las sedes<\/a> en las que habr\u00e1 actividades de Camino Escena Norte para centrar la atenci\u00f3n en la importancia de estos espacios, esc\u00e9nicos o no, como espacios de encuentro, socializaci\u00f3n e intrahistoria de las localidades, m\u00e1s all\u00e1 de su valor patrimonial o arquitect\u00f3nico. M\u00e1s all\u00e1 de las sedes que ya son de tipo, esta iniciativa pone el foco en los teatros de las peque\u00f1as localidades (por encima de todo) y su inter\u00e9s y relevancia.<\/p>\n\n\n\n<p><strong>La imagen de la quinta edici\u00f3n<\/strong><\/p>\n\n\n\n<p>La imagen oficial del CEN siempre parte de una fotograf\u00eda de uno de los espect\u00e1culos del Itinerario Constelaciones. En la quinta edici\u00f3n, la obra elegida es <em>Gorpuztu<\/em> de la Compa\u00f1\u00eda de Eva Guerrero, autora tambi\u00e9n de la fotograf\u00eda original. El dise\u00f1o es de la agencia madrile\u00f1a MINIM Comunicaci\u00f3n. Cinco cintas envuelven a la imagen central de la composici\u00f3n, la bailarina y core\u00f3grafa&nbsp;Garazi L\u00f3pez de Armentia, en la que confluyen los cinco territorios del proyecto, las cinco ediciones recorridas y las cinco las entidades que unen fuerzas en esta iniciativa.<\/p>\n\n\n\n<div class=\"wp-block-image\"><figure class=\"aligncenter size-large\"><img loading=\"lazy\" decoding=\"async\" width=\"819\" height=\"1024\" src=\"https:\/\/escenanorte.com\/wp-content\/uploads\/2023\/09\/CARTEL-1080x1350px-EN2023-819x1024.jpg\" alt=\"\" class=\"wp-image-45143\" srcset=\"https:\/\/escenanorte.com\/wp-content\/uploads\/2023\/09\/CARTEL-1080x1350px-EN2023-819x1024.jpg 819w, https:\/\/escenanorte.com\/wp-content\/uploads\/2023\/09\/CARTEL-1080x1350px-EN2023-240x300.jpg 240w, https:\/\/escenanorte.com\/wp-content\/uploads\/2023\/09\/CARTEL-1080x1350px-EN2023-768x960.jpg 768w, https:\/\/escenanorte.com\/wp-content\/uploads\/2023\/09\/CARTEL-1080x1350px-EN2023-scaled.jpg 1024w\" sizes=\"(max-width: 819px) 100vw, 819px\" \/><\/figure><\/div>\n\n\n\n<p>Or<strong>ganizaci\u00f3n y apoyos<\/strong><\/p>\n\n\n\n<p>CEN es una iniciativa promovida por las asociaciones profesionales de productoras de artes esc\u00e9nicas <strong>Escena Galega<\/strong> (Galicia), <strong>EscenAsturias<\/strong> (Asturias), <strong>ACEPAE<\/strong> (Cantabria), <strong>Eskena<\/strong> (Euskadi) y <strong>ESNA<\/strong> (Navarra), que se incorpora este a\u00f1o como entidad promotora en ese territorio. Todas ellas unidas en la supraentidad Camino Escena Norte Agrupaci\u00f3n de Inter\u00e9s Econ\u00f3mico, creada espec\u00edficamente para el desarrollo, gesti\u00f3n y producci\u00f3n de este proyecto, que toma la ruta hist\u00f3rica de los Caminos de Santiago como referencia para una intensa programaci\u00f3n esc\u00e9nica.<\/p>\n\n\n\n<p>CEN cuenta con el apoyo econ\u00f3mico de gobiernos e instituciones de las cinco comunidades implicadas: la Xunta de Galicia, a trav\u00e9s de la Axencia Galega das Industrias Culturais (Agadic); Gobierno del Principado de Asturias; Gobierno de Cantabria; Gobierno Vasco; Diputaci\u00f3n Foral de Araba, Diputaci\u00f3n Foral de Bizkaia; Diputaci\u00f3n Foral de Gipuzkoa; el Gobierno de Navarra, y el Gobierno de Espa\u00f1a a trav\u00e9s del Instituto Nacional de las Artes Esc\u00e9nicas y la M\u00fasica (INAEM) y el Ministerio de Cultura y Deporte. Colaboran tambi\u00e9n la Diputaci\u00f3n Provincial de A Coru\u00f1a, Diputaci\u00f3n Provincial de Lugo y Concello de Lugo.<\/p>\n\n\n\n<p>Vegalsa-Eroski se mantiene como patrocinador oficial, y el proyecto cuenta en esta edici\u00f3n con la colaboraci\u00f3n especial de la marca lucense Caf\u00e9s Candelas y de la asociaci\u00f3n Te Veo<a>.<\/a><\/p>\n","protected":false},"excerpt":{"rendered":"<p>El proyecto de intercambio de artes esc\u00e9nicas celebrar\u00e1 su programa oficial del 17 de septiembre al 22 de octubre en cerca de 60 sedes en Galicia, Asturias, Cantabria, Euskadi y Navarra.<\/p>\n","protected":false},"author":5,"featured_media":45213,"comment_status":"closed","ping_status":"open","sticky":false,"template":"","format":"standard","meta":{"footnotes":""},"categories":[3],"tags":[],"class_list":["post-45162","post","type-post","status-publish","format-standard","has-post-thumbnail","hentry","category-albisteak"],"yoast_head":"<!-- This site is optimized with the Yoast SEO plugin v27.2 - https:\/\/yoast.com\/product\/yoast-seo-wordpress\/ -->\n<title>Camino Escena Norte recorre m\u00e1s senderos art\u00edsticos en su quinta edici\u00f3n - Camino Escena Norte<\/title>\n<meta name=\"robots\" content=\"index, follow, max-snippet:-1, max-image-preview:large, max-video-preview:-1\" \/>\n<link rel=\"canonical\" href=\"https:\/\/escenanorte.com\/eu\/camino-escena-norte-recorre-mas-senderos-artisticos-en-su-quinta-edicion\/\" \/>\n<meta property=\"og:locale\" content=\"eu_ES\" \/>\n<meta property=\"og:type\" content=\"article\" \/>\n<meta property=\"og:title\" content=\"Camino Escena Norte recorre m\u00e1s senderos art\u00edsticos en su quinta edici\u00f3n - Camino Escena Norte\" \/>\n<meta property=\"og:description\" content=\"El proyecto de intercambio de artes esc\u00e9nicas celebrar\u00e1 su programa oficial del 17 de septiembre al 22 de octubre en cerca de 60 sedes en Galicia, Asturias, Cantabria, Euskadi y Navarra.\" \/>\n<meta property=\"og:url\" content=\"https:\/\/escenanorte.com\/eu\/camino-escena-norte-recorre-mas-senderos-artisticos-en-su-quinta-edicion\/\" \/>\n<meta property=\"og:site_name\" content=\"Camino Escena Norte\" \/>\n<meta property=\"article:publisher\" content=\"https:\/\/www.facebook.com\/escenanorte\" \/>\n<meta property=\"article:published_time\" content=\"2023-09-04T11:53:25+00:00\" \/>\n<meta property=\"article:modified_time\" content=\"2023-09-04T14:21:28+00:00\" \/>\n<meta property=\"og:image\" content=\"https:\/\/escenanorte.com\/wp-content\/uploads\/2023\/09\/DSC8199-2-scaled.jpg\" \/>\n\t<meta property=\"og:image:width\" content=\"1280\" \/>\n\t<meta property=\"og:image:height\" content=\"854\" \/>\n\t<meta property=\"og:image:type\" content=\"image\/jpeg\" \/>\n<meta name=\"author\" content=\"Noelia\" \/>\n<meta name=\"twitter:card\" content=\"summary_large_image\" \/>\n<meta name=\"twitter:label1\" content=\"Written by\" \/>\n\t<meta name=\"twitter:data1\" content=\"Noelia\" \/>\n\t<meta name=\"twitter:label2\" content=\"Est. reading time\" \/>\n\t<meta name=\"twitter:data2\" content=\"7 minutes\" \/>\n<script type=\"application\/ld+json\" class=\"yoast-schema-graph\">{\"@context\":\"https:\/\/schema.org\",\"@graph\":[{\"@type\":\"Article\",\"@id\":\"https:\/\/escenanorte.com\/eu\/camino-escena-norte-recorre-mas-senderos-artisticos-en-su-quinta-edicion\/#article\",\"isPartOf\":{\"@id\":\"https:\/\/escenanorte.com\/eu\/camino-escena-norte-recorre-mas-senderos-artisticos-en-su-quinta-edicion\/\"},\"author\":{\"name\":\"Noelia\",\"@id\":\"https:\/\/escenanorte.com\/eu\/#\/schema\/person\/e710b5aa0c486f243b4d527a4259c37c\"},\"headline\":\"Camino Escena Norte recorre m\u00e1s senderos art\u00edsticos en su quinta edici\u00f3n\",\"datePublished\":\"2023-09-04T11:53:25+00:00\",\"dateModified\":\"2023-09-04T14:21:28+00:00\",\"mainEntityOfPage\":{\"@id\":\"https:\/\/escenanorte.com\/eu\/camino-escena-norte-recorre-mas-senderos-artisticos-en-su-quinta-edicion\/\"},\"wordCount\":1460,\"image\":{\"@id\":\"https:\/\/escenanorte.com\/eu\/camino-escena-norte-recorre-mas-senderos-artisticos-en-su-quinta-edicion\/#primaryimage\"},\"thumbnailUrl\":\"https:\/\/escenanorte.com\/wp-content\/uploads\/2023\/09\/DSC8199-2-scaled.jpg\",\"articleSection\":[\"Albisteak\"],\"inLanguage\":\"eu-ES\"},{\"@type\":\"WebPage\",\"@id\":\"https:\/\/escenanorte.com\/eu\/camino-escena-norte-recorre-mas-senderos-artisticos-en-su-quinta-edicion\/\",\"url\":\"https:\/\/escenanorte.com\/eu\/camino-escena-norte-recorre-mas-senderos-artisticos-en-su-quinta-edicion\/\",\"name\":\"Camino Escena Norte recorre m\u00e1s senderos art\u00edsticos en su quinta edici\u00f3n - Camino Escena Norte\",\"isPartOf\":{\"@id\":\"https:\/\/escenanorte.com\/eu\/#website\"},\"primaryImageOfPage\":{\"@id\":\"https:\/\/escenanorte.com\/eu\/camino-escena-norte-recorre-mas-senderos-artisticos-en-su-quinta-edicion\/#primaryimage\"},\"image\":{\"@id\":\"https:\/\/escenanorte.com\/eu\/camino-escena-norte-recorre-mas-senderos-artisticos-en-su-quinta-edicion\/#primaryimage\"},\"thumbnailUrl\":\"https:\/\/escenanorte.com\/wp-content\/uploads\/2023\/09\/DSC8199-2-scaled.jpg\",\"datePublished\":\"2023-09-04T11:53:25+00:00\",\"dateModified\":\"2023-09-04T14:21:28+00:00\",\"author\":{\"@id\":\"https:\/\/escenanorte.com\/eu\/#\/schema\/person\/e710b5aa0c486f243b4d527a4259c37c\"},\"breadcrumb\":{\"@id\":\"https:\/\/escenanorte.com\/eu\/camino-escena-norte-recorre-mas-senderos-artisticos-en-su-quinta-edicion\/#breadcrumb\"},\"inLanguage\":\"eu-ES\",\"potentialAction\":[{\"@type\":\"ReadAction\",\"target\":[\"https:\/\/escenanorte.com\/eu\/camino-escena-norte-recorre-mas-senderos-artisticos-en-su-quinta-edicion\/\"]}]},{\"@type\":\"ImageObject\",\"inLanguage\":\"eu-ES\",\"@id\":\"https:\/\/escenanorte.com\/eu\/camino-escena-norte-recorre-mas-senderos-artisticos-en-su-quinta-edicion\/#primaryimage\",\"url\":\"https:\/\/escenanorte.com\/wp-content\/uploads\/2023\/09\/DSC8199-2-scaled.jpg\",\"contentUrl\":\"https:\/\/escenanorte.com\/wp-content\/uploads\/2023\/09\/DSC8199-2-scaled.jpg\",\"width\":1280,\"height\":854},{\"@type\":\"BreadcrumbList\",\"@id\":\"https:\/\/escenanorte.com\/eu\/camino-escena-norte-recorre-mas-senderos-artisticos-en-su-quinta-edicion\/#breadcrumb\",\"itemListElement\":[{\"@type\":\"ListItem\",\"position\":1,\"name\":\"Portada\",\"item\":\"https:\/\/escenanorte.com\/eu\/\"},{\"@type\":\"ListItem\",\"position\":2,\"name\":\"Camino Escena Norte recorre m\u00e1s senderos art\u00edsticos en su quinta edici\u00f3n\"}]},{\"@type\":\"WebSite\",\"@id\":\"https:\/\/escenanorte.com\/eu\/#website\",\"url\":\"https:\/\/escenanorte.com\/eu\/\",\"name\":\"Camino Escena Norte\",\"description\":\"Escena Norte\",\"potentialAction\":[{\"@type\":\"SearchAction\",\"target\":{\"@type\":\"EntryPoint\",\"urlTemplate\":\"https:\/\/escenanorte.com\/eu\/?s={search_term_string}\"},\"query-input\":{\"@type\":\"PropertyValueSpecification\",\"valueRequired\":true,\"valueName\":\"search_term_string\"}}],\"inLanguage\":\"eu-ES\"},{\"@type\":\"Person\",\"@id\":\"https:\/\/escenanorte.com\/eu\/#\/schema\/person\/e710b5aa0c486f243b4d527a4259c37c\",\"name\":\"Noelia\",\"image\":{\"@type\":\"ImageObject\",\"inLanguage\":\"eu-ES\",\"@id\":\"https:\/\/secure.gravatar.com\/avatar\/d590b317b870f28020001606673cfd05bb4d34b9ede2d6a843ea8073c8ac9352?s=96&d=blank&r=g\",\"url\":\"https:\/\/secure.gravatar.com\/avatar\/d590b317b870f28020001606673cfd05bb4d34b9ede2d6a843ea8073c8ac9352?s=96&d=blank&r=g\",\"contentUrl\":\"https:\/\/secure.gravatar.com\/avatar\/d590b317b870f28020001606673cfd05bb4d34b9ede2d6a843ea8073c8ac9352?s=96&d=blank&r=g\",\"caption\":\"Noelia\"},\"url\":\"https:\/\/escenanorte.com\/eu\/author\/noelia\/\"}]}<\/script>\n<!-- \/ Yoast SEO plugin. -->","yoast_head_json":{"title":"Camino Escena Norte recorre m\u00e1s senderos art\u00edsticos en su quinta edici\u00f3n - Camino Escena Norte","robots":{"index":"index","follow":"follow","max-snippet":"max-snippet:-1","max-image-preview":"max-image-preview:large","max-video-preview":"max-video-preview:-1"},"canonical":"https:\/\/escenanorte.com\/eu\/camino-escena-norte-recorre-mas-senderos-artisticos-en-su-quinta-edicion\/","og_locale":"eu_ES","og_type":"article","og_title":"Camino Escena Norte recorre m\u00e1s senderos art\u00edsticos en su quinta edici\u00f3n - Camino Escena Norte","og_description":"El proyecto de intercambio de artes esc\u00e9nicas celebrar\u00e1 su programa oficial del 17 de septiembre al 22 de octubre en cerca de 60 sedes en Galicia, Asturias, Cantabria, Euskadi y Navarra.","og_url":"https:\/\/escenanorte.com\/eu\/camino-escena-norte-recorre-mas-senderos-artisticos-en-su-quinta-edicion\/","og_site_name":"Camino Escena Norte","article_publisher":"https:\/\/www.facebook.com\/escenanorte","article_published_time":"2023-09-04T11:53:25+00:00","article_modified_time":"2023-09-04T14:21:28+00:00","og_image":[{"width":1280,"height":854,"url":"https:\/\/escenanorte.com\/wp-content\/uploads\/2023\/09\/DSC8199-2-scaled.jpg","type":"image\/jpeg"}],"author":"Noelia","twitter_card":"summary_large_image","twitter_misc":{"Written by":"Noelia","Est. reading time":"7 minutes"},"schema":{"@context":"https:\/\/schema.org","@graph":[{"@type":"Article","@id":"https:\/\/escenanorte.com\/eu\/camino-escena-norte-recorre-mas-senderos-artisticos-en-su-quinta-edicion\/#article","isPartOf":{"@id":"https:\/\/escenanorte.com\/eu\/camino-escena-norte-recorre-mas-senderos-artisticos-en-su-quinta-edicion\/"},"author":{"name":"Noelia","@id":"https:\/\/escenanorte.com\/eu\/#\/schema\/person\/e710b5aa0c486f243b4d527a4259c37c"},"headline":"Camino Escena Norte recorre m\u00e1s senderos art\u00edsticos en su quinta edici\u00f3n","datePublished":"2023-09-04T11:53:25+00:00","dateModified":"2023-09-04T14:21:28+00:00","mainEntityOfPage":{"@id":"https:\/\/escenanorte.com\/eu\/camino-escena-norte-recorre-mas-senderos-artisticos-en-su-quinta-edicion\/"},"wordCount":1460,"image":{"@id":"https:\/\/escenanorte.com\/eu\/camino-escena-norte-recorre-mas-senderos-artisticos-en-su-quinta-edicion\/#primaryimage"},"thumbnailUrl":"https:\/\/escenanorte.com\/wp-content\/uploads\/2023\/09\/DSC8199-2-scaled.jpg","articleSection":["Albisteak"],"inLanguage":"eu-ES"},{"@type":"WebPage","@id":"https:\/\/escenanorte.com\/eu\/camino-escena-norte-recorre-mas-senderos-artisticos-en-su-quinta-edicion\/","url":"https:\/\/escenanorte.com\/eu\/camino-escena-norte-recorre-mas-senderos-artisticos-en-su-quinta-edicion\/","name":"Camino Escena Norte recorre m\u00e1s senderos art\u00edsticos en su quinta edici\u00f3n - Camino Escena Norte","isPartOf":{"@id":"https:\/\/escenanorte.com\/eu\/#website"},"primaryImageOfPage":{"@id":"https:\/\/escenanorte.com\/eu\/camino-escena-norte-recorre-mas-senderos-artisticos-en-su-quinta-edicion\/#primaryimage"},"image":{"@id":"https:\/\/escenanorte.com\/eu\/camino-escena-norte-recorre-mas-senderos-artisticos-en-su-quinta-edicion\/#primaryimage"},"thumbnailUrl":"https:\/\/escenanorte.com\/wp-content\/uploads\/2023\/09\/DSC8199-2-scaled.jpg","datePublished":"2023-09-04T11:53:25+00:00","dateModified":"2023-09-04T14:21:28+00:00","author":{"@id":"https:\/\/escenanorte.com\/eu\/#\/schema\/person\/e710b5aa0c486f243b4d527a4259c37c"},"breadcrumb":{"@id":"https:\/\/escenanorte.com\/eu\/camino-escena-norte-recorre-mas-senderos-artisticos-en-su-quinta-edicion\/#breadcrumb"},"inLanguage":"eu-ES","potentialAction":[{"@type":"ReadAction","target":["https:\/\/escenanorte.com\/eu\/camino-escena-norte-recorre-mas-senderos-artisticos-en-su-quinta-edicion\/"]}]},{"@type":"ImageObject","inLanguage":"eu-ES","@id":"https:\/\/escenanorte.com\/eu\/camino-escena-norte-recorre-mas-senderos-artisticos-en-su-quinta-edicion\/#primaryimage","url":"https:\/\/escenanorte.com\/wp-content\/uploads\/2023\/09\/DSC8199-2-scaled.jpg","contentUrl":"https:\/\/escenanorte.com\/wp-content\/uploads\/2023\/09\/DSC8199-2-scaled.jpg","width":1280,"height":854},{"@type":"BreadcrumbList","@id":"https:\/\/escenanorte.com\/eu\/camino-escena-norte-recorre-mas-senderos-artisticos-en-su-quinta-edicion\/#breadcrumb","itemListElement":[{"@type":"ListItem","position":1,"name":"Portada","item":"https:\/\/escenanorte.com\/eu\/"},{"@type":"ListItem","position":2,"name":"Camino Escena Norte recorre m\u00e1s senderos art\u00edsticos en su quinta edici\u00f3n"}]},{"@type":"WebSite","@id":"https:\/\/escenanorte.com\/eu\/#website","url":"https:\/\/escenanorte.com\/eu\/","name":"Camino Escena Norte","description":"Escena Norte","potentialAction":[{"@type":"SearchAction","target":{"@type":"EntryPoint","urlTemplate":"https:\/\/escenanorte.com\/eu\/?s={search_term_string}"},"query-input":{"@type":"PropertyValueSpecification","valueRequired":true,"valueName":"search_term_string"}}],"inLanguage":"eu-ES"},{"@type":"Person","@id":"https:\/\/escenanorte.com\/eu\/#\/schema\/person\/e710b5aa0c486f243b4d527a4259c37c","name":"Noelia","image":{"@type":"ImageObject","inLanguage":"eu-ES","@id":"https:\/\/secure.gravatar.com\/avatar\/d590b317b870f28020001606673cfd05bb4d34b9ede2d6a843ea8073c8ac9352?s=96&d=blank&r=g","url":"https:\/\/secure.gravatar.com\/avatar\/d590b317b870f28020001606673cfd05bb4d34b9ede2d6a843ea8073c8ac9352?s=96&d=blank&r=g","contentUrl":"https:\/\/secure.gravatar.com\/avatar\/d590b317b870f28020001606673cfd05bb4d34b9ede2d6a843ea8073c8ac9352?s=96&d=blank&r=g","caption":"Noelia"},"url":"https:\/\/escenanorte.com\/eu\/author\/noelia\/"}]}},"publishpress_future_action":{"enabled":false,"date":"2026-05-06 20:41:55","action":"change-status","newStatus":"draft","terms":[],"taxonomy":"category","extraData":[]},"publishpress_future_workflow_manual_trigger":{"enabledWorkflows":[]},"_links":{"self":[{"href":"https:\/\/escenanorte.com\/eu\/wp-json\/wp\/v2\/posts\/45162","targetHints":{"allow":["GET"]}}],"collection":[{"href":"https:\/\/escenanorte.com\/eu\/wp-json\/wp\/v2\/posts"}],"about":[{"href":"https:\/\/escenanorte.com\/eu\/wp-json\/wp\/v2\/types\/post"}],"author":[{"embeddable":true,"href":"https:\/\/escenanorte.com\/eu\/wp-json\/wp\/v2\/users\/5"}],"replies":[{"embeddable":true,"href":"https:\/\/escenanorte.com\/eu\/wp-json\/wp\/v2\/comments?post=45162"}],"version-history":[{"count":4,"href":"https:\/\/escenanorte.com\/eu\/wp-json\/wp\/v2\/posts\/45162\/revisions"}],"predecessor-version":[{"id":45262,"href":"https:\/\/escenanorte.com\/eu\/wp-json\/wp\/v2\/posts\/45162\/revisions\/45262"}],"wp:featuredmedia":[{"embeddable":true,"href":"https:\/\/escenanorte.com\/eu\/wp-json\/wp\/v2\/media\/45213"}],"wp:attachment":[{"href":"https:\/\/escenanorte.com\/eu\/wp-json\/wp\/v2\/media?parent=45162"}],"wp:term":[{"taxonomy":"category","embeddable":true,"href":"https:\/\/escenanorte.com\/eu\/wp-json\/wp\/v2\/categories?post=45162"},{"taxonomy":"post_tag","embeddable":true,"href":"https:\/\/escenanorte.com\/eu\/wp-json\/wp\/v2\/tags?post=45162"}],"curies":[{"name":"wp","href":"https:\/\/api.w.org\/{rel}","templated":true}]}}