{"id":30468,"date":"2022-09-06T12:34:51","date_gmt":"2022-09-06T10:34:51","guid":{"rendered":"https:\/\/escenanorte.com\/?p=30468"},"modified":"2022-09-06T12:34:53","modified_gmt":"2022-09-06T10:34:53","slug":"el-peregrinaje-de-camino-escena-norte-por-cantabria-comienza-el-22-de-septiembre-e-incluye-funciones-en-nueve-localidades","status":"publish","type":"post","link":"https:\/\/escenanorte.com\/eu\/el-peregrinaje-de-camino-escena-norte-por-cantabria-comienza-el-22-de-septiembre-e-incluye-funciones-en-nueve-localidades\/","title":{"rendered":"El peregrinaje de Camino Escena Norte por Cantabria comienza el 22 de septiembre e incluye funciones en nueve localidades"},"content":{"rendered":"\n<p><strong><em>El proyecto de intercambio de artes esc\u00e9nicas celebrar\u00e1 su programaci\u00f3n oficial del 10 de septiembre al 9 de octubre bajo el lema \u2018Crecen las sonrisas\u2019&nbsp;<\/em><\/strong><\/p>\n\n\n\n<p><strong><em>Cantabria acoge nueve funciones de compa\u00f1\u00edas gallegas, asturianas, vascas y navarras, siete encuentros con el p\u00fablico y una estancia de intercambio dentro de la red Cruces<\/em><\/strong><\/p>\n\n\n\n<p>M\u00e1s compa\u00f1\u00edas, m\u00e1s espect\u00e1culos, m\u00e1s territorios, m\u00e1s propuestas. La cuarta edici\u00f3n de <a href=\"https:\/\/escenanorte.com\/es\/\">Camino Escena Norte<\/a> (CEN) se expande en su compromiso por promover el intercambio esc\u00e9nico, art\u00edstico y profesional entre compa\u00f1\u00edas de Galicia, Asturias, Cantabria, Pa\u00eds Vasco y, este a\u00f1o, tambi\u00e9n Navarra. El lema<strong> <em>Crecen las sonrisas<\/em><\/strong> encabeza una programaci\u00f3n oficial que se celebrar\u00e1 del 10 de septiembre al 9 de octubre, con <strong>15 compa\u00f1\u00edas de teatro, danza y nuevo circo<\/strong> mostrando sus espect\u00e1culos en las <strong>38 sedes <\/strong>que forman parte del Itinerario Constelaciones, el circuito de escenarios del CEN.&nbsp;<\/p>\n\n\n\n<p><a href=\"https:\/\/escenanorte.com\/es\/eventos\/mes\/?tribe_state%5B0%5D=450-692-700-756-759-776-1009-1199-1212-8178-8208-8984-9015-22550-22594-22613\"><strong>En Cantabria<\/strong><\/a> <strong>la programaci\u00f3n esc\u00e9nica comenzar\u00e1 el 22 de septiembre<\/strong> en Santander con el espect\u00e1culo \u2018DeMente\u2019 y finalizar\u00e1 el 9 de octubre en Torrelavega con la representaci\u00f3n de \u2018El enjambre\u2019. En total, el territorio c\u00e1ntabro acoger\u00e1 <strong>nueve funciones de siete compa\u00f1\u00edas gallegas, asturianas, vascas y navarras <\/strong>que el p\u00fablico podr\u00e1 ver en <strong>nueve localidades<\/strong>: Santander, Santo\u00f1a, Comillas, Cabez\u00f3n de la Sal, Castro Urdiales, Unquera, Laredo, Solares y Torrelavega.&nbsp;&nbsp;<\/p>\n\n\n\n<p>Adem\u00e1s, la<strong> escena c\u00e1ntabra<\/strong> estar\u00e1 representada en diferentes escenarios de los otros territorios participantes por tres compa\u00f1\u00edas locales: <strong>Ruido Interno<\/strong>, con \u2018Como un suspiro\u2019 (Gij\u00f3n, Forua y Navia); <strong>Escena Miri\u00f1aque<\/strong>, con \u2018Del otro lado\u2019 (Vegadeo, Villaviciosa, Soto del Barco y Lugo); y <strong>La Machina Teatro<\/strong>, que presenta \u2018Ecos en el fango\u2019 (Grao, Hondarribia y Sang\u00fcesa).<\/p>\n\n\n\n<p>Dentro de la programaci\u00f3n de Camino Expandido, en Cantabria se celebrar\u00e1n <strong>siete encuentros con el p\u00fablico<\/strong> tras algunas de las funciones, y se desarrollar\u00e1 <strong>una estancia de creaci\u00f3n art\u00edstica<\/strong> <strong>de la red Cruces<\/strong> entre la compa\u00f1\u00eda gallega Olivas Negras, con su proyecto &#8216;DERMA&#8217;, y formaci\u00f3n local Espacio Espiral.&nbsp;<\/p>\n\n\n\n<p>La cuarta edici\u00f3n de CEN cuenta con importantes novedades, como son la <strong>inclusi\u00f3n de la provincia de Araba<\/strong> (completando as\u00ed la programaci\u00f3n en el territorio de Euskadi), y de la <strong>Comunidad Foral de Navarra<\/strong> en el circuito de representaciones, ampliando la presencia del CEN en el hist\u00f3rico itinerario del Camino de Santiago. Esta ampliaci\u00f3n supone, adem\u00e1s, la expansi\u00f3n art\u00edstica de Camino Escena Norte. Adem\u00e1s, se estrena <strong>ESADS en Camino<\/strong>, un programa de colaboraci\u00f3n con las Escuelas Superiores de Arte Dram\u00e1tico (ESAD) de Galicia y Asturias y la de Arte Dram\u00e1tico y Danza de Euskadi, Dantzerti, para que el alumnado entre en contacto con los profesionales que participan este a\u00f1o. La compa\u00f1\u00eda c\u00e1ntabra <strong>Ruido Interno <\/strong>forma parte de esa nueva iniciativa.&nbsp;<\/p>\n\n\n\n<h1 class=\"wp-block-heading\">Itinerario Constelaciones<\/h1>\n\n\n\n<p>El <strong>eje vertebrador del proyecto es un <\/strong><a href=\"https:\/\/escenanorte.com\/es\/itinerario-constelaciones\/\"><strong>itinerario de funciones<\/strong><\/a> de teatro, danza y nuevo circo basado en el intercambio entre las cinco comunidades implicadas. Las representaciones pueden transcurrir en espacios esc\u00e9nicos (Constelaciones Escenario) o en espacios de inter\u00e9s patrimonial e hist\u00f3rico (Constelaciones Patrimonio).&nbsp;<\/p>\n\n\n\n<p>La programaci\u00f3n arranca el s\u00e1bado 10 de septiembre en Santiago de Compostela con la obra \u2018Kimera\u2019, de la compa\u00f1\u00eda navarra La Banda Teatro Circo, y <strong>el peregrinaje de CEN llegar\u00e1 a Cantabria el jueves 22 de septiembre. <\/strong>La Sala Argenta del <strong>Palacio de Festivales <\/strong>de Cantabria acoger\u00e1 la primera funci\u00f3n con el espect\u00e1culo <a href=\"https:\/\/escenanorte.com\/es\/evento\/demente-en-santander\/\"><strong>\u2018DeMente\u2019<\/strong><\/a>, de la <strong>compa\u00f1ia de danza gallega Fran Siera.<\/strong> Se trata de una obra de baile y m\u00fasica tradicional gallega que plasma las patolog\u00edas que seg\u00fan la Organizaci\u00f3n Mundial de la Salud sufrieron, sufren o sufrir\u00e1n en alg\u00fan momento de su vida una de cada cuatro personas.&nbsp;<\/p>\n\n\n\n<p>El 23 de septiembre, <strong>El Callej\u00f3n del Gato (Asturias), <\/strong>compa\u00f1\u00eda de referencia nacional para la infancia y la juventud, presentar\u00e1 <a href=\"https:\/\/escenanorte.com\/es\/evento\/la-nina-de-las-trenzas-del-reves-en-santona-cantabria\/\"><strong>\u2018La ni\u00f1a de las trenzas al rev\u00e9s\u2019<\/strong> <\/a>(adaptaci\u00f3n sobre un cuento de Iris D\u00edaz Trancho) en el <strong>Teatro Casino Liceo de Santo\u00f1a<\/strong>. Un espect\u00e1culo sobre la curiosidad y la imaginaci\u00f3n, sobre comunicarse para comprender otras formas de ver la vida.&nbsp;<\/p>\n\n\n\n<p>Este fin de semana la programaci\u00f3n seguir\u00e1 teniendo sello asturiano de la mano de <strong>Fantastique Company<\/strong> con <a href=\"https:\/\/escenanorte.com\/es\/evento\/el-secreto-de-julio-verne-en-comillas-cantabria\/\"><strong>\u2018El secreto de Julio Verne\u2019<\/strong><\/a>, una obra de Irene Santos dirigida al p\u00fablico infantil y familiar. La compa\u00f1\u00eda de teatro contempor\u00e1neo, que incorpora en sus creaciones im\u00e1genes proyectadas y \u2018videomapping\u2019, actuar\u00e1 el d\u00eda 23 en el <strong>Centro Cultural El Espol\u00f3n, en Comillas<\/strong>, y el d\u00eda 24, en el <strong>Espacio Esc\u00e9nico Santiago Salas de Cabez\u00f3n de la Sal.&nbsp;<\/strong><\/p>\n\n\n\n<p>El 30 de septiembre, ser\u00e1 el turno de los navarros <strong>Yarkelu Teatro<\/strong> y su espect\u00e1culo socioeducativo <a href=\"https:\/\/escenanorte.com\/es\/evento\/la-casa-mas-pequena-en-castro-urdiales-cantabria\/\"><strong>\u2018La casa m\u00e1s peque\u00f1a\u2019<\/strong><\/a>. El escenario elegido es el <strong>Castillo Faro de Castro Urdiales<\/strong>, donde el p\u00fablico m\u00e1s peque\u00f1o y las familias tendr\u00e1n la ocasi\u00f3n de sumergirse en una obra que aborda la incertidumbre que viven los ni\u00f1os y ni\u00f1as refugiados tras abandonar su lugar de origen.&nbsp;<\/p>\n\n\n\n<p>Al d\u00eda siguiente, la compa\u00f1\u00eda vasca<strong> Teatro Para\u00edso <\/strong>subir\u00e1 a las tablas del <strong>Auditorio Bajo Deva, en Unquera<\/strong>, la obra <a href=\"https:\/\/escenanorte.com\/es\/evento\/uniko-en-unquera-cantabria\/\"><strong>\u2018\u00daniko\u2019<\/strong><\/a>, que mezcla las t\u00e9cnicas del t\u00edtere y del teatro m\u00e1s realista. Es un espect\u00e1culo para todos los p\u00fablicos -a partir de 6 a\u00f1os- que pretende ser un reflejo de lo que los celos por el nacimiento de un hermano pueden provocar en un ni\u00f1o y en su entorno.&nbsp;<\/p>\n\n\n\n<p>La recta final de CEN en Cantabria incluye funciones en Laredo, Solares y Torrelavega. El 6 de octubre la compa\u00f1\u00eda gallega <strong>Marta Alonso Tejada<\/strong> presentar\u00e1 su premiado espect\u00e1culo <a href=\"https:\/\/escenanorte.com\/es\/evento\/bailar-agora-en-laredo-cantabria\/\"><strong>\u2018Bailar Agora\u2019<\/strong><\/a><strong> <\/strong>en el<strong> Auditorio Casa de Cultura Doctor Velasco de Laredo. <\/strong>Es la \u00fanica funci\u00f3n del itinerario c\u00e1ntabro en la que el p\u00fablico tendr\u00e1 que adquirir entrada a un precio de 3 euros. Al d\u00eda siguiente, se podr\u00e1 ver este espect\u00e1culo, que combina la danza y el humor, en el <strong>Auditorio Centro Cultural Ram\u00f3n Pelayo de Solares.&nbsp;<\/strong><\/p>\n\n\n\n<p>El broche esc\u00e9nico a esta cuarta edici\u00f3n lo pondr\u00e1, el 9 de octubre, la formaci\u00f3n vasca <strong>Vaiv\u00e9n Producciones<\/strong>. Ser\u00e1 en el <strong>Teatro Municipal Concha Espina de Torrelavega<\/strong> con la representaci\u00f3n de <a href=\"https:\/\/escenanorte.com\/es\/evento\/el-enjambre-en-torrelavega\/\"><strong>\u2018El enjambre\u2019<\/strong><\/a>, una comedia \u00e1cida escrita por Kepa Arrasti en torno a las relaciones de seis amigas de la infancia.&nbsp;<\/p>\n\n\n\n<h1 class=\"wp-block-heading\">Camino Expandido<\/h1>\n\n\n\n<p>Junto al Itinerario Constelaciones convive el programa Camino Expandido que abarca toda la actividad fuera del circuito de funciones. El <strong>crecimiento de la cuarta edici\u00f3n<\/strong> del CEN tambi\u00e9n se refleja en las actividades de esta programaci\u00f3n: <strong>refuerzo de Cruces, m\u00e1s compa\u00f1\u00edas inscritas en Habitaci\u00f3n Peregrina PRO y el estreno de ESADS en Camino<\/strong>. El proyecto se complementar\u00e1 con coloquios en l\u00ednea y encuentros con el p\u00fablico tras las representaciones.<\/p>\n\n\n\n<p>El programa<strong> Cruces<\/strong>, dise\u00f1ado para promover el intercambio esc\u00e9nico, art\u00edstico y profesional entre compa\u00f1\u00edas, es<strong> <\/strong>la piedra angular<strong> <\/strong>de Camino Escena Norte. Cantabria acoge una de las cuatro estancias de creaci\u00f3n art\u00edstica de esta edici\u00f3n.&nbsp;<\/p>\n\n\n\n<p>La compa\u00f1\u00eda residente es <strong>Olivas Negras<\/strong> (Galicia) con su <a href=\"https:\/\/drive.google.com\/drive\/folders\/1DQOgIK7bbMrJmf2R5iZKDqpbFPnjrXSj?usp=sharing\"><strong>proyecto \u2018DERMA\u2019<\/strong><\/a>, en el que colabora la formaci\u00f3n c\u00e1ntabra <strong>Espacio Espiral. <\/strong>Enclave Pronillo, sede de Santander Creativa, ha acogido las dos primeras sesiones de trabajo (4 y 5 de septiembre), y el Teatro Antiguas Escuelas de Orejo (Marina de Cudeyo) acoger\u00e1 el resto de la estancia <strong>hasta el 10 de septiembre<\/strong>.&nbsp;<\/p>\n\n\n\n<p>Camino Escena Norte estrena en 2022 <strong>ESADS en Camino<\/strong>, un programa de colaboraci\u00f3n con las Escuelas Superiores de Arte Dram\u00e1tico (ESAD) de Galicia y Asturias y la de Arte Dram\u00e1tico y Danza de Euskadi, Dantzerti. El alumnado entrar\u00e1 en contacto con los profesionales que intervienen en la cuarta edici\u00f3n del CEN, a trav\u00e9s de encuentros, talleres acerca de diversas disciplinas art\u00edsticas y pr\u00e1cticas que les permitan acercarse a un d\u00eda de trabajo dentro de una compa\u00f1\u00eda. <strong>Ruido interno<\/strong> participa en esta nueva iniciativa. La cita ser\u00e1 el <strong>18 de septiembre en Gij\u00f3n\/Xix\u00f3n<\/strong>, en el Teatro de la Laboral, a partir de las 20:00 horas<\/p>\n\n\n\n<p>Y entre el 13 y el 15 de septiembre, el Centro Cultural O Vello C\u00e1rcere de Lugo acoger\u00e1 la tercera edici\u00f3n del encuentro profesional <strong>Habitaci\u00f3n Peregrina PRO<\/strong>, centrado en conectar a los diferentes agentes del sector en las cinco comunidades participantes.&nbsp;<\/p>\n\n\n\n<h1 class=\"wp-block-heading\">CEN, un proyecto de intercambio<\/h1>\n\n\n\n<p>CEN es una iniciativa promovida por las propias asociaciones profesionales de productoras de artes esc\u00e9nicas<strong> Escena Galega <\/strong>(Galicia),<strong> EscenAsturias <\/strong>(Asturias),<strong> ACEPAE <\/strong>(Cantabria) y<strong> Eskena <\/strong>(Euskadi).<strong> <\/strong>Todas ellas, unidas en la supraentidad Camino Escena Norte Agrupaci\u00f3n de Inter\u00e9s Econ\u00f3mico, creada espec\u00edficamente para el desarrollo, gesti\u00f3n y producci\u00f3n de este proyecto.<\/p>\n\n\n\n<p>CEN cuenta con el <strong>apoyo econ\u00f3mico<\/strong> de la Xunta de Galicia, a trav\u00e9s de la Axencia Galega das Industrias Culturais (Agadic); Gobierno del Principado de Asturias, <strong>Gobierno de Cantabria<\/strong>, <strong>a trav\u00e9s de la Vicepresidencia y Consejer\u00eda de Universidades, Igualdad, Cultura y Deporte; <\/strong>Diputaci\u00f3n Foral de Araba; Diputaci\u00f3n Foral de Bizkaia; Diputaci\u00f3n Foral de Gipuzkoa; y el Gobierno de Navarra; adem\u00e1s del Gobierno de Espa\u00f1a a trav\u00e9s del INAEM (Instituto Nacional de las Artes Esc\u00e9nicas y de la M\u00fasica).&nbsp;<\/p>\n\n\n\n<p>Colaboran tambi\u00e9n los <strong>Ayuntamientos de<\/strong> <strong>Castro Urdiales, Laredo, Val de San Vicente, Torrelavega, Santo\u00f1a, Comillas, Marina de Cudeyo, Cabez\u00f3n de la Sal y Medio Cudeyo<\/strong>. A la lista se suman el <strong>Centro Cultural Ram\u00f3n Pelayo<\/strong>, el <strong>Palacio de Festivales de Cantabria<\/strong> y <strong>Enclave Pronillo<\/strong>.&nbsp;<\/p>\n\n\n\n<p><strong>Vegalsa-Eroski<\/strong> se mantiene como patrocinador oficial, con una mayor aportaci\u00f3n econ\u00f3mica para esta edici\u00f3n, que refuerza su compromiso y apuesta por un proyecto que promueve el intercambio cultural entre territorios.&nbsp;<\/p>\n","protected":false},"excerpt":{"rendered":"<p>El proyecto de intercambio de artes esc\u00e9nicas celebrar\u00e1 su programaci\u00f3n oficial del 10 de septiembre al 9 de octubre bajo el lema \u2018Crecen las sonrisas\u2019&nbsp; Cantabria acoge nueve funciones de [&hellip;]<\/p>\n","protected":false},"author":5,"featured_media":30504,"comment_status":"closed","ping_status":"open","sticky":false,"template":"","format":"standard","meta":{"footnotes":""},"categories":[1],"tags":[],"class_list":["post-30468","post","type-post","status-publish","format-standard","has-post-thumbnail","hentry","category-noticias"],"yoast_head":"<!-- This site is optimized with the Yoast SEO plugin v27.2 - https:\/\/yoast.com\/product\/yoast-seo-wordpress\/ -->\n<title>El peregrinaje de Camino Escena Norte por Cantabria comienza el 22 de septiembre e incluye funciones en nueve localidades - Camino Escena Norte<\/title>\n<meta name=\"robots\" content=\"index, follow, max-snippet:-1, max-image-preview:large, max-video-preview:-1\" \/>\n<link rel=\"canonical\" href=\"https:\/\/escenanorte.com\/eu\/el-peregrinaje-de-camino-escena-norte-por-cantabria-comienza-el-22-de-septiembre-e-incluye-funciones-en-nueve-localidades\/\" \/>\n<meta property=\"og:locale\" content=\"eu_ES\" \/>\n<meta property=\"og:type\" content=\"article\" \/>\n<meta property=\"og:title\" content=\"El peregrinaje de Camino Escena Norte por Cantabria comienza el 22 de septiembre e incluye funciones en nueve localidades - Camino Escena Norte\" \/>\n<meta property=\"og:description\" content=\"El proyecto de intercambio de artes esc\u00e9nicas celebrar\u00e1 su programaci\u00f3n oficial del 10 de septiembre al 9 de octubre bajo el lema \u2018Crecen las sonrisas\u2019&nbsp; Cantabria acoge nueve funciones de [&hellip;]\" \/>\n<meta property=\"og:url\" content=\"https:\/\/escenanorte.com\/eu\/el-peregrinaje-de-camino-escena-norte-por-cantabria-comienza-el-22-de-septiembre-e-incluye-funciones-en-nueve-localidades\/\" \/>\n<meta property=\"og:site_name\" content=\"Camino Escena Norte\" \/>\n<meta property=\"article:publisher\" content=\"https:\/\/www.facebook.com\/escenanorte\" \/>\n<meta property=\"article:published_time\" content=\"2022-09-06T10:34:51+00:00\" \/>\n<meta property=\"article:modified_time\" content=\"2022-09-06T10:34:53+00:00\" \/>\n<meta property=\"og:image\" content=\"https:\/\/escenanorte.com\/wp-content\/uploads\/2022\/09\/Presentacion-CEN-2022-Cantabria-_Copy-Miguel-de-Arriba-DSC_1464-3-scaled.jpg\" \/>\n\t<meta property=\"og:image:width\" content=\"1280\" \/>\n\t<meta property=\"og:image:height\" content=\"853\" \/>\n\t<meta property=\"og:image:type\" content=\"image\/jpeg\" \/>\n<meta name=\"author\" content=\"Noelia\" \/>\n<meta name=\"twitter:card\" content=\"summary_large_image\" \/>\n<meta name=\"twitter:label1\" content=\"Written by\" \/>\n\t<meta name=\"twitter:data1\" content=\"Noelia\" \/>\n\t<meta name=\"twitter:label2\" content=\"Est. reading time\" \/>\n\t<meta name=\"twitter:data2\" content=\"7 minutes\" \/>\n<script type=\"application\/ld+json\" class=\"yoast-schema-graph\">{\"@context\":\"https:\/\/schema.org\",\"@graph\":[{\"@type\":\"Article\",\"@id\":\"https:\/\/escenanorte.com\/eu\/el-peregrinaje-de-camino-escena-norte-por-cantabria-comienza-el-22-de-septiembre-e-incluye-funciones-en-nueve-localidades\/#article\",\"isPartOf\":{\"@id\":\"https:\/\/escenanorte.com\/eu\/el-peregrinaje-de-camino-escena-norte-por-cantabria-comienza-el-22-de-septiembre-e-incluye-funciones-en-nueve-localidades\/\"},\"author\":{\"name\":\"Noelia\",\"@id\":\"https:\/\/escenanorte.com\/eu\/#\/schema\/person\/e710b5aa0c486f243b4d527a4259c37c\"},\"headline\":\"El peregrinaje de Camino Escena Norte por Cantabria comienza el 22 de septiembre e incluye funciones en nueve localidades\",\"datePublished\":\"2022-09-06T10:34:51+00:00\",\"dateModified\":\"2022-09-06T10:34:53+00:00\",\"mainEntityOfPage\":{\"@id\":\"https:\/\/escenanorte.com\/eu\/el-peregrinaje-de-camino-escena-norte-por-cantabria-comienza-el-22-de-septiembre-e-incluye-funciones-en-nueve-localidades\/\"},\"wordCount\":1693,\"image\":{\"@id\":\"https:\/\/escenanorte.com\/eu\/el-peregrinaje-de-camino-escena-norte-por-cantabria-comienza-el-22-de-septiembre-e-incluye-funciones-en-nueve-localidades\/#primaryimage\"},\"thumbnailUrl\":\"https:\/\/escenanorte.com\/wp-content\/uploads\/2022\/09\/Presentacion-CEN-2022-Cantabria-_Copy-Miguel-de-Arriba-DSC_1464-3-scaled.jpg\",\"articleSection\":[\"Noticias\"],\"inLanguage\":\"eu-ES\"},{\"@type\":\"WebPage\",\"@id\":\"https:\/\/escenanorte.com\/eu\/el-peregrinaje-de-camino-escena-norte-por-cantabria-comienza-el-22-de-septiembre-e-incluye-funciones-en-nueve-localidades\/\",\"url\":\"https:\/\/escenanorte.com\/eu\/el-peregrinaje-de-camino-escena-norte-por-cantabria-comienza-el-22-de-septiembre-e-incluye-funciones-en-nueve-localidades\/\",\"name\":\"El peregrinaje de Camino Escena Norte por Cantabria comienza el 22 de septiembre e incluye funciones en nueve localidades - Camino Escena Norte\",\"isPartOf\":{\"@id\":\"https:\/\/escenanorte.com\/eu\/#website\"},\"primaryImageOfPage\":{\"@id\":\"https:\/\/escenanorte.com\/eu\/el-peregrinaje-de-camino-escena-norte-por-cantabria-comienza-el-22-de-septiembre-e-incluye-funciones-en-nueve-localidades\/#primaryimage\"},\"image\":{\"@id\":\"https:\/\/escenanorte.com\/eu\/el-peregrinaje-de-camino-escena-norte-por-cantabria-comienza-el-22-de-septiembre-e-incluye-funciones-en-nueve-localidades\/#primaryimage\"},\"thumbnailUrl\":\"https:\/\/escenanorte.com\/wp-content\/uploads\/2022\/09\/Presentacion-CEN-2022-Cantabria-_Copy-Miguel-de-Arriba-DSC_1464-3-scaled.jpg\",\"datePublished\":\"2022-09-06T10:34:51+00:00\",\"dateModified\":\"2022-09-06T10:34:53+00:00\",\"author\":{\"@id\":\"https:\/\/escenanorte.com\/eu\/#\/schema\/person\/e710b5aa0c486f243b4d527a4259c37c\"},\"breadcrumb\":{\"@id\":\"https:\/\/escenanorte.com\/eu\/el-peregrinaje-de-camino-escena-norte-por-cantabria-comienza-el-22-de-septiembre-e-incluye-funciones-en-nueve-localidades\/#breadcrumb\"},\"inLanguage\":\"eu-ES\",\"potentialAction\":[{\"@type\":\"ReadAction\",\"target\":[\"https:\/\/escenanorte.com\/eu\/el-peregrinaje-de-camino-escena-norte-por-cantabria-comienza-el-22-de-septiembre-e-incluye-funciones-en-nueve-localidades\/\"]}]},{\"@type\":\"ImageObject\",\"inLanguage\":\"eu-ES\",\"@id\":\"https:\/\/escenanorte.com\/eu\/el-peregrinaje-de-camino-escena-norte-por-cantabria-comienza-el-22-de-septiembre-e-incluye-funciones-en-nueve-localidades\/#primaryimage\",\"url\":\"https:\/\/escenanorte.com\/wp-content\/uploads\/2022\/09\/Presentacion-CEN-2022-Cantabria-_Copy-Miguel-de-Arriba-DSC_1464-3-scaled.jpg\",\"contentUrl\":\"https:\/\/escenanorte.com\/wp-content\/uploads\/2022\/09\/Presentacion-CEN-2022-Cantabria-_Copy-Miguel-de-Arriba-DSC_1464-3-scaled.jpg\",\"width\":1280,\"height\":853},{\"@type\":\"BreadcrumbList\",\"@id\":\"https:\/\/escenanorte.com\/eu\/el-peregrinaje-de-camino-escena-norte-por-cantabria-comienza-el-22-de-septiembre-e-incluye-funciones-en-nueve-localidades\/#breadcrumb\",\"itemListElement\":[{\"@type\":\"ListItem\",\"position\":1,\"name\":\"Portada\",\"item\":\"https:\/\/escenanorte.com\/eu\/\"},{\"@type\":\"ListItem\",\"position\":2,\"name\":\"El peregrinaje de Camino Escena Norte por Cantabria comienza el 22 de septiembre e incluye funciones en nueve localidades\"}]},{\"@type\":\"WebSite\",\"@id\":\"https:\/\/escenanorte.com\/eu\/#website\",\"url\":\"https:\/\/escenanorte.com\/eu\/\",\"name\":\"Camino Escena Norte\",\"description\":\"Escena Norte\",\"potentialAction\":[{\"@type\":\"SearchAction\",\"target\":{\"@type\":\"EntryPoint\",\"urlTemplate\":\"https:\/\/escenanorte.com\/eu\/?s={search_term_string}\"},\"query-input\":{\"@type\":\"PropertyValueSpecification\",\"valueRequired\":true,\"valueName\":\"search_term_string\"}}],\"inLanguage\":\"eu-ES\"},{\"@type\":\"Person\",\"@id\":\"https:\/\/escenanorte.com\/eu\/#\/schema\/person\/e710b5aa0c486f243b4d527a4259c37c\",\"name\":\"Noelia\",\"image\":{\"@type\":\"ImageObject\",\"inLanguage\":\"eu-ES\",\"@id\":\"https:\/\/secure.gravatar.com\/avatar\/d590b317b870f28020001606673cfd05bb4d34b9ede2d6a843ea8073c8ac9352?s=96&d=blank&r=g\",\"url\":\"https:\/\/secure.gravatar.com\/avatar\/d590b317b870f28020001606673cfd05bb4d34b9ede2d6a843ea8073c8ac9352?s=96&d=blank&r=g\",\"contentUrl\":\"https:\/\/secure.gravatar.com\/avatar\/d590b317b870f28020001606673cfd05bb4d34b9ede2d6a843ea8073c8ac9352?s=96&d=blank&r=g\",\"caption\":\"Noelia\"},\"url\":\"https:\/\/escenanorte.com\/eu\/author\/noelia\/\"}]}<\/script>\n<!-- \/ Yoast SEO plugin. -->","yoast_head_json":{"title":"El peregrinaje de Camino Escena Norte por Cantabria comienza el 22 de septiembre e incluye funciones en nueve localidades - Camino Escena Norte","robots":{"index":"index","follow":"follow","max-snippet":"max-snippet:-1","max-image-preview":"max-image-preview:large","max-video-preview":"max-video-preview:-1"},"canonical":"https:\/\/escenanorte.com\/eu\/el-peregrinaje-de-camino-escena-norte-por-cantabria-comienza-el-22-de-septiembre-e-incluye-funciones-en-nueve-localidades\/","og_locale":"eu_ES","og_type":"article","og_title":"El peregrinaje de Camino Escena Norte por Cantabria comienza el 22 de septiembre e incluye funciones en nueve localidades - Camino Escena Norte","og_description":"El proyecto de intercambio de artes esc\u00e9nicas celebrar\u00e1 su programaci\u00f3n oficial del 10 de septiembre al 9 de octubre bajo el lema \u2018Crecen las sonrisas\u2019&nbsp; Cantabria acoge nueve funciones de [&hellip;]","og_url":"https:\/\/escenanorte.com\/eu\/el-peregrinaje-de-camino-escena-norte-por-cantabria-comienza-el-22-de-septiembre-e-incluye-funciones-en-nueve-localidades\/","og_site_name":"Camino Escena Norte","article_publisher":"https:\/\/www.facebook.com\/escenanorte","article_published_time":"2022-09-06T10:34:51+00:00","article_modified_time":"2022-09-06T10:34:53+00:00","og_image":[{"width":1280,"height":853,"url":"https:\/\/escenanorte.com\/wp-content\/uploads\/2022\/09\/Presentacion-CEN-2022-Cantabria-_Copy-Miguel-de-Arriba-DSC_1464-3-scaled.jpg","type":"image\/jpeg"}],"author":"Noelia","twitter_card":"summary_large_image","twitter_misc":{"Written by":"Noelia","Est. reading time":"7 minutes"},"schema":{"@context":"https:\/\/schema.org","@graph":[{"@type":"Article","@id":"https:\/\/escenanorte.com\/eu\/el-peregrinaje-de-camino-escena-norte-por-cantabria-comienza-el-22-de-septiembre-e-incluye-funciones-en-nueve-localidades\/#article","isPartOf":{"@id":"https:\/\/escenanorte.com\/eu\/el-peregrinaje-de-camino-escena-norte-por-cantabria-comienza-el-22-de-septiembre-e-incluye-funciones-en-nueve-localidades\/"},"author":{"name":"Noelia","@id":"https:\/\/escenanorte.com\/eu\/#\/schema\/person\/e710b5aa0c486f243b4d527a4259c37c"},"headline":"El peregrinaje de Camino Escena Norte por Cantabria comienza el 22 de septiembre e incluye funciones en nueve localidades","datePublished":"2022-09-06T10:34:51+00:00","dateModified":"2022-09-06T10:34:53+00:00","mainEntityOfPage":{"@id":"https:\/\/escenanorte.com\/eu\/el-peregrinaje-de-camino-escena-norte-por-cantabria-comienza-el-22-de-septiembre-e-incluye-funciones-en-nueve-localidades\/"},"wordCount":1693,"image":{"@id":"https:\/\/escenanorte.com\/eu\/el-peregrinaje-de-camino-escena-norte-por-cantabria-comienza-el-22-de-septiembre-e-incluye-funciones-en-nueve-localidades\/#primaryimage"},"thumbnailUrl":"https:\/\/escenanorte.com\/wp-content\/uploads\/2022\/09\/Presentacion-CEN-2022-Cantabria-_Copy-Miguel-de-Arriba-DSC_1464-3-scaled.jpg","articleSection":["Noticias"],"inLanguage":"eu-ES"},{"@type":"WebPage","@id":"https:\/\/escenanorte.com\/eu\/el-peregrinaje-de-camino-escena-norte-por-cantabria-comienza-el-22-de-septiembre-e-incluye-funciones-en-nueve-localidades\/","url":"https:\/\/escenanorte.com\/eu\/el-peregrinaje-de-camino-escena-norte-por-cantabria-comienza-el-22-de-septiembre-e-incluye-funciones-en-nueve-localidades\/","name":"El peregrinaje de Camino Escena Norte por Cantabria comienza el 22 de septiembre e incluye funciones en nueve localidades - Camino Escena Norte","isPartOf":{"@id":"https:\/\/escenanorte.com\/eu\/#website"},"primaryImageOfPage":{"@id":"https:\/\/escenanorte.com\/eu\/el-peregrinaje-de-camino-escena-norte-por-cantabria-comienza-el-22-de-septiembre-e-incluye-funciones-en-nueve-localidades\/#primaryimage"},"image":{"@id":"https:\/\/escenanorte.com\/eu\/el-peregrinaje-de-camino-escena-norte-por-cantabria-comienza-el-22-de-septiembre-e-incluye-funciones-en-nueve-localidades\/#primaryimage"},"thumbnailUrl":"https:\/\/escenanorte.com\/wp-content\/uploads\/2022\/09\/Presentacion-CEN-2022-Cantabria-_Copy-Miguel-de-Arriba-DSC_1464-3-scaled.jpg","datePublished":"2022-09-06T10:34:51+00:00","dateModified":"2022-09-06T10:34:53+00:00","author":{"@id":"https:\/\/escenanorte.com\/eu\/#\/schema\/person\/e710b5aa0c486f243b4d527a4259c37c"},"breadcrumb":{"@id":"https:\/\/escenanorte.com\/eu\/el-peregrinaje-de-camino-escena-norte-por-cantabria-comienza-el-22-de-septiembre-e-incluye-funciones-en-nueve-localidades\/#breadcrumb"},"inLanguage":"eu-ES","potentialAction":[{"@type":"ReadAction","target":["https:\/\/escenanorte.com\/eu\/el-peregrinaje-de-camino-escena-norte-por-cantabria-comienza-el-22-de-septiembre-e-incluye-funciones-en-nueve-localidades\/"]}]},{"@type":"ImageObject","inLanguage":"eu-ES","@id":"https:\/\/escenanorte.com\/eu\/el-peregrinaje-de-camino-escena-norte-por-cantabria-comienza-el-22-de-septiembre-e-incluye-funciones-en-nueve-localidades\/#primaryimage","url":"https:\/\/escenanorte.com\/wp-content\/uploads\/2022\/09\/Presentacion-CEN-2022-Cantabria-_Copy-Miguel-de-Arriba-DSC_1464-3-scaled.jpg","contentUrl":"https:\/\/escenanorte.com\/wp-content\/uploads\/2022\/09\/Presentacion-CEN-2022-Cantabria-_Copy-Miguel-de-Arriba-DSC_1464-3-scaled.jpg","width":1280,"height":853},{"@type":"BreadcrumbList","@id":"https:\/\/escenanorte.com\/eu\/el-peregrinaje-de-camino-escena-norte-por-cantabria-comienza-el-22-de-septiembre-e-incluye-funciones-en-nueve-localidades\/#breadcrumb","itemListElement":[{"@type":"ListItem","position":1,"name":"Portada","item":"https:\/\/escenanorte.com\/eu\/"},{"@type":"ListItem","position":2,"name":"El peregrinaje de Camino Escena Norte por Cantabria comienza el 22 de septiembre e incluye funciones en nueve localidades"}]},{"@type":"WebSite","@id":"https:\/\/escenanorte.com\/eu\/#website","url":"https:\/\/escenanorte.com\/eu\/","name":"Camino Escena Norte","description":"Escena Norte","potentialAction":[{"@type":"SearchAction","target":{"@type":"EntryPoint","urlTemplate":"https:\/\/escenanorte.com\/eu\/?s={search_term_string}"},"query-input":{"@type":"PropertyValueSpecification","valueRequired":true,"valueName":"search_term_string"}}],"inLanguage":"eu-ES"},{"@type":"Person","@id":"https:\/\/escenanorte.com\/eu\/#\/schema\/person\/e710b5aa0c486f243b4d527a4259c37c","name":"Noelia","image":{"@type":"ImageObject","inLanguage":"eu-ES","@id":"https:\/\/secure.gravatar.com\/avatar\/d590b317b870f28020001606673cfd05bb4d34b9ede2d6a843ea8073c8ac9352?s=96&d=blank&r=g","url":"https:\/\/secure.gravatar.com\/avatar\/d590b317b870f28020001606673cfd05bb4d34b9ede2d6a843ea8073c8ac9352?s=96&d=blank&r=g","contentUrl":"https:\/\/secure.gravatar.com\/avatar\/d590b317b870f28020001606673cfd05bb4d34b9ede2d6a843ea8073c8ac9352?s=96&d=blank&r=g","caption":"Noelia"},"url":"https:\/\/escenanorte.com\/eu\/author\/noelia\/"}]}},"publishpress_future_action":{"enabled":false,"date":"2026-05-06 21:07:52","action":"change-status","newStatus":"draft","terms":[],"taxonomy":"category","extraData":[]},"publishpress_future_workflow_manual_trigger":{"enabledWorkflows":[]},"_links":{"self":[{"href":"https:\/\/escenanorte.com\/eu\/wp-json\/wp\/v2\/posts\/30468","targetHints":{"allow":["GET"]}}],"collection":[{"href":"https:\/\/escenanorte.com\/eu\/wp-json\/wp\/v2\/posts"}],"about":[{"href":"https:\/\/escenanorte.com\/eu\/wp-json\/wp\/v2\/types\/post"}],"author":[{"embeddable":true,"href":"https:\/\/escenanorte.com\/eu\/wp-json\/wp\/v2\/users\/5"}],"replies":[{"embeddable":true,"href":"https:\/\/escenanorte.com\/eu\/wp-json\/wp\/v2\/comments?post=30468"}],"version-history":[{"count":2,"href":"https:\/\/escenanorte.com\/eu\/wp-json\/wp\/v2\/posts\/30468\/revisions"}],"predecessor-version":[{"id":30508,"href":"https:\/\/escenanorte.com\/eu\/wp-json\/wp\/v2\/posts\/30468\/revisions\/30508"}],"wp:featuredmedia":[{"embeddable":true,"href":"https:\/\/escenanorte.com\/eu\/wp-json\/wp\/v2\/media\/30504"}],"wp:attachment":[{"href":"https:\/\/escenanorte.com\/eu\/wp-json\/wp\/v2\/media?parent=30468"}],"wp:term":[{"taxonomy":"category","embeddable":true,"href":"https:\/\/escenanorte.com\/eu\/wp-json\/wp\/v2\/categories?post=30468"},{"taxonomy":"post_tag","embeddable":true,"href":"https:\/\/escenanorte.com\/eu\/wp-json\/wp\/v2\/tags?post=30468"}],"curies":[{"name":"wp","href":"https:\/\/api.w.org\/{rel}","templated":true}]}}