{"id":82570,"global_id":"escenanorte.com\/eu\/?id=82570","global_id_lineage":["escenanorte.com\/eu\/?id=82570"],"author":"1","status":"publish","date":"2026-09-04 09:00:20","date_utc":"2026-09-04 07:00:20","modified":"2026-09-02 18:48:52","modified_utc":"2026-09-02 16:48:52","url":"https:\/\/escenanorte.com\/eu\/evento\/la-nina-104-104-haurra-yarleku-teatro-navarra\/","rest_url":"https:\/\/escenanorte.com\/eu\/wp-json\/tribe\/events\/v1\/events\/82570","title":"La ni\u00f1a 104 \/ 104. Haurra | Yarleku Teatro,  Navarra","description":"<h5 class=\"wp-block-heading\"><strong>Tipo: Teatro<\/strong> y t\u00edteres<\/h5>\n<ul class=\"wp-block-list\">\n<li class=\"has-small-font-size\"><strong>P\u00fablico: Todos los p\u00fablicos<\/strong><\/li>\n<li class=\"has-small-font-size\"><strong>Duraci\u00f3n: 50\u2019<\/strong><\/li>\n<li class=\"has-small-font-size\"><strong>Idioma: Castellano \u2013 Euskera<\/strong><\/li>\n<li class=\"has-small-font-size\"><strong>Estreno: 27 de febrero de 2024. FETEN, Gij\u00f3n. Principado de Asturias<\/strong><\/li>\n<\/ul>\n<p class=\"wp-block-paragraph\"><strong>\u2018La ni\u00f1a 104\u2019 se encuentra en un orfanato deseando ser adoptada, donde, al igual que otras ni\u00f1as en su misma situaci\u00f3n, pasa los d\u00edas confeccionando y cosiendo prendas. Un buen d\u00eda llega otra ni\u00f1a que no parece compartir la ilusi\u00f3n de la ni\u00f1a 104 por el trabajo.<\/strong><\/p>\n<p class=\"wp-block-paragraph\"><strong>Sin embargo, quien quiera ser elegida por una familia de adopci\u00f3n deber\u00e1 trabajar duro y hacerlo todo perfecto.<\/strong><\/p>\n<p class=\"wp-block-paragraph\"><strong>\u00bfEncontrar\u00e1 cada una de ellas una familia que la quiera?<\/strong><\/p>\n<p class=\"wp-block-paragraph\"><strong>Yarleku <\/strong>es una compa\u00f1\u00eda que surge en el a\u00f1o 2003 con af\u00e1n de crear espect\u00e1culos de car\u00e1cter socioeducativo en los que aunar la visi\u00f3n pl\u00e1stica del teatro y la transmisi\u00f3n de<br \/>\nvalores.<\/p>\n<p class=\"wp-block-paragraph\">Hoy damos un paso m\u00e1s. Hemos apostado firmemente por la accesibilidad, incorporando en tres de nuestras obras -\u2018Los ladrones de tiempo\u2019, \u2018La ni\u00f1a 104\u2019 y \u2018La casa m\u00e1s peque\u00f1a\u2019- cuatro medidas fundamentales que garantizan una experiencia<br \/>\nesc\u00e9nica m\u00e1s inclusiva:<\/p>\n<ul class=\"wp-block-list\">\n<li>Audiodescripci\u00f3n y sonido amplificado individual.<\/li>\n<li>Subtitulado adaptado.<\/li>\n<li>\u201cTouch tour\u201d previo a la funci\u00f3n.<\/li>\n<li>Programa de mano en lectura f\u00e1cil. Cuatro herramientas que eliminan barreras y ampl\u00edan la<br \/>\nvivencia teatral para que m\u00e1s personas puedan emocionarse,<br \/>\ncomprender y participar.<\/li>\n<\/ul>\n<p><span style=\"color: #339966;\"><strong>\u24d8 Entradas en taquilla y en <a style=\"color: #339966;\" href=\"https:\/\/www.reservaentradas.com\/cine\/cantabria\/salabreton\/\" target=\"_blank\" rel=\"noopener\">https:\/\/www.reservaentradas.com\/cine\/cantabria\/salabreton\/<\/a><\/strong><\/span><\/p>\n<p><iframe loading=\"lazy\" title=\"La ni\u00f1a 104. Teaser\" src=\"https:\/\/player.vimeo.com\/video\/904420486?dnt=1&amp;app_id=122963\" width=\"500\" height=\"281\" frameborder=\"0\" allow=\"autoplay; fullscreen; picture-in-picture; clipboard-write; encrypted-media; web-share\" referrerpolicy=\"strict-origin-when-cross-origin\"><\/iframe><\/p>","excerpt":"","slug":"la-nina-104-104-haurra-yarleku-teatro-navarra","image":{"url":"https:\/\/escenanorte.com\/wp-content\/uploads\/2026\/06\/1.-La-nina-104.-@Enara-Otxoa-errarte-scaled.jpg","id":81373,"extension":"jpg","width":2560,"height":1707,"filesize":666675,"sizes":{"medium":{"width":300,"height":200,"mime-type":"image\/jpeg","filesize":47509,"url":"https:\/\/escenanorte.com\/wp-content\/uploads\/2026\/06\/1.-La-nina-104.-@Enara-Otxoa-errarte-300x200.jpg"},"large":{"width":1024,"height":683,"mime-type":"image\/jpeg","filesize":156575,"url":"https:\/\/escenanorte.com\/wp-content\/uploads\/2026\/06\/1.-La-nina-104.-@Enara-Otxoa-errarte-1024x683.jpg"},"thumbnail":{"width":150,"height":150,"mime-type":"image\/jpeg","filesize":38180,"url":"https:\/\/escenanorte.com\/wp-content\/uploads\/2026\/06\/1.-La-nina-104.-@Enara-Otxoa-errarte-150x150.jpg"},"medium_large":{"width":768,"height":512,"mime-type":"image\/jpeg","filesize":109049,"url":"https:\/\/escenanorte.com\/wp-content\/uploads\/2026\/06\/1.-La-nina-104.-@Enara-Otxoa-errarte-768x512.jpg"},"1536x1536":{"width":1536,"height":1024,"mime-type":"image\/jpeg","filesize":279266,"url":"https:\/\/escenanorte.com\/wp-content\/uploads\/2026\/06\/1.-La-nina-104.-@Enara-Otxoa-errarte-1536x1024.jpg"},"2048x2048":{"width":2048,"height":1365,"mime-type":"image\/jpeg","filesize":447157,"url":"https:\/\/escenanorte.com\/wp-content\/uploads\/2026\/06\/1.-La-nina-104.-@Enara-Otxoa-errarte-2048x1365.jpg"}},"original_image":"1.-La-nina-104.-@Enara-Otxoa-errarte.jpg"},"all_day":false,"start_date":"2026-10-04 12:00:00","start_date_details":{"year":"2026","month":"10","day":"04","hour":"12","minutes":"00","seconds":"00"},"end_date":"2026-10-04 12:50:00","end_date_details":{"year":"2026","month":"10","day":"04","hour":"12","minutes":"50","seconds":"00"},"utc_start_date":"2026-10-04 10:00:00","utc_start_date_details":{"year":"2026","month":"10","day":"04","hour":"10","minutes":"00","seconds":"00"},"utc_end_date":"2026-10-04 10:50:00","utc_end_date_details":{"year":"2026","month":"10","day":"04","hour":"10","minutes":"50","seconds":"00"},"timezone":"Europe\/Madrid","timezone_abbr":"CEST","cost":"1.50\u20ac \u2013 2\u20ac","cost_details":{"currency_symbol":"\u20ac","currency_code":"EUR","currency_position":"suffix","values":["1.50","2"]},"website":"https:\/\/www.reservaentradas.com\/cine\/cantabria\/salabreton\/","show_map":true,"show_map_link":true,"hide_from_listings":false,"sticky":true,"featured":true,"categories":[{"name":"Konstelazioen Kantabria","slug":"konstelazioen-kantabria","term_group":0,"term_taxonomy_id":390,"taxonomy":"tribe_events_cat","description":"","parent":0,"count":9,"filter":"raw","id":390,"urls":{"self":"https:\/\/escenanorte.com\/eu\/wp-json\/tribe\/events\/v1\/categories\/390","collection":"https:\/\/escenanorte.com\/eu\/wp-json\/tribe\/events\/v1\/categories"}}],"tags":[],"venue":{"id":76877,"author":"6","status":"publish","date":"2025-08-26 08:25:07","date_utc":"2025-08-26 06:25:07","modified":"2026-09-02 18:43:17","modified_utc":"2026-09-02 16:43:17","url":"https:\/\/escenanorte.com\/es\/lugar\/sala-breton\/","venue":"Sala Bret\u00f3n","description":"<p>Emblem\u00e1tico espacio cultural que re\u00fane a la comunidad para disfrutar de experiencias art\u00edsticas, musicales y teatrales inolvidables con una ac\u00fastica excepcional.<\/p>\n<p>La Sala est\u00e1 dotada de diferentes espacios contando con una sala de 279 butacas en la que se desarrollan todo tipo de artes esc\u00e9nicas (teatro, danza, conciertos de m\u00fasica cl\u00e1sica y moderna, l\u00edrica y variedades), conferencias, convenciones, coloquios, seminarios, proyecci\u00f3n de audiovisuales, etc.<\/p>","slug":"sala-breton","image":{"url":"https:\/\/escenanorte.com\/wp-content\/uploads\/2025\/08\/descarga-1.jpg","id":76878,"extension":"jpg","width":290,"height":174,"filesize":9520,"sizes":{"thumbnail":{"width":150,"height":150,"mime-type":"image\/jpeg","filesize":5858,"url":"https:\/\/escenanorte.com\/wp-content\/uploads\/2025\/08\/descarga-1-150x150.jpg"}}},"address":"Av. de Espa\u00f1a 26","city":"Astillero","country":"Spain","province":"Cantabria","zip":"39610","website":"https:\/\/culturaastillero.es\/","stateprovince":"Cantabria","json_ld":{"@type":"Place","name":"Sala Bret\u00f3n","description":"&lt;p&gt;Emblem\u00e1tico espacio cultural que re\u00fane a la comunidad para disfrutar de experiencias art\u00edsticas, musicales y teatrales inolvidables con una ac\u00fastica excepcional. La Sala est\u00e1 dotada de diferentes espacios contando con [&hellip;]&lt;\/p&gt;\\n","image":"https:\/\/escenanorte.com\/wp-content\/uploads\/2025\/08\/descarga-1.jpg","url":"","address":{"@type":"PostalAddress","streetAddress":"Av. de Espa\u00f1a 26","addressLocality":"Astillero","addressRegion":"Cantabria","postalCode":"39610","addressCountry":"Spain"},"telephone":"","sameAs":"https:\/\/culturaastillero.es\/"},"show_map":true,"show_map_link":true,"global_id":"escenanorte.com\/eu\/?id=76877","global_id_lineage":["escenanorte.com\/eu\/?id=76877"]},"organizer":[],"custom_fields":[],"json_ld":{"@context":"http:\/\/schema.org","@type":"Event","name":"La ni\u00f1a 104 \/ 104. Haurra | Yarleku Teatro,  Navarra","description":"&lt;p&gt;Tipo: Teatro y t\u00edteres P\u00fablico: Todos los p\u00fablicos Duraci\u00f3n: 50\u2019 Idioma: Castellano \u2013 Euskera Estreno: 27 de febrero de 2024. FETEN, Gij\u00f3n. Principado de Asturias \u2018La ni\u00f1a 104\u2019 se encuentra [&hellip;]&lt;\/p&gt;\\n","image":"https:\/\/escenanorte.com\/wp-content\/uploads\/2026\/06\/1.-La-nina-104.-@Enara-Otxoa-errarte-scaled.jpg","url":"https:\/\/escenanorte.com\/eu\/evento\/la-nina-104-104-haurra-yarleku-teatro-navarra\/","eventAttendanceMode":"https:\/\/schema.org\/OfflineEventAttendanceMode","eventStatus":"https:\/\/schema.org\/EventScheduled","startDate":"2026-10-04T12:00:00+02:00","endDate":"2026-10-04T12:50:00+02:00","location":{"@type":"Place","name":"Sala Bret\u00f3n","description":"&lt;p&gt;Emblem\u00e1tico espacio cultural que re\u00fane a la comunidad para disfrutar de experiencias art\u00edsticas, musicales y teatrales inolvidables con una ac\u00fastica excepcional. La Sala est\u00e1 dotada de diferentes espacios contando con [&hellip;]&lt;\/p&gt;\\n","image":"https:\/\/escenanorte.com\/wp-content\/uploads\/2025\/08\/descarga-1.jpg","url":"","address":{"@type":"PostalAddress","streetAddress":"Av. de Espa\u00f1a 26","addressLocality":"Astillero","addressRegion":"Cantabria","postalCode":"39610","addressCountry":"Spain"},"telephone":"","sameAs":"https:\/\/culturaastillero.es\/"},"offers":{"@type":"Offer","price":"1.50 \u2013 2","priceCurrency":"EUR","url":"https:\/\/escenanorte.com\/eu\/evento\/la-nina-104-104-haurra-yarleku-teatro-navarra\/","category":"primary","availability":"inStock","validFrom":"1970-01-01T00:00:00+00:00"},"performer":"Organization"}}