{"id":82518,"global_id":"escenanorte.com\/eu\/?id=82518","global_id_lineage":["escenanorte.com\/eu\/?id=82518"],"author":"1","status":"publish","date":"2026-09-04 09:00:39","date_utc":"2026-09-04 07:00:39","modified":"2026-09-01 20:10:10","modified_utc":"2026-09-01 18:10:10","url":"https:\/\/escenanorte.com\/eu\/evento\/non-pasaran-artika-cia-galicia-2\/","rest_url":"https:\/\/escenanorte.com\/eu\/wp-json\/tribe\/events\/v1\/events\/82518","title":"Non pasar\u00e1n |  \u00c1rtika C\u00eda, Galicia","description":"<h5 class=\"wp-block-heading\"><strong>Tipo: Teatro<\/strong><\/h5>\n<ul class=\"wp-block-list\">\n<li class=\"has-small-font-size\"><strong>P\u00fablico: Adolescente + Adulto<\/strong><\/li>\n<li class=\"has-small-font-size\"><strong>Duraci\u00f3n: 75\u2019<\/strong><\/li>\n<li class=\"has-small-font-size\"><strong>Idioma: Castellano \u2013 Gallego<\/strong><\/li>\n<li class=\"has-small-font-size\"><strong>Estreno: 23 de noviembre del 2024. Sala \u00c1rtika, Vigo (Pontevedra) Galicia<\/strong><\/li>\n<\/ul>\n<p class=\"wp-block-paragraph\"><strong>\u2018Non pasar\u00e1n\u2019 se desarrolla en un pa\u00eds\/lugar sacudido por una ola de incendios provocados por una organizaci\u00f3n desconocida. El lema de la ciudadan\u00eda es claro: \u201cNo pasar\u00e1n\u201d, una llamada a no permitir la entrada en los hogares de extra\u00f1os, que podr\u00edan poner en peligro su integridad y a la comunidad.<br \/>\nCon todo, C\u00e1ndido y su hija Ana acogen a una misteriosa pareja en su casa, lo que desencadena una serie de sucesos que transforman su vida cotidiana. Incapaces de defender sus propios principios, los personajes se ven atrapados en una espiral de renuncias y comportamientos que los llevar\u00e1 a la destrucci\u00f3n, convirti\u00e9ndose finalmente en c\u00f3mplices incendiarios de su propio hogar.<\/strong><\/p>\n<p class=\"wp-block-paragraph\">Nuestra ambici\u00f3n es integrar el teatro como una parte esencial y enriquecedora de la vida cotidiana.<br \/>\nEn <strong>\u00c1rtika C\u00eda.<\/strong> trabajamos para acercar las artes esc\u00e9nicas a todos los p\u00fablicos, fomentando el aprendizaje, la reflexi\u00f3n y el compromiso sociocultural a trav\u00e9s de propuestas de calidad.<\/p>\n<div class=\"epyt-video-wrapper\"><iframe loading=\"lazy\"  id=\"_ytid_48144\"  width=\"800\" height=\"450\"  data-origwidth=\"800\" data-origheight=\"450\"  data-relstop=\"1\" src=\"https:\/\/www.youtube-nocookie.com\/embed\/e58SqFCG2sc?enablejsapi=1&#038;origin=https:\/\/escenanorte.com&#038;autoplay=0&#038;cc_load_policy=1&#038;cc_lang_pref=es&#038;iv_load_policy=1&#038;loop=0&#038;rel=0&#038;fs=1&#038;playsinline=0&#038;autohide=2&#038;hl=eu_ES&#038;theme=dark&#038;color=red&#038;controls=1&#038;disablekb=0&#038;\" class=\"__youtube_prefs__  epyt-is-override  no-lazyload\" title=\"YouTube player\"  allow=\"fullscreen; accelerometer; autoplay; clipboard-write; encrypted-media; gyroscope; picture-in-picture; web-share\" referrerpolicy=\"strict-origin-when-cross-origin\" allowfullscreen data-no-lazy=\"1\" data-skipgform_ajax_framebjll=\"\"><\/iframe><\/div>","excerpt":"","slug":"non-pasaran-artika-cia-galicia-2","image":{"url":"https:\/\/escenanorte.com\/wp-content\/uploads\/2026\/06\/1-No-Pasaran_A9A3891\u00a9-Vanessa-Rabade_.jpg","id":81741,"extension":"jpg","width":2000,"height":1333,"filesize":2157964,"sizes":{"medium":{"width":300,"height":200,"mime-type":"image\/jpeg","filesize":41554,"url":"https:\/\/escenanorte.com\/wp-content\/uploads\/2026\/06\/1-No-Pasaran_A9A3891\u00a9-Vanessa-Rabade_-300x200.jpg"},"large":{"width":1024,"height":682,"mime-type":"image\/jpeg","filesize":161107,"url":"https:\/\/escenanorte.com\/wp-content\/uploads\/2026\/06\/1-No-Pasaran_A9A3891\u00a9-Vanessa-Rabade_-1024x682.jpg"},"thumbnail":{"width":150,"height":150,"mime-type":"image\/jpeg","filesize":33092,"url":"https:\/\/escenanorte.com\/wp-content\/uploads\/2026\/06\/1-No-Pasaran_A9A3891\u00a9-Vanessa-Rabade_-150x150.jpg"},"medium_large":{"width":768,"height":512,"mime-type":"image\/jpeg","filesize":106492,"url":"https:\/\/escenanorte.com\/wp-content\/uploads\/2026\/06\/1-No-Pasaran_A9A3891\u00a9-Vanessa-Rabade_-768x512.jpg"},"1536x1536":{"width":1536,"height":1024,"mime-type":"image\/jpeg","filesize":304127,"url":"https:\/\/escenanorte.com\/wp-content\/uploads\/2026\/06\/1-No-Pasaran_A9A3891\u00a9-Vanessa-Rabade_-1536x1024.jpg"}}},"all_day":false,"start_date":"2026-09-19 19:00:00","start_date_details":{"year":"2026","month":"09","day":"19","hour":"19","minutes":"00","seconds":"00"},"end_date":"2026-09-19 20:15:00","end_date_details":{"year":"2026","month":"09","day":"19","hour":"20","minutes":"15","seconds":"00"},"utc_start_date":"2026-09-19 17:00:00","utc_start_date_details":{"year":"2026","month":"09","day":"19","hour":"17","minutes":"00","seconds":"00"},"utc_end_date":"2026-09-19 18:15:00","utc_end_date_details":{"year":"2026","month":"09","day":"19","hour":"18","minutes":"15","seconds":"00"},"timezone":"Europe\/Madrid","timezone_abbr":"CEST","cost":"Entrada libre hasta completar aforo","cost_details":{"currency_symbol":"\u20ac","currency_code":"EUR","currency_position":"suffix","values":["0"]},"website":"","show_map":true,"show_map_link":true,"hide_from_listings":false,"sticky":true,"featured":true,"categories":[{"name":"Konstelazioen Kantabria","slug":"konstelazioen-kantabria","term_group":0,"term_taxonomy_id":390,"taxonomy":"tribe_events_cat","description":"","parent":0,"count":9,"filter":"raw","id":390,"urls":{"self":"https:\/\/escenanorte.com\/eu\/wp-json\/tribe\/events\/v1\/categories\/390","collection":"https:\/\/escenanorte.com\/eu\/wp-json\/tribe\/events\/v1\/categories"}}],"tags":[],"venue":{"id":82422,"author":"1","status":"publish","date":"2026-08-30 20:45:00","date_utc":"2026-08-30 18:45:00","modified":"2026-08-30 20:45:00","modified_utc":"2026-08-30 18:45:00","url":"https:\/\/escenanorte.com\/es\/lugar\/antiguas-escuelas-de-orejo\/","venue":"Antiguas Escuelas de Orejo","description":"<p>Marina de Cudeyo<\/p>","slug":"antiguas-escuelas-de-orejo","address":"Orejo","city":"Marina de Cudeyo","province":"Cantabria","zip":"39719","website":"https:\/\/marinadecudeyo.com\/ayto\/tag\/teatro-las-escuelas\/","stateprovince":"Cantabria","json_ld":{"@type":"Place","name":"Antiguas Escuelas de Orejo","description":"&lt;p&gt;Marina de Cudeyo&lt;\/p&gt;\\n","url":"","address":{"@type":"PostalAddress","streetAddress":"Orejo","addressLocality":"Marina de Cudeyo","addressRegion":"Cantabria","postalCode":"39719"},"telephone":"","sameAs":"https:\/\/marinadecudeyo.com\/ayto\/tag\/teatro-las-escuelas\/"},"show_map":true,"show_map_link":true,"global_id":"escenanorte.com\/eu\/?id=82422","global_id_lineage":["escenanorte.com\/eu\/?id=82422"]},"organizer":[],"custom_fields":[],"json_ld":{"@context":"http:\/\/schema.org","@type":"Event","name":"Non pasar\u00e1n |  \u00c1rtika C\u00eda, Galicia","description":"&lt;p&gt;Tipo: Teatro P\u00fablico: Adolescente + Adulto Duraci\u00f3n: 75\u2019 Idioma: Castellano \u2013 Gallego Estreno: 23 de noviembre del 2024. Sala \u00c1rtika, Vigo (Pontevedra) Galicia \u2018Non pasar\u00e1n\u2019 se desarrolla en un pa\u00eds\/lugar [&hellip;]&lt;\/p&gt;\\n","image":"https:\/\/escenanorte.com\/wp-content\/uploads\/2026\/06\/1-No-Pasaran_A9A3891\u00a9-Vanessa-Rabade_.jpg","url":"https:\/\/escenanorte.com\/eu\/evento\/non-pasaran-artika-cia-galicia-2\/","eventAttendanceMode":"https:\/\/schema.org\/OfflineEventAttendanceMode","eventStatus":"https:\/\/schema.org\/EventScheduled","startDate":"2026-09-19T19:00:00+02:00","endDate":"2026-09-19T20:15:00+02:00","location":{"@type":"Place","name":"Antiguas Escuelas de Orejo","description":"&lt;p&gt;Marina de Cudeyo&lt;\/p&gt;\\n","url":"","address":{"@type":"PostalAddress","streetAddress":"Orejo","addressLocality":"Marina de Cudeyo","addressRegion":"Cantabria","postalCode":"39719"},"telephone":"","sameAs":"https:\/\/marinadecudeyo.com\/ayto\/tag\/teatro-las-escuelas\/"},"offers":{"@type":"Offer","price":"0","priceCurrency":"EUR","url":"https:\/\/escenanorte.com\/eu\/evento\/non-pasaran-artika-cia-galicia-2\/","category":"primary","availability":"inStock","validFrom":"1970-01-01T00:00:00+00:00"},"performer":"Organization"}}