{"id":76208,"date":"2025-06-25T12:52:14","date_gmt":"2025-06-25T10:52:14","guid":{"rendered":"https:\/\/escenanorte.com\/?p=76208"},"modified":"2025-07-11T11:32:52","modified_gmt":"2025-07-11T09:32:52","slug":"companias-cen-2025","status":"publish","type":"post","link":"https:\/\/escenanorte.com\/es\/companias-cen-2025\/","title":{"rendered":"Dieciocho compa\u00f1\u00edas recorrer\u00e1n los caminos esc\u00e9nicos de la 7\u00aa edici\u00f3n de Camino Escena Norte"},"content":{"rendered":"\n<p><strong><em>Cantabria estrena los FOCOS, una nueva propuesta que re\u00fane este a\u00f1o el Encuentro Habitaci\u00f3n Peregrina PRO del 16 al 18 de septiembre en Santander, diversas acciones de promoci\u00f3n exterior del sector esc\u00e9nico c\u00e1ntabro y el cartel y la imagen, creados por la dise\u00f1adora c\u00e1ntabra Isabel de la Sierra<\/em><\/strong><\/p>\n\n\n<div class=\"wp-block-image\">\n<figure class=\"aligncenter size-large\"><img loading=\"lazy\" decoding=\"async\" width=\"1024\" height=\"683\" src=\"https:\/\/escenanorte.com\/wp-content\/uploads\/2025\/06\/5_26798-1024x683.jpg\" alt=\"\" class=\"wp-image-76688\" srcset=\"https:\/\/escenanorte.com\/wp-content\/uploads\/2025\/06\/5_26798-1024x683.jpg 1024w, https:\/\/escenanorte.com\/wp-content\/uploads\/2025\/06\/5_26798-300x200.jpg 300w, https:\/\/escenanorte.com\/wp-content\/uploads\/2025\/06\/5_26798-768x512.jpg 768w, https:\/\/escenanorte.com\/wp-content\/uploads\/2025\/06\/5_26798-1536x1024.jpg 1536w, https:\/\/escenanorte.com\/wp-content\/uploads\/2025\/06\/5_26798-2048x1366.jpg 2048w\" sizes=\"(max-width: 1024px) 100vw, 1024px\" \/><figcaption class=\"wp-element-caption\">Presentaci\u00f3n de Camino Escena Norte 2025 en Santander | Foto: Miguel de Arriba<\/figcaption><\/figure>\n<\/div>\n\n\n<p><strong>Sembrar, cuidar, florecer.<\/strong> As\u00ed sintetiza su historia Camino Escena Norte (CEN), el programa de intercambio cultural a trav\u00e9s de las artes esc\u00e9nicas en el que participan compa\u00f1\u00edas de Galicia, Asturias, Cantabria, Pa\u00eds Vasco, Navarra y La Rioja. <strong>En&nbsp;su s\u00e9ptima edici\u00f3n, que se celebrar\u00e1 del 12 de septiembre al 26 de octubre, el Itinerario Constelaciones de CEN reunir\u00e1 a 18 compa\u00f1\u00edas<\/strong>, que ofrecer\u00e1n espect\u00e1culos y actividades en nuevas sedes y escenarios. En 2025, adem\u00e1s de la incorporaci\u00f3n de la escena riojana, el proyecto <strong>estrena los FOCOS<\/strong>, una propuesta de actividades de dinamizaci\u00f3n sectorial y promoci\u00f3n exterior de uno de los territorios que en su primera edici\u00f3n lo protagonizar\u00e1 Cantabria.<\/p>\n\n\n\n<p>Los 18 espect\u00e1culos del Itinerario Constelaciones han sido seleccionados por seis comisiones profesionales independientes de agentes del sector, una en cada comunidad implicada en CEN. El programa muestra parte de la mejor producci\u00f3n esc\u00e9nica profesional de los seis territorios, con m\u00faltiples lenguajes, disciplinas y propuestas est\u00e9ticas, producciones para p\u00fablico adulto y familiar, de teatro, danza y artes del movimiento y nuevo circo.<\/p>\n\n\n<div class=\"wp-block-image\">\n<figure class=\"aligncenter size-full\"><img loading=\"lazy\" decoding=\"async\" width=\"840\" height=\"668\" src=\"https:\/\/escenanorte.com\/wp-content\/uploads\/2025\/06\/02-Postales_Rotas_Manuel_Galan.jpg\" alt=\"\" class=\"wp-image-76122\" srcset=\"https:\/\/escenanorte.com\/wp-content\/uploads\/2025\/06\/02-Postales_Rotas_Manuel_Galan.jpg 840w, https:\/\/escenanorte.com\/wp-content\/uploads\/2025\/06\/02-Postales_Rotas_Manuel_Galan-300x239.jpg 300w, https:\/\/escenanorte.com\/wp-content\/uploads\/2025\/06\/02-Postales_Rotas_Manuel_Galan-768x611.jpg 768w\" sizes=\"(max-width: 840px) 100vw, 840px\" \/><figcaption class=\"wp-element-caption\"><em>Postales rotas<\/em>, la premiada propuesta de Zig Zag Danza, es uno de los 18 espect\u00e1culos que girar\u00e1n en el Itinerario Constelaciones | Foto: Manuel Gal\u00e1n<\/figcaption><\/figure>\n<\/div>\n\n\n<p>En este sentido, Galicia ha seleccionado a las siguientes compa\u00f1\u00edas: <strong>Ch\u00e9vere<\/strong>, Premio Nacional de Teatro en 2014, que ofrecer\u00e1 <strong><em>Hellen Keller, \u00bfla mujer maravilla?<\/em><\/strong>; <strong>Paula Quintas C<\/strong><strong>\u00eda<\/strong>., con su espect\u00e1culo <strong><em>Multiperspectivas#3<\/em><\/strong>, y <strong>P\u00e9rez &amp; Fern\u00e1ndez, <\/strong>que estrenar\u00e1 fuera de Galicia y en castellano <strong><em>Nanay de la China. <\/em><\/strong><strong><em><\/em><\/strong><\/p>\n\n\n\n<p>Por su parte, Asturias intervendr\u00e1 en el intercambio cultural de CEN con <strong>Guayomin\u00ed Producciones<\/strong> y su <strong><em>Hamlet<\/em><\/strong>; <strong>Zig Zag Danza<\/strong>, que presentar\u00e1n <strong><em>Postales rotas<\/em><\/strong>, espect\u00e1culo que logr\u00f3 el Premio Jovellanos a la Producci\u00f3n Esc\u00e9nica 2024 y cuatro galardones en la \u00faltima edici\u00f3n de los Premios Oh! de las Artes Esc\u00e9nicas de Asturias, y <strong>La Roca Producciones<\/strong> junto a <strong>Acar Teatro del Mund<\/strong>o presentar\u00e1n <strong><em>Zozobra<\/em><\/strong> (Premio Oh! al mejor int\u00e9rprete).<\/p>\n\n\n\n<p>La participaci\u00f3n de Cantabria correr\u00e1 a cargo de las compa\u00f1\u00edas <strong>El Tejo Producciones<\/strong>, que presentar\u00e1 <strong><em>El jard\u00edn de las posibilidades<\/em><\/strong>; <strong>\u00c1<\/strong><strong>brego Teatro<\/strong>, con su producci\u00f3n <strong><em>So\u00f1<\/em><\/strong><strong><em>ando a Lorca<\/em><\/strong>, y <strong>Escena Miri<\/strong><strong>\u00f1aque,<\/strong> Premio Nacional de Artes Esc\u00e9nicas para la Infancia y la Juventud 2024, que girar\u00e1 con <strong><em>t\u00c1<\/em><\/strong>.<\/p>\n\n\n\n<p>En representaci\u00f3n de Euskadi, se han seleccionado las creaciones de <strong>Tartean Teatro<\/strong> con <strong><em>El dilema del corcho<\/em><\/strong>; <strong>niM\u00fa<\/strong> con <strong><em>Pausa<\/em><\/strong> y <strong>Olatz Gorrotxategi<\/strong> con <strong><em>Progreso<\/em><\/strong>. Los espect\u00e1culos <em>Pausa <\/em>y <em>Progreso<\/em> ser\u00e1n estrenados fuera de Euskadi en el Itinerario Constelaciones.<\/p>\n\n\n\n<p>Navarra ofrece estas tres propuestas art\u00edsticas: <strong><em>Halley<\/em><\/strong> de <strong>Led Silhouette<\/strong>; <strong><em>Una mera curiosidad<\/em><\/strong>, de <strong>Producciones Maestras<\/strong> y <strong><em>Y\u00fagen<\/em><\/strong>, de <strong>La Banda Teatro Circo<\/strong>.<\/p>\n\n\n\n<p>La Rioja estrena su participaci\u00f3n en CEN con las compa\u00f1\u00edas <strong>El Perro Azul<\/strong>, que representar\u00e1 <strong><em>Globe Story<\/em><\/strong>; <strong>Cham\u00e1n Producciones<\/strong>, con su propuesta <strong><em>Oveja perdida ven sobre mis hombros que hoy no solo tu pastor soy sino pasto tambi\u00e9n<\/em><\/strong>, y <strong>Sapo Producciones<\/strong>, que presentar\u00e1 <strong><em>Te regalo el sol<\/em><\/strong>.<\/p>\n\n\n\n<figure class=\"wp-block-embed aligncenter is-type-video is-provider-youtube wp-block-embed-youtube wp-embed-aspect-16-9 wp-has-aspect-ratio\"><div class=\"wp-block-embed__wrapper\">\n<div class=\"epyt-video-wrapper\"><iframe loading=\"lazy\"  id=\"_ytid_99178\"  width=\"800\" height=\"450\"  data-origwidth=\"800\" data-origheight=\"450\"  data-relstop=\"1\" src=\"https:\/\/www.youtube-nocookie.com\/embed\/3kFrKHQ1xLA?enablejsapi=1&#038;origin=https:\/\/escenanorte.com&#038;autoplay=0&#038;cc_load_policy=1&#038;iv_load_policy=1&#038;loop=0&#038;fs=1&#038;playsinline=0&#038;controls=1&#038;disablekb=0&#038;color=red&#038;cc_lang_pref=es&#038;rel=0&#038;autohide=2&#038;hl=es_ES&#038;theme=dark&#038;\" class=\"__youtube_prefs__  epyt-is-override  no-lazyload\" title=\"YouTube player\"  allow=\"fullscreen; accelerometer; autoplay; clipboard-write; encrypted-media; gyroscope; picture-in-picture; web-share\" referrerpolicy=\"strict-origin-when-cross-origin\" allowfullscreen data-no-lazy=\"1\" data-skipgform_ajax_framebjll=\"\"><\/iframe><\/div>\n<\/div><\/figure>\n\n\n\n<p><strong>FOCO CANTABRIA<\/strong><\/p>\n\n\n\n<p>El flamante FOCO CANTABRIA contendr\u00e1 un cuidado programa de actividades, desde acciones de promoci\u00f3n del sector esc\u00e9nico c\u00e1ntabro hasta el Encuentro <strong>Habitaci\u00f3n Peregrina PRO, que se celebrar\u00e1 en el Palacio de Festivales de Cantabria (Santander) del 16 al 18 de septiembre<\/strong>. Este encuentro profesional de las artes esc\u00e9nicas del norte, que se ha desarrollado en Lugo desde 2020, pasa a ser itinerante y unido a los FOCOS. La inscripci\u00f3n para el encuentro se abrir\u00e1 a mediados de julio.<\/p>\n\n\n<div class=\"wp-block-image\">\n<figure class=\"aligncenter size-large is-resized\"><img loading=\"lazy\" decoding=\"async\" width=\"734\" height=\"1024\" src=\"https:\/\/escenanorte.com\/wp-content\/uploads\/2025\/06\/CEM_todos-734x1024.jpg\" alt=\"\" class=\"wp-image-76209\" style=\"width:600px\" srcset=\"https:\/\/escenanorte.com\/wp-content\/uploads\/2025\/06\/CEM_todos-734x1024.jpg 734w, https:\/\/escenanorte.com\/wp-content\/uploads\/2025\/06\/CEM_todos-215x300.jpg 215w, https:\/\/escenanorte.com\/wp-content\/uploads\/2025\/06\/CEM_todos-768x1071.jpg 768w, https:\/\/escenanorte.com\/wp-content\/uploads\/2025\/06\/CEM_todos-1101x1536.jpg 1101w, https:\/\/escenanorte.com\/wp-content\/uploads\/2025\/06\/CEM_todos-1468x2048.jpg 1468w, https:\/\/escenanorte.com\/wp-content\/uploads\/2025\/06\/CEM_todos-scaled.jpg 1835w\" sizes=\"(max-width: 734px) 100vw, 734px\" \/><figcaption class=\"wp-element-caption\">La c\u00e1ntabra Isabel de la Sierra firma el cartel de este a\u00f1o.<\/figcaption><\/figure>\n<\/div>\n\n\n<p><strong>Los FOCOS tambi\u00e9n determinar\u00e1n la autor\u00eda del cartel y la imagen<\/strong> de cada edici\u00f3n de Camino Escena Norte. En 2025, la dise\u00f1adora c\u00e1ntabra <a href=\"https:\/\/www.isabeldelasierra.eu\/\">Isabel de la Sierra<\/a> firma la imagen que acompa\u00f1ar\u00e1 toda la programaci\u00f3n. La propuesta visual de Isabel de la Sierra nace desde la emoci\u00f3n y el respeto por lo que representa este proyecto, y ha sido construida a partir del lema <em><strong>Sembrar, cuidar, florecer<\/strong><\/em>. Para la dise\u00f1adora, &#8220;representa c\u00f3mo el teatro no solo se contempla, sino que se vive, se siente y transforma. Es una floraci\u00f3n interior provocada por el arte esc\u00e9nico, que atraviesa cada territorio y cada espectador\u201c.<\/p>\n\n\n\n<p>Cada una de las cuatro versiones del cartel muestra una figura humana distinta, reforzando la riqueza y diversidad cultural de CEN. &nbsp;De la Sierra lo explica as\u00ed: &#8220;Sus flores y escenas teatrales se transforman para reflejar la identidad y singularidad cultural de cada territorio, reforzando la riqueza y diversidad del Camino Escena Norte. Colores vivos, siluetas teatrales y una estructura vertical aportan a la imagen un car\u00e1cter contempor\u00e1neo, expresivo y memorable. Es una propuesta visual que transmite magia, emoci\u00f3n y transformaci\u00f3n. Una mirada que florece porque ha sido tocada por la escena&#8221;.<\/p>\n\n\n\n<p>&#8220;Con esta imagen mostramos el teatro desde dentro: el arte esc\u00e9nico nos atraviesa, se siembra en el alma y florece como memoria viva. As\u00ed sucede en cada paso del Camino Escena Norte\u201c, a\u00f1ade la dise\u00f1adora c\u00e1ntabra.<\/p>\n\n\n\n<p>Isabel de la Sierra estudi\u00f3 en las escuelas de dise\u00f1o BAU y Llotja, ambas de Barcelona; y en la Escuela de Arte de Oviedo. Entre los premios que ha recibido por sus creaciones, destacan el Premio Asturias; el Certamen Nacional para J\u00f3venes Creadores, de Calcograf\u00eda Nacional (Madrid); la Primera Bienal de Arte Contempor\u00e1neo Femenino, en Larmor Plage (Francia), la Colectiva Arte, del Museo Tottori (Jap\u00f3n)&nbsp; y la Muestra Internacional \u201cMiniprint\u201d de Rosario (Argentina). Entre sus clientes, se encuentran Coca Cola, el Club de Malasmadres o Varona.<\/p>\n\n\n\n<p><strong>SEMBRAR, CUIDAR, FLORECER<\/strong><\/p>\n\n\n\n<p>Camino Escena Norte elige un lema para su s\u00e9ptima edici\u00f3n que relaciona el proyecto con el concepto de siembra y naturaleza. De la misma manera, CEN sigue el proceso de ir sembrando entre los p\u00fablicos nuestra pasi\u00f3n por las artes esc\u00e9nicas, cuidando el proyecto para que florezca en todos los territorios, incluso en las condiciones m\u00e1s desfavorables. Nuestro lema de 2025 muestra nuestro proyecto desde dentro y hasta su encuentro con los p\u00fablicos.<\/p>\n\n\n\n<p>Asimismo el lema de 2025 suma a los conceptos de siembra y naturaleza, otros con los que Camino Escena Norte est\u00e1 involucrado desde la primera edici\u00f3n: la sostenibilidad, el paisaje, el camino y la resistencia.<\/p>\n\n\n\n<p><strong>CAT\u00c1LOGO DE ESPECT\u00c1CULOS RECOMENDADOS<\/strong><\/p>\n\n\n\n<p>El Cat\u00e1logo de Espect\u00e1culos Recomendados Camino Escena Norte y la programaci\u00f3n del Itinerario Constelaciones utilizan un sistema de selecci\u00f3n de espect\u00e1culos basado en comisiones territoriales compuestas por 5 miembros por comunidad, siendo la selecci\u00f3n llevada a cabo por un total de&nbsp; expertos y expertas que trabajan de manera colegiada. En un proceso transparente y garantista, se ha realizado una selecci\u00f3n individual por parte de cada persona experta y, despu\u00e9s, se ha realizado una clasificaci\u00f3n en grupo de la que han salido los 36 espect\u00e1culos que conforman el <strong>Cat<\/strong><strong>\u00e1<\/strong><strong>logo de Espect<\/strong><strong>\u00e1<\/strong><strong>culos Recomendados<\/strong> <strong>2025<\/strong>. De esos 36, seis por comunidad, han salido los 18 espect\u00e1culos mencionados que girar\u00e1n este a\u00f1o en el Itinerario Constelaciones<\/p>\n\n\n\n<p>Desde la edici\u00f3n de 2023, el Cat\u00e1logo de Espect\u00e1culos Recomendados Camino Escena Norte es una herramienta muy \u00fatil para los programadores y programadoras de los territorios CEN y tambi\u00e9n para los del resto del Estado. Este sello de calidad sirve de promoci\u00f3n y apoyo a la distribuci\u00f3n de los mismos fuera del \u00e1mbito del proyecto.<\/p>\n\n\n\n<p>Puedes descargar el cat\u00e1logo <a href=\"https:\/\/escenanorte.com\/es\/download\/catalogo-cen25\/\">aqu\u00ed<\/a>.<\/p>\n\n\n\n<p><strong>ORGANIZACI\u00d3N Y APOYOS<\/strong><\/p>\n\n\n\n<p>CEN es una iniciativa promovida por las propias asociaciones profesionales de productoras de artes esc\u00e9nicas ESCENA GALEGA (Galicia), ESCENASTURIAS (Asturias), ACEPAE (Cantabria), ESKENA (Euskadi), ESNA (Navarra) y, AESCENA (La Rioja). Todas ellas, unidas en la supraentidad Camino Escena Norte Agrupaci\u00f3n de Inter\u00e9s Econ\u00f3mico, creada espec\u00edficamente para el desarrollo, gesti\u00f3n y producci\u00f3n de este proyecto.<\/p>\n\n\n\n<p>CEN cuenta con el apoyo econ\u00f3mico de gobiernos e instituciones de las seis comunidades implicadas: la Xunta de Galicia, a trav\u00e9s de la Axencia Galega das Industrias Culturais (Agadic); Gobierno del Principado de Asturias; Gobierno de Cantabria; Gobierno Vasco; Diputaci\u00f3n Foral de Araba, Diputaci\u00f3n Foral de Bizkaia; Diputaci\u00f3n Foral de Gipuzkoa; el Gobierno de Navarra, el Gobierno de La Rioja y el Ministerio de Cultura. Colabora tambi\u00e9n la Diputaci\u00f3n Provincial de Lugo.<\/p>\n\n\n\n<p>Vegalsa-Eroski se mantiene como patrocinador oficial. Adem\u00e1s, Camino Escena Norte cuenta en esta edici\u00f3n con la colaboraci\u00f3n especial de la asociaci\u00f3n Te Veo de Artes Esc\u00e9nicas para la Infancia y la Juventud.<\/p>\n\n\n\n<p><\/p>\n","protected":false},"excerpt":{"rendered":"<p>Cantabria estrena los FOCOS, una nueva propuesta que re\u00fane este a\u00f1o el Encuentro Habitaci\u00f3n Peregrina PRO del 16 al 18 de septiembre en Santander, diversas acciones de promoci\u00f3n exterior del [&hellip;]<\/p>\n","protected":false},"author":5,"featured_media":76688,"comment_status":"closed","ping_status":"open","sticky":false,"template":"","format":"standard","meta":{"footnotes":""},"categories":[1],"tags":[],"class_list":["post-76208","post","type-post","status-publish","format-standard","has-post-thumbnail","hentry","category-noticias"],"yoast_head":"<!-- This site is optimized with the Yoast SEO plugin v27.2 - https:\/\/yoast.com\/product\/yoast-seo-wordpress\/ -->\n<title>Dieciocho compa\u00f1\u00edas recorrer\u00e1n los caminos esc\u00e9nicos de la 7\u00aa edici\u00f3n de Camino Escena Norte - Camino Escena Norte<\/title>\n<meta name=\"description\" content=\"Camino Escena Norte ha presentado la edici\u00f3n de 2025 en Cantabria, con un cartel dise\u00f1ado por Isabel de la Sierra.\" \/>\n<meta name=\"robots\" content=\"index, follow, max-snippet:-1, max-image-preview:large, max-video-preview:-1\" \/>\n<link rel=\"canonical\" href=\"https:\/\/escenanorte.com\/es\/companias-cen-2025\/\" \/>\n<meta property=\"og:locale\" content=\"es_ES\" \/>\n<meta property=\"og:type\" content=\"article\" \/>\n<meta property=\"og:title\" content=\"Dieciocho compa\u00f1\u00edas recorrer\u00e1n los caminos esc\u00e9nicos de la 7\u00aa edici\u00f3n de Camino Escena Norte - Camino Escena Norte\" \/>\n<meta property=\"og:description\" content=\"Camino Escena Norte ha presentado la edici\u00f3n de 2025 en Cantabria, con un cartel dise\u00f1ado por Isabel de la Sierra.\" \/>\n<meta property=\"og:url\" content=\"https:\/\/escenanorte.com\/es\/companias-cen-2025\/\" \/>\n<meta property=\"og:site_name\" content=\"Camino Escena Norte\" \/>\n<meta property=\"article:publisher\" content=\"https:\/\/www.facebook.com\/escenanorte\" \/>\n<meta property=\"article:published_time\" content=\"2025-06-25T10:52:14+00:00\" \/>\n<meta property=\"article:modified_time\" content=\"2025-07-11T09:32:52+00:00\" \/>\n<meta property=\"og:image\" content=\"https:\/\/escenanorte.com\/wp-content\/uploads\/2025\/06\/5_26798.jpg\" \/>\n\t<meta property=\"og:image:width\" content=\"2500\" \/>\n\t<meta property=\"og:image:height\" content=\"1667\" \/>\n\t<meta property=\"og:image:type\" content=\"image\/jpeg\" \/>\n<meta name=\"author\" content=\"Noelia\" \/>\n<meta name=\"twitter:card\" content=\"summary_large_image\" \/>\n<meta name=\"twitter:label1\" content=\"Escrito por\" \/>\n\t<meta name=\"twitter:data1\" content=\"Noelia\" \/>\n\t<meta name=\"twitter:label2\" content=\"Tiempo de lectura\" \/>\n\t<meta name=\"twitter:data2\" content=\"8 minutos\" \/>\n<script type=\"application\/ld+json\" class=\"yoast-schema-graph\">{\"@context\":\"https:\/\/schema.org\",\"@graph\":[{\"@type\":\"Article\",\"@id\":\"https:\/\/escenanorte.com\/es\/companias-cen-2025\/#article\",\"isPartOf\":{\"@id\":\"https:\/\/escenanorte.com\/es\/companias-cen-2025\/\"},\"author\":{\"name\":\"Noelia\",\"@id\":\"https:\/\/escenanorte.com\/es\/#\/schema\/person\/e710b5aa0c486f243b4d527a4259c37c\"},\"headline\":\"Dieciocho compa\u00f1\u00edas recorrer\u00e1n los caminos esc\u00e9nicos de la 7\u00aa edici\u00f3n de Camino Escena Norte\",\"datePublished\":\"2025-06-25T10:52:14+00:00\",\"dateModified\":\"2025-07-11T09:32:52+00:00\",\"mainEntityOfPage\":{\"@id\":\"https:\/\/escenanorte.com\/es\/companias-cen-2025\/\"},\"wordCount\":1533,\"image\":{\"@id\":\"https:\/\/escenanorte.com\/es\/companias-cen-2025\/#primaryimage\"},\"thumbnailUrl\":\"https:\/\/escenanorte.com\/wp-content\/uploads\/2025\/06\/5_26798.jpg\",\"articleSection\":[\"Noticias\"],\"inLanguage\":\"es\"},{\"@type\":\"WebPage\",\"@id\":\"https:\/\/escenanorte.com\/es\/companias-cen-2025\/\",\"url\":\"https:\/\/escenanorte.com\/es\/companias-cen-2025\/\",\"name\":\"Dieciocho compa\u00f1\u00edas recorrer\u00e1n los caminos esc\u00e9nicos de la 7\u00aa edici\u00f3n de Camino Escena Norte - Camino Escena Norte\",\"isPartOf\":{\"@id\":\"https:\/\/escenanorte.com\/es\/#website\"},\"primaryImageOfPage\":{\"@id\":\"https:\/\/escenanorte.com\/es\/companias-cen-2025\/#primaryimage\"},\"image\":{\"@id\":\"https:\/\/escenanorte.com\/es\/companias-cen-2025\/#primaryimage\"},\"thumbnailUrl\":\"https:\/\/escenanorte.com\/wp-content\/uploads\/2025\/06\/5_26798.jpg\",\"datePublished\":\"2025-06-25T10:52:14+00:00\",\"dateModified\":\"2025-07-11T09:32:52+00:00\",\"author\":{\"@id\":\"https:\/\/escenanorte.com\/es\/#\/schema\/person\/e710b5aa0c486f243b4d527a4259c37c\"},\"description\":\"Camino Escena Norte ha presentado la edici\u00f3n de 2025 en Cantabria, con un cartel dise\u00f1ado por Isabel de la Sierra.\",\"breadcrumb\":{\"@id\":\"https:\/\/escenanorte.com\/es\/companias-cen-2025\/#breadcrumb\"},\"inLanguage\":\"es\",\"potentialAction\":[{\"@type\":\"ReadAction\",\"target\":[\"https:\/\/escenanorte.com\/es\/companias-cen-2025\/\"]}]},{\"@type\":\"ImageObject\",\"inLanguage\":\"es\",\"@id\":\"https:\/\/escenanorte.com\/es\/companias-cen-2025\/#primaryimage\",\"url\":\"https:\/\/escenanorte.com\/wp-content\/uploads\/2025\/06\/5_26798.jpg\",\"contentUrl\":\"https:\/\/escenanorte.com\/wp-content\/uploads\/2025\/06\/5_26798.jpg\",\"width\":2500,\"height\":1667},{\"@type\":\"BreadcrumbList\",\"@id\":\"https:\/\/escenanorte.com\/es\/companias-cen-2025\/#breadcrumb\",\"itemListElement\":[{\"@type\":\"ListItem\",\"position\":1,\"name\":\"Portada\",\"item\":\"https:\/\/escenanorte.com\/es\/\"},{\"@type\":\"ListItem\",\"position\":2,\"name\":\"Dieciocho compa\u00f1\u00edas recorrer\u00e1n los caminos esc\u00e9nicos de la 7\u00aa edici\u00f3n de Camino Escena Norte\"}]},{\"@type\":\"WebSite\",\"@id\":\"https:\/\/escenanorte.com\/es\/#website\",\"url\":\"https:\/\/escenanorte.com\/es\/\",\"name\":\"Camino Escena Norte\",\"description\":\"Escena Norte\",\"potentialAction\":[{\"@type\":\"SearchAction\",\"target\":{\"@type\":\"EntryPoint\",\"urlTemplate\":\"https:\/\/escenanorte.com\/es\/?s={search_term_string}\"},\"query-input\":{\"@type\":\"PropertyValueSpecification\",\"valueRequired\":true,\"valueName\":\"search_term_string\"}}],\"inLanguage\":\"es\"},{\"@type\":\"Person\",\"@id\":\"https:\/\/escenanorte.com\/es\/#\/schema\/person\/e710b5aa0c486f243b4d527a4259c37c\",\"name\":\"Noelia\",\"image\":{\"@type\":\"ImageObject\",\"inLanguage\":\"es\",\"@id\":\"https:\/\/secure.gravatar.com\/avatar\/d590b317b870f28020001606673cfd05bb4d34b9ede2d6a843ea8073c8ac9352?s=96&d=blank&r=g\",\"url\":\"https:\/\/secure.gravatar.com\/avatar\/d590b317b870f28020001606673cfd05bb4d34b9ede2d6a843ea8073c8ac9352?s=96&d=blank&r=g\",\"contentUrl\":\"https:\/\/secure.gravatar.com\/avatar\/d590b317b870f28020001606673cfd05bb4d34b9ede2d6a843ea8073c8ac9352?s=96&d=blank&r=g\",\"caption\":\"Noelia\"},\"url\":\"https:\/\/escenanorte.com\/es\/author\/noelia\/\"}]}<\/script>\n<!-- \/ Yoast SEO plugin. -->","yoast_head_json":{"title":"Dieciocho compa\u00f1\u00edas recorrer\u00e1n los caminos esc\u00e9nicos de la 7\u00aa edici\u00f3n de Camino Escena Norte - Camino Escena Norte","description":"Camino Escena Norte ha presentado la edici\u00f3n de 2025 en Cantabria, con un cartel dise\u00f1ado por Isabel de la Sierra.","robots":{"index":"index","follow":"follow","max-snippet":"max-snippet:-1","max-image-preview":"max-image-preview:large","max-video-preview":"max-video-preview:-1"},"canonical":"https:\/\/escenanorte.com\/es\/companias-cen-2025\/","og_locale":"es_ES","og_type":"article","og_title":"Dieciocho compa\u00f1\u00edas recorrer\u00e1n los caminos esc\u00e9nicos de la 7\u00aa edici\u00f3n de Camino Escena Norte - Camino Escena Norte","og_description":"Camino Escena Norte ha presentado la edici\u00f3n de 2025 en Cantabria, con un cartel dise\u00f1ado por Isabel de la Sierra.","og_url":"https:\/\/escenanorte.com\/es\/companias-cen-2025\/","og_site_name":"Camino Escena Norte","article_publisher":"https:\/\/www.facebook.com\/escenanorte","article_published_time":"2025-06-25T10:52:14+00:00","article_modified_time":"2025-07-11T09:32:52+00:00","og_image":[{"width":2500,"height":1667,"url":"https:\/\/escenanorte.com\/wp-content\/uploads\/2025\/06\/5_26798.jpg","type":"image\/jpeg"}],"author":"Noelia","twitter_card":"summary_large_image","twitter_misc":{"Escrito por":"Noelia","Tiempo de lectura":"8 minutos"},"schema":{"@context":"https:\/\/schema.org","@graph":[{"@type":"Article","@id":"https:\/\/escenanorte.com\/es\/companias-cen-2025\/#article","isPartOf":{"@id":"https:\/\/escenanorte.com\/es\/companias-cen-2025\/"},"author":{"name":"Noelia","@id":"https:\/\/escenanorte.com\/es\/#\/schema\/person\/e710b5aa0c486f243b4d527a4259c37c"},"headline":"Dieciocho compa\u00f1\u00edas recorrer\u00e1n los caminos esc\u00e9nicos de la 7\u00aa edici\u00f3n de Camino Escena Norte","datePublished":"2025-06-25T10:52:14+00:00","dateModified":"2025-07-11T09:32:52+00:00","mainEntityOfPage":{"@id":"https:\/\/escenanorte.com\/es\/companias-cen-2025\/"},"wordCount":1533,"image":{"@id":"https:\/\/escenanorte.com\/es\/companias-cen-2025\/#primaryimage"},"thumbnailUrl":"https:\/\/escenanorte.com\/wp-content\/uploads\/2025\/06\/5_26798.jpg","articleSection":["Noticias"],"inLanguage":"es"},{"@type":"WebPage","@id":"https:\/\/escenanorte.com\/es\/companias-cen-2025\/","url":"https:\/\/escenanorte.com\/es\/companias-cen-2025\/","name":"Dieciocho compa\u00f1\u00edas recorrer\u00e1n los caminos esc\u00e9nicos de la 7\u00aa edici\u00f3n de Camino Escena Norte - Camino Escena Norte","isPartOf":{"@id":"https:\/\/escenanorte.com\/es\/#website"},"primaryImageOfPage":{"@id":"https:\/\/escenanorte.com\/es\/companias-cen-2025\/#primaryimage"},"image":{"@id":"https:\/\/escenanorte.com\/es\/companias-cen-2025\/#primaryimage"},"thumbnailUrl":"https:\/\/escenanorte.com\/wp-content\/uploads\/2025\/06\/5_26798.jpg","datePublished":"2025-06-25T10:52:14+00:00","dateModified":"2025-07-11T09:32:52+00:00","author":{"@id":"https:\/\/escenanorte.com\/es\/#\/schema\/person\/e710b5aa0c486f243b4d527a4259c37c"},"description":"Camino Escena Norte ha presentado la edici\u00f3n de 2025 en Cantabria, con un cartel dise\u00f1ado por Isabel de la Sierra.","breadcrumb":{"@id":"https:\/\/escenanorte.com\/es\/companias-cen-2025\/#breadcrumb"},"inLanguage":"es","potentialAction":[{"@type":"ReadAction","target":["https:\/\/escenanorte.com\/es\/companias-cen-2025\/"]}]},{"@type":"ImageObject","inLanguage":"es","@id":"https:\/\/escenanorte.com\/es\/companias-cen-2025\/#primaryimage","url":"https:\/\/escenanorte.com\/wp-content\/uploads\/2025\/06\/5_26798.jpg","contentUrl":"https:\/\/escenanorte.com\/wp-content\/uploads\/2025\/06\/5_26798.jpg","width":2500,"height":1667},{"@type":"BreadcrumbList","@id":"https:\/\/escenanorte.com\/es\/companias-cen-2025\/#breadcrumb","itemListElement":[{"@type":"ListItem","position":1,"name":"Portada","item":"https:\/\/escenanorte.com\/es\/"},{"@type":"ListItem","position":2,"name":"Dieciocho compa\u00f1\u00edas recorrer\u00e1n los caminos esc\u00e9nicos de la 7\u00aa edici\u00f3n de Camino Escena Norte"}]},{"@type":"WebSite","@id":"https:\/\/escenanorte.com\/es\/#website","url":"https:\/\/escenanorte.com\/es\/","name":"Camino Escena Norte","description":"Escena Norte","potentialAction":[{"@type":"SearchAction","target":{"@type":"EntryPoint","urlTemplate":"https:\/\/escenanorte.com\/es\/?s={search_term_string}"},"query-input":{"@type":"PropertyValueSpecification","valueRequired":true,"valueName":"search_term_string"}}],"inLanguage":"es"},{"@type":"Person","@id":"https:\/\/escenanorte.com\/es\/#\/schema\/person\/e710b5aa0c486f243b4d527a4259c37c","name":"Noelia","image":{"@type":"ImageObject","inLanguage":"es","@id":"https:\/\/secure.gravatar.com\/avatar\/d590b317b870f28020001606673cfd05bb4d34b9ede2d6a843ea8073c8ac9352?s=96&d=blank&r=g","url":"https:\/\/secure.gravatar.com\/avatar\/d590b317b870f28020001606673cfd05bb4d34b9ede2d6a843ea8073c8ac9352?s=96&d=blank&r=g","contentUrl":"https:\/\/secure.gravatar.com\/avatar\/d590b317b870f28020001606673cfd05bb4d34b9ede2d6a843ea8073c8ac9352?s=96&d=blank&r=g","caption":"Noelia"},"url":"https:\/\/escenanorte.com\/es\/author\/noelia\/"}]}},"publishpress_future_action":{"enabled":false,"date":"2026-05-06 18:28:09","action":"change-status","newStatus":"draft","terms":[],"taxonomy":"category","extraData":[]},"publishpress_future_workflow_manual_trigger":{"enabledWorkflows":[]},"_links":{"self":[{"href":"https:\/\/escenanorte.com\/es\/wp-json\/wp\/v2\/posts\/76208","targetHints":{"allow":["GET"]}}],"collection":[{"href":"https:\/\/escenanorte.com\/es\/wp-json\/wp\/v2\/posts"}],"about":[{"href":"https:\/\/escenanorte.com\/es\/wp-json\/wp\/v2\/types\/post"}],"author":[{"embeddable":true,"href":"https:\/\/escenanorte.com\/es\/wp-json\/wp\/v2\/users\/5"}],"replies":[{"embeddable":true,"href":"https:\/\/escenanorte.com\/es\/wp-json\/wp\/v2\/comments?post=76208"}],"version-history":[{"count":9,"href":"https:\/\/escenanorte.com\/es\/wp-json\/wp\/v2\/posts\/76208\/revisions"}],"predecessor-version":[{"id":76758,"href":"https:\/\/escenanorte.com\/es\/wp-json\/wp\/v2\/posts\/76208\/revisions\/76758"}],"wp:featuredmedia":[{"embeddable":true,"href":"https:\/\/escenanorte.com\/es\/wp-json\/wp\/v2\/media\/76688"}],"wp:attachment":[{"href":"https:\/\/escenanorte.com\/es\/wp-json\/wp\/v2\/media?parent=76208"}],"wp:term":[{"taxonomy":"category","embeddable":true,"href":"https:\/\/escenanorte.com\/es\/wp-json\/wp\/v2\/categories?post=76208"},{"taxonomy":"post_tag","embeddable":true,"href":"https:\/\/escenanorte.com\/es\/wp-json\/wp\/v2\/tags?post=76208"}],"curies":[{"name":"wp","href":"https:\/\/api.w.org\/{rel}","templated":true}]}}