{"id":81896,"global_id":"escenanorte.com\/es\/?id=81896","global_id_lineage":["escenanorte.com\/es\/?id=81896"],"author":"1","status":"publish","date":"2026-09-01 10:00:35","date_utc":"2026-09-01 08:00:35","modified":"2026-08-27 10:39:37","modified_utc":"2026-08-27 08:39:37","url":"https:\/\/escenanorte.com\/es\/evento\/esto-es-un-poema-violeta-y-pendula-la-rioja\/","rest_url":"https:\/\/escenanorte.com\/es\/wp-json\/tribe\/events\/v1\/events\/81896","title":"Esto es un poema | Violeta y P\u00e9ndula, La Rioja","description":"<h5 class=\"wp-block-heading\"><strong>Tipo: Teatro, t\u00edteres y nuevo circo<\/strong><\/h5>\n<ul class=\"wp-block-list\">\n<li class=\"has-small-font-size\"><strong>P\u00fablico: Todos los p\u00fablicos<\/strong><\/li>\n<li class=\"has-small-font-size\"><strong>Duraci\u00f3n: 60\u2019<\/strong><\/li>\n<li class=\"has-small-font-size\"><strong>Idioma: Castellano <\/strong><\/li>\n<li class=\"has-small-font-size\"><strong>Estreno: 7 de octubre de 2018. Teatro Municipal. Los Titiriteros de Bin\u00e9far, Bin\u00e9far (Huesca) \u2013 Arag\u00f3n<\/strong><\/li>\n<\/ul>\n<div class=\"uk-panel uk-margin uk-scrollspy-inview\" uk-scrollspy-class=\"\">\n<div class=\"wp-block-columns is-layout-flex wp-container-core-columns-is-layout-8f761849 wp-block-columns-is-layout-flex\">\n<div class=\"wp-block-column is-layout-flow wp-block-column-is-layout-flow\">\n<p class=\"wp-block-paragraph\"><strong>La uni\u00f3n de esfuerzos de la experimentada compa\u00f1\u00eda Los Titiriteros de Bin\u00e9far y la joven compa\u00f1\u00eda Violeta y P\u00e9ndula da como resultado esta disparatada y divertida historia de t\u00edteres y clown, que no dejar\u00e1 indiferente al p\u00fablico joven.<\/strong><\/p>\n<p class=\"wp-block-paragraph\"><strong>Verduras que quieren escapar de la nevera y recorrer mundo; dos amigas que compiten por un primer puesto en un concurso de poemas y un final inesperado que nos sugiere la necesidad de aprender a disfrutar m\u00e1s de la vida y ayudar al amigo acept\u00e1ndole tal y como es.<\/strong><\/p>\n<p class=\"wp-block-paragraph\">En 2015, <strong>Violeta y P\u00e9ndula<\/strong> gana el Concurso Nacional de Payasos de Xirivella con su n\u00famero \u2018Hemos venido a ganar\u2019. En sus espect\u00e1culos incluyen tambi\u00e9n los t\u00edteres.<\/p>\n<p class=\"wp-block-paragraph\">Cuentan con Paco Paricio, de Los Titiriteros de Bin\u00e9far, para que les dirija el espect\u00e1culo \u2018Esto es un poema\u2019.<\/p>\n<p class=\"wp-block-paragraph\">Han actuado en el Festival de T\u00edteres de Logro\u00f1o, Mostreta Escolar de Xirivella, Territorio Goya, programaciones de Castilla y Le\u00f3n, Cucha de \u00dabeda y Festival Menudo Teatro.<\/p>\n<p class=\"wp-block-paragraph\">La compa\u00f1\u00eda est\u00e1 en continua b\u00fasqueda y conocimiento de nuevos lenguajes art\u00edsticos. Durante la pandemia descubren la t\u00e9cnica Lambe Lambe y crean su primera historia, con la que han tenido muy buena acogida y participado en festivales como Escenarios Ins\u00f3litos de Actual, Festival 150 gr y Jornadas Monstrenkas de Vitoria.<\/p>\n<p><strong><span style=\"color: #339966;\">\u24d8 Entrada libre hasta completar aforo. Lugar recogida de invitaciones, <a style=\"color: #339966;\" href=\"https:\/\/entradas.turismoasturias.es\/es\">https:\/\/entradas.turismoasturias.es\/es<\/a> y en taquilla<\/span><\/strong><\/p>\n<div class=\"epyt-video-wrapper\"><iframe loading=\"lazy\"  id=\"_ytid_20432\"  width=\"800\" height=\"450\"  data-origwidth=\"800\" data-origheight=\"450\"  data-relstop=\"1\" src=\"https:\/\/www.youtube-nocookie.com\/embed\/7PT41nJBZYM?enablejsapi=1&#038;origin=https:\/\/escenanorte.com&#038;autoplay=0&#038;cc_load_policy=1&#038;cc_lang_pref=es&#038;iv_load_policy=1&#038;loop=0&#038;rel=0&#038;fs=1&#038;playsinline=0&#038;autohide=2&#038;hl=es_ES&#038;theme=dark&#038;color=red&#038;controls=1&#038;disablekb=0&#038;\" class=\"__youtube_prefs__  epyt-is-override  no-lazyload\" title=\"YouTube player\"  allow=\"fullscreen; accelerometer; autoplay; clipboard-write; encrypted-media; gyroscope; picture-in-picture; web-share\" referrerpolicy=\"strict-origin-when-cross-origin\" allowfullscreen data-no-lazy=\"1\" data-skipgform_ajax_framebjll=\"\"><\/iframe><\/div>\n<\/div>\n<\/div>\n<\/div>","excerpt":"","slug":"esto-es-un-poema-violeta-y-pendula-la-rioja","image":{"url":"https:\/\/escenanorte.com\/wp-content\/uploads\/2026\/06\/1-@Andres-Hernandez-Pena.jpg","id":81375,"extension":"jpg","width":2048,"height":1365,"filesize":159104,"sizes":{"medium":{"width":300,"height":200,"mime-type":"image\/jpeg","filesize":13744,"url":"https:\/\/escenanorte.com\/wp-content\/uploads\/2026\/06\/1-@Andres-Hernandez-Pena-300x200.jpg"},"large":{"width":1024,"height":683,"mime-type":"image\/jpeg","filesize":72653,"url":"https:\/\/escenanorte.com\/wp-content\/uploads\/2026\/06\/1-@Andres-Hernandez-Pena-1024x683.jpg"},"thumbnail":{"width":150,"height":150,"mime-type":"image\/jpeg","filesize":8501,"url":"https:\/\/escenanorte.com\/wp-content\/uploads\/2026\/06\/1-@Andres-Hernandez-Pena-150x150.jpg"},"medium_large":{"width":768,"height":512,"mime-type":"image\/jpeg","filesize":47111,"url":"https:\/\/escenanorte.com\/wp-content\/uploads\/2026\/06\/1-@Andres-Hernandez-Pena-768x512.jpg"},"1536x1536":{"width":1536,"height":1024,"mime-type":"image\/jpeg","filesize":133652,"url":"https:\/\/escenanorte.com\/wp-content\/uploads\/2026\/06\/1-@Andres-Hernandez-Pena-1536x1024.jpg"}}},"all_day":false,"start_date":"2026-09-20 18:00:00","start_date_details":{"year":"2026","month":"09","day":"20","hour":"18","minutes":"00","seconds":"00"},"end_date":"2026-09-20 19:00:00","end_date_details":{"year":"2026","month":"09","day":"20","hour":"19","minutes":"00","seconds":"00"},"utc_start_date":"2026-09-20 16:00:00","utc_start_date_details":{"year":"2026","month":"09","day":"20","hour":"16","minutes":"00","seconds":"00"},"utc_end_date":"2026-09-20 17:00:00","utc_end_date_details":{"year":"2026","month":"09","day":"20","hour":"17","minutes":"00","seconds":"00"},"timezone":"Europe\/Madrid","timezone_abbr":"CEST","cost":"Entrada libre hasta completar aforo","cost_details":{"currency_symbol":"\u20ac","currency_code":"EUR","currency_position":"suffix","values":["0"]},"website":"https:\/\/entradas.turismoasturias.es\/es","show_map":true,"show_map_link":true,"hide_from_listings":false,"sticky":true,"featured":true,"categories":[{"name":"Constelaciones Asturias","slug":"constelaciones-asturias","term_group":0,"term_taxonomy_id":381,"taxonomy":"tribe_events_cat","description":"","parent":0,"count":10,"filter":"raw","id":381,"urls":{"self":"https:\/\/escenanorte.com\/es\/wp-json\/tribe\/events\/v1\/categories\/381","collection":"https:\/\/escenanorte.com\/es\/wp-json\/tribe\/events\/v1\/categories"}}],"tags":[],"venue":{"id":81900,"author":"1","status":"publish","date":"2026-08-26 12:44:15","date_utc":"2026-08-26 10:44:15","modified":"2026-08-27 19:20:52","modified_utc":"2026-08-27 17:20:52","url":"https:\/\/escenanorte.com\/es\/lugar\/teatro-la-laboral\/","venue":"Teatro La Laboral","description":"<p>Laboral Ciudad de la Cultura es el resultado de un proyecto de transformaci\u00f3n que el Gobierno del Principado de Asturias acometi\u00f3 en 2001 con el fin de dar nueva vida al edificio de la antigua Universidad Laboral de Gij\u00f3n.<\/p>\n<p>El proyecto vio la luz en marzo de 2007: nac\u00eda Laboral Ciudad de la Cultura, una ciudad cultural del siglo XXI, abierta plural, en la que hay espacio para todo tipo de espect\u00e1culos y propuestas de ocio.<\/p>\n<p>La sede de Radiotelevisi\u00f3n del Principado de Asturias en el antiguo Convento de las Clarisas, LABoral Centro de Arte y Creaci\u00f3n Industrial, el Centro Integrado de Formaci\u00f3n Profesional, el Patio Corintio que alberga la Tienda, la Torre, la Escuela de Arte Dram\u00e1tico y Profesional de Danza, la Iglesia, el Caf\u00e9, el Teatro, el Paraninfo y la Facultad de Comercio, Turismo y Ciencias Sociales &#8220;Jovellanos&#8221;, son algunos de los espacios que tienen su sede en la Ciudad de la Cultura.<\/p>\n<p>La tarea de recuperaci\u00f3n del monumental edificio con nuevos usos relacionados con la cultura, la formaci\u00f3n y la creaci\u00f3n, a\u00fan est\u00e1 en marcha, en un apasionante proceso que no cesa y en el que nuevos espacios se ir\u00e1n sumando de forma paulatina hasta completar una ciudad singular.<\/p>","slug":"teatro-la-laboral","image":{"url":"https:\/\/escenanorte.com\/wp-content\/uploads\/2026\/08\/teatro-laboral-baja.jpg","id":81902,"extension":"jpg","width":1920,"height":750,"filesize":319471,"sizes":{"medium":{"width":300,"height":117,"mime-type":"image\/jpeg","filesize":12784,"url":"https:\/\/escenanorte.com\/wp-content\/uploads\/2026\/08\/teatro-laboral-baja-300x117.jpg"},"large":{"width":1024,"height":400,"mime-type":"image\/jpeg","filesize":111371,"url":"https:\/\/escenanorte.com\/wp-content\/uploads\/2026\/08\/teatro-laboral-baja-1024x400.jpg"},"thumbnail":{"width":150,"height":150,"mime-type":"image\/jpeg","filesize":8141,"url":"https:\/\/escenanorte.com\/wp-content\/uploads\/2026\/08\/teatro-laboral-baja-150x150.jpg"},"medium_large":{"width":768,"height":300,"mime-type":"image\/jpeg","filesize":66955,"url":"https:\/\/escenanorte.com\/wp-content\/uploads\/2026\/08\/teatro-laboral-baja-768x300.jpg"},"1536x1536":{"width":1536,"height":600,"mime-type":"image\/jpeg","filesize":228260,"url":"https:\/\/escenanorte.com\/wp-content\/uploads\/2026\/08\/teatro-laboral-baja-1536x600.jpg"}}},"address":"C. Luis Moya Blanco 121","city":"Gij\u00f3n","province":"Oviedo","zip":"33394","website":"http:\/\/www.laboralciudaddelacultura.com\/","stateprovince":"Oviedo","json_ld":{"@type":"Place","name":"Teatro La Laboral","description":"&lt;p&gt;Laboral Ciudad de la Cultura es el resultado de un proyecto de transformaci\u00f3n que el Gobierno del Principado de Asturias acometi\u00f3 en 2001 con el fin de dar nueva vida [&hellip;]&lt;\/p&gt;\\n","image":"https:\/\/escenanorte.com\/wp-content\/uploads\/2026\/08\/teatro-laboral-baja.jpg","url":"","address":{"@type":"PostalAddress","streetAddress":"C. Luis Moya Blanco 121","addressLocality":"Gij\u00f3n","addressRegion":"Oviedo","postalCode":"33394"},"telephone":"","sameAs":"http:\/\/www.laboralciudaddelacultura.com\/"},"show_map":true,"show_map_link":true,"global_id":"escenanorte.com\/es\/?id=81900","global_id_lineage":["escenanorte.com\/es\/?id=81900"]},"organizer":[],"custom_fields":[],"json_ld":{"@context":"http:\/\/schema.org","@type":"Event","name":"Esto es un poema | Violeta y P\u00e9ndula, La Rioja","description":"&lt;p&gt;Tipo: Teatro, t\u00edteres y nuevo circo P\u00fablico: Todos los p\u00fablicos Duraci\u00f3n: 60\u2019 Idioma: Castellano Estreno: 7 de octubre de 2018. Teatro Municipal. Los Titiriteros de Bin\u00e9far, Bin\u00e9far (Huesca) \u2013 Arag\u00f3n [&hellip;]&lt;\/p&gt;\\n","image":"https:\/\/escenanorte.com\/wp-content\/uploads\/2026\/06\/1-@Andres-Hernandez-Pena.jpg","url":"https:\/\/escenanorte.com\/es\/evento\/esto-es-un-poema-violeta-y-pendula-la-rioja\/","eventAttendanceMode":"https:\/\/schema.org\/OfflineEventAttendanceMode","eventStatus":"https:\/\/schema.org\/EventScheduled","startDate":"2026-09-20T18:00:00+02:00","endDate":"2026-09-20T19:00:00+02:00","location":{"@type":"Place","name":"Teatro La Laboral","description":"&lt;p&gt;Laboral Ciudad de la Cultura es el resultado de un proyecto de transformaci\u00f3n que el Gobierno del Principado de Asturias acometi\u00f3 en 2001 con el fin de dar nueva vida [&hellip;]&lt;\/p&gt;\\n","image":"https:\/\/escenanorte.com\/wp-content\/uploads\/2026\/08\/teatro-laboral-baja.jpg","url":"","address":{"@type":"PostalAddress","streetAddress":"C. Luis Moya Blanco 121","addressLocality":"Gij\u00f3n","addressRegion":"Oviedo","postalCode":"33394"},"telephone":"","sameAs":"http:\/\/www.laboralciudaddelacultura.com\/"},"offers":{"@type":"Offer","price":"0","priceCurrency":"EUR","url":"https:\/\/escenanorte.com\/es\/evento\/esto-es-un-poema-violeta-y-pendula-la-rioja\/","category":"primary","availability":"inStock","validFrom":"1970-01-01T00:00:00+00:00"},"performer":"Organization"}}