{"id":81259,"date":"2026-06-25T12:31:24","date_gmt":"2026-06-25T10:31:24","guid":{"rendered":"https:\/\/escenanorte.com\/?p=81259"},"modified":"2026-08-24T19:43:20","modified_gmt":"2026-08-24T17:43:20","slug":"elektrical-body","status":"publish","type":"post","link":"https:\/\/escenanorte.com\/ast\/elektrical-body\/","title":{"rendered":"Elektrical Body"},"content":{"rendered":"\n<div class=\"wp-block-columns is-layout-flex wp-container-core-columns-is-layout-8f761849 wp-block-columns-is-layout-flex\">\n<div class=\"wp-block-column is-layout-flow wp-block-column-is-layout-flow\" style=\"flex-basis:70%\">\n<p class=\"wp-block-paragraph\"><strong>En \u2018Elektrical Body\u2019 queremos traducir al movimientu la guapura de la fuercia electromagn\u00e9tico. Inspir\u00e1mosnos nos principios f\u00edsicos d\u2018esta fuercia para faer un percorr\u00edu al travi\u00e9s de la danza: dende\u2019l choque de part\u00edcules de los diagrames de Feynman, pasando pela busca f\u00edsica de los circuitos electromagn\u00e9ticos del cuerpu, hasta les composiciones de les aves migratories que s\u2019empobinen pelos campos magn\u00e9ticos del planeta.<\/strong><\/p>\n\n\n\n<p class=\"wp-block-paragraph\"><strong>D\u00ednamo<\/strong> ye una compa\u00f1\u00eda de danza y artes del movimientu que naz como plataforma d\u2019investigaci\u00f3n ya intercambiu ente diversos llinguaxes art\u00edsticos col env\u00eds de crear poes\u00eda al travi\u00e9s del cuerpu en movimientu. Queremos xenerar un di\u00e1logu, nel que cada integrante apurre dende la so esperiencia en pos del trabayu com\u00fan.<\/p>\n\n\n\n<p class=\"wp-block-paragraph\">Naci\u00f3 en 2013 con sede en Pamplona y, de magar, creemos propuestes en dellos formatos que se presentaron en festivales nacionales ya internacionales.<\/p>\n\n\n\n<p class=\"wp-block-paragraph\">En 2020, xunto con Joaqu\u00edn Sevilla, f\u00edsicu y divulgador cient\u00edficu, \u00e1brese una ll\u00ednea d\u2019investigaci\u00f3n que pon en di\u00e1logu ciencia y arte.<\/p>\n\n\n\n<p class=\"wp-block-paragraph\">A partir de fundamentos cient\u00edficos y pr\u00e1ctica art\u00edstica, el retu ye construyir la percepci\u00f3n del cuerpu como una entid\u00e1 enerx\u00e9tica.<\/p>\n\n\n\n<hr class=\"wp-block-separator has-text-color has-alpha-channel-opacity has-background is-style-default\" style=\"background-color:#a8c516;color:#a8c516\"\/>\n\n\n\n<figure class=\"wp-block-embed is-type-video is-provider-youtube wp-block-embed-youtube wp-embed-aspect-16-9 wp-has-aspect-ratio\"><div class=\"wp-block-embed__wrapper\">\n<div class=\"epyt-video-wrapper\"><iframe loading=\"lazy\"  id=\"_ytid_78728\"  width=\"800\" height=\"450\"  data-origwidth=\"800\" data-origheight=\"450\"  data-relstop=\"1\" src=\"https:\/\/www.youtube-nocookie.com\/embed\/E5iRVpxCCLc?enablejsapi=1&#038;origin=https:\/\/escenanorte.com&#038;autoplay=0&#038;cc_load_policy=1&#038;cc_lang_pref=es&#038;iv_load_policy=1&#038;loop=0&#038;rel=0&#038;fs=1&#038;playsinline=0&#038;autohide=2&#038;hl=ast_ES&#038;theme=dark&#038;color=red&#038;controls=1&#038;disablekb=0&#038;\" class=\"__youtube_prefs__  epyt-is-override  no-lazyload\" title=\"YouTube player\"  allow=\"fullscreen; accelerometer; autoplay; clipboard-write; encrypted-media; gyroscope; picture-in-picture; web-share\" referrerpolicy=\"strict-origin-when-cross-origin\" allowfullscreen data-no-lazy=\"1\" data-skipgform_ajax_framebjll=\"\"><\/iframe><\/div>\n<\/div><\/figure>\n<\/div>\n\n\n\n<div class=\"wp-block-column is-layout-flow wp-block-column-is-layout-flow\" style=\"flex-basis:30%\">\n<h5 class=\"wp-block-heading\"><strong>Tipu: Danza<\/strong><\/h5>\n\n\n\n<ul class=\"wp-block-list\">\n<li class=\"has-small-font-size\"><strong>Tolos p\u00fablicos<\/strong><\/li>\n\n\n\n<li class=\"has-small-font-size\"><strong>Duraci\u00f3n: 57\u2019<\/strong><\/li>\n\n\n\n<li class=\"has-small-font-size\"><strong>Idioma: Ensin testu<\/strong><\/li>\n\n\n\n<li class=\"has-small-font-size\"><strong>Estrena: 21 d\u2019abril de 2021.<br>Teatru Gayarre,<br>Pamplona &#8211; Navarra<\/strong><\/li>\n<\/ul>\n\n\n\n<hr class=\"wp-block-separator has-text-color has-alpha-channel-opacity has-background is-style-default\" style=\"background-color:#a8c516;color:#a8c516\"\/>\n\n\n\n<h5 class=\"wp-block-heading\"><strong>Contacto:<\/strong><\/h5>\n\n\n\n<ul class=\"wp-block-list has-small-font-size\">\n<li>Carmen Larraz<\/li>\n\n\n\n<li>Tel.: 633 436 455<\/li>\n\n\n\n<li>C\/ del Carmen, 11. 31001 Pamplona &#8211; Navarra<\/li>\n\n\n\n<li><strong><a href=\"mailto:dinamodanza@gmail.com\" target=\"_blank\" rel=\"noreferrer noopener\">correo-e<\/a><\/strong><\/li>\n\n\n\n<li><strong><a href=\"https:\/\/www.dinamodanza.com\" target=\"_blank\" rel=\"noreferrer noopener\">web<\/a><\/strong><\/li>\n<\/ul>\n\n\n\n<hr class=\"wp-block-separator has-text-color has-alpha-channel-opacity has-background is-style-default\" style=\"background-color:#a8c516;color:#a8c516\"\/>\n\n\n\n<figure data-wp-context=\"{&quot;galleryId&quot;:&quot;6a9cec0c1d8d3&quot;}\" data-wp-interactive=\"core\/gallery\" class=\"wp-block-gallery has-nested-images columns-1 is-cropped wp-block-gallery-1 is-layout-flex wp-block-gallery-is-layout-flex\">\n<figure data-wp-context=\"{&quot;imageId&quot;:&quot;6a9cec0c215a1&quot;}\" data-wp-interactive=\"core\/image\" data-wp-key=\"6a9cec0c215a1\" class=\"wp-block-image size-full wp-lightbox-container\"><img loading=\"lazy\" decoding=\"async\" width=\"2560\" height=\"1707\" data-wp-class--hide=\"state.isContentHidden\" data-wp-class--show=\"state.isContentVisible\" data-wp-init=\"callbacks.setButtonStyles\" data-wp-on--click=\"actions.showLightbox\" data-wp-on--load=\"callbacks.setButtonStyles\" data-wp-on--pointerdown=\"actions.preloadImage\" data-wp-on--pointerenter=\"actions.preloadImageWithDelay\" data-wp-on--pointerleave=\"actions.cancelPreload\" data-wp-on-window--resize=\"callbacks.setButtonStyles\" data-id=\"81363\" src=\"https:\/\/escenanorte.com\/wp-content\/uploads\/2026\/06\/ElectrikalBody2020\u00a9BeniaminBoar-5-1-2-3-1-1-1-scaled.jpg\" alt=\"\" class=\"wp-image-81363\" srcset=\"https:\/\/escenanorte.com\/wp-content\/uploads\/2026\/06\/ElectrikalBody2020\u00a9BeniaminBoar-5-1-2-3-1-1-1-scaled.jpg 2560w, https:\/\/escenanorte.com\/wp-content\/uploads\/2026\/06\/ElectrikalBody2020\u00a9BeniaminBoar-5-1-2-3-1-1-1-300x200.jpg 300w, https:\/\/escenanorte.com\/wp-content\/uploads\/2026\/06\/ElectrikalBody2020\u00a9BeniaminBoar-5-1-2-3-1-1-1-1024x683.jpg 1024w, https:\/\/escenanorte.com\/wp-content\/uploads\/2026\/06\/ElectrikalBody2020\u00a9BeniaminBoar-5-1-2-3-1-1-1-768x512.jpg 768w, https:\/\/escenanorte.com\/wp-content\/uploads\/2026\/06\/ElectrikalBody2020\u00a9BeniaminBoar-5-1-2-3-1-1-1-1536x1024.jpg 1536w, https:\/\/escenanorte.com\/wp-content\/uploads\/2026\/06\/ElectrikalBody2020\u00a9BeniaminBoar-5-1-2-3-1-1-1-2048x1365.jpg 2048w\" sizes=\"(max-width: 2560px) 100vw, 2560px\" \/><button\n\t\t\tclass=\"lightbox-trigger\"\n\t\t\ttype=\"button\"\n\t\t\taria-haspopup=\"dialog\"\n\t\t\tdata-wp-bind--aria-label=\"state.thisImage.triggerButtonAriaLabel\"\n\t\t\tdata-wp-init=\"callbacks.initTriggerButton\"\n\t\t\tdata-wp-on--click=\"actions.showLightbox\"\n\t\t\tdata-wp-style--right=\"state.thisImage.buttonRight\"\n\t\t\tdata-wp-style--top=\"state.thisImage.buttonTop\"\n\t\t>\n\t\t\t<svg xmlns=\"http:\/\/www.w3.org\/2000\/svg\" width=\"12\" height=\"12\" fill=\"none\" viewBox=\"0 0 12 12\">\n\t\t\t\t<path fill=\"#fff\" d=\"M2 0a2 2 0 0 0-2 2v2h1.5V2a.5.5 0 0 1 .5-.5h2V0H2Zm2 10.5H2a.5.5 0 0 1-.5-.5V8H0v2a2 2 0 0 0 2 2h2v-1.5ZM8 12v-1.5h2a.5.5 0 0 0 .5-.5V8H12v2a2 2 0 0 1-2 2H8Zm2-12a2 2 0 0 1 2 2v2h-1.5V2a.5.5 0 0 0-.5-.5H8V0h2Z\" \/>\n\t\t\t<\/svg>\n\t\t<\/button><\/figure>\n\n\n\n<figure data-wp-context=\"{&quot;imageId&quot;:&quot;6a9cec0c21d35&quot;}\" data-wp-interactive=\"core\/image\" data-wp-key=\"6a9cec0c21d35\" class=\"wp-block-image size-large wp-lightbox-container\"><img loading=\"lazy\" decoding=\"async\" width=\"1024\" height=\"681\" data-wp-class--hide=\"state.isContentHidden\" data-wp-class--show=\"state.isContentVisible\" data-wp-init=\"callbacks.setButtonStyles\" data-wp-on--click=\"actions.showLightbox\" data-wp-on--load=\"callbacks.setButtonStyles\" data-wp-on--pointerdown=\"actions.preloadImage\" data-wp-on--pointerenter=\"actions.preloadImageWithDelay\" data-wp-on--pointerleave=\"actions.cancelPreload\" data-wp-on-window--resize=\"callbacks.setButtonStyles\" data-id=\"81364\" src=\"https:\/\/escenanorte.com\/wp-content\/uploads\/2026\/06\/ElectrikalBody2020\u00a9BeniaminBoar-7-1-1024x681.jpg\" alt=\"\" class=\"wp-image-81364\" srcset=\"https:\/\/escenanorte.com\/wp-content\/uploads\/2026\/06\/ElectrikalBody2020\u00a9BeniaminBoar-7-1-1024x681.jpg 1024w, https:\/\/escenanorte.com\/wp-content\/uploads\/2026\/06\/ElectrikalBody2020\u00a9BeniaminBoar-7-1-300x200.jpg 300w, https:\/\/escenanorte.com\/wp-content\/uploads\/2026\/06\/ElectrikalBody2020\u00a9BeniaminBoar-7-1-768x511.jpg 768w, https:\/\/escenanorte.com\/wp-content\/uploads\/2026\/06\/ElectrikalBody2020\u00a9BeniaminBoar-7-1-1536x1022.jpg 1536w, https:\/\/escenanorte.com\/wp-content\/uploads\/2026\/06\/ElectrikalBody2020\u00a9BeniaminBoar-7-1-2048x1363.jpg 2048w\" sizes=\"(max-width: 1024px) 100vw, 1024px\" \/><button\n\t\t\tclass=\"lightbox-trigger\"\n\t\t\ttype=\"button\"\n\t\t\taria-haspopup=\"dialog\"\n\t\t\tdata-wp-bind--aria-label=\"state.thisImage.triggerButtonAriaLabel\"\n\t\t\tdata-wp-init=\"callbacks.initTriggerButton\"\n\t\t\tdata-wp-on--click=\"actions.showLightbox\"\n\t\t\tdata-wp-style--right=\"state.thisImage.buttonRight\"\n\t\t\tdata-wp-style--top=\"state.thisImage.buttonTop\"\n\t\t>\n\t\t\t<svg xmlns=\"http:\/\/www.w3.org\/2000\/svg\" width=\"12\" height=\"12\" fill=\"none\" viewBox=\"0 0 12 12\">\n\t\t\t\t<path fill=\"#fff\" d=\"M2 0a2 2 0 0 0-2 2v2h1.5V2a.5.5 0 0 1 .5-.5h2V0H2Zm2 10.5H2a.5.5 0 0 1-.5-.5V8H0v2a2 2 0 0 0 2 2h2v-1.5ZM8 12v-1.5h2a.5.5 0 0 0 .5-.5V8H12v2a2 2 0 0 1-2 2H8Zm2-12a2 2 0 0 1 2 2v2h-1.5V2a.5.5 0 0 0-.5-.5H8V0h2Z\" \/>\n\t\t\t<\/svg>\n\t\t<\/button><\/figure>\n<\/figure>\n\n\n\n<hr class=\"wp-block-separator has-text-color has-alpha-channel-opacity has-background is-style-default\" style=\"background-color:#a8c516;color:#a8c516\"\/>\n\n\n\n<div  class=\"tribe-compatibility-container\" >\n\t<div\n\t\t class=\"tribe-common tribe-events tribe-events-view tribe-events-view--widget-events-list tribe-events-widget\" \t\tdata-js=\"tribe-events-view\"\n\t\tdata-view-rest-url=\"https:\/\/escenanorte.com\/ast\/wp-json\/tribe\/views\/v2\/html\"\n\t\tdata-view-manage-url=\"1\"\n\t\t\t\t\t\t\tdata-view-breakpoint-pointer=\"8f27136d-0c3c-4e77-b8d1-bbf9f6c308a4\"\n\t\t\t>\n\t\t<div class=\"tribe-events-widget-events-list\">\n\n\t\t\t<script type=\"application\/ld+json\">\r\n[{\"@context\":\"http:\/\/schema.org\",\"@type\":\"Event\",\"name\":\"Construyendo la carcasa: el trabajo f\\u00edsico en la interpretaci\\u00f3n textual | Taller\",\"description\":\"&lt;p&gt;Taller \\u2018CONSTRUYENDO LA CARCASA: EL TRABAJO F\\u00cdSICO EN LA INTERPRETACI\\u00d3N TEXTUAL\\u2019, impartido por Sandro Cordero en relaci\\u00f3n al espect\\u00e1culo \\u2018Atra Bilis\\u2019 de Hilo Producciones (CAN). \\u24d8 Inscripciones: https:\/\/mutefestival.com\/&lt;\/p&gt;\\\\n\",\"image\":\"https:\/\/escenanorte.com\/wp-content\/uploads\/2026\/06\/2.Atrabilis_AureogomeZ-scaled.jpg\",\"url\":\"https:\/\/escenanorte.com\/ast\/evento\/construyendo-la-carcasa-el-trabajo-fisico-en-la-interpretacion-textual-taller\/\",\"eventAttendanceMode\":\"https:\/\/schema.org\/OfflineEventAttendanceMode\",\"eventStatus\":\"https:\/\/schema.org\/EventScheduled\",\"startDate\":\"2026-09-06T10:00:00+02:00\",\"endDate\":\"2026-09-06T13:00:00+02:00\",\"location\":{\"@type\":\"Place\",\"name\":\"El Taller de la Danza\",\"description\":\"\",\"image\":\"https:\/\/escenanorte.com\/wp-content\/uploads\/2026\/08\/Taller-Danza.jpg\",\"url\":\"\",\"address\":{\"@type\":\"PostalAddress\",\"streetAddress\":\"Calle la Cadena 41\",\"addressLocality\":\"Varea\",\"addressRegion\":\"La Rioja\",\"postalCode\":\"26006\"},\"telephone\":\"\",\"sameAs\":\"https:\/\/eltallerdeladanza.com\"},\"performer\":\"Organization\"},{\"@context\":\"http:\/\/schema.org\",\"@type\":\"Event\",\"name\":\"Ardatzak \/ Ejes | Zirkozaurre,  Euskadi\",\"description\":\"&lt;p&gt;Tipo: Circo P\\u00fablico: Todos los p\\u00fablicos Duraci\\u00f3n: 50\\u2019 Idioma: Castellano \\u2013 Euskera Estreno: 15 de mayo de 2025. Umore Azoka, Leioa (Bizkaia) \\u2013 Euskadi Y para ti, \\u00bfqu\\u00e9 es un [&hellip;]&lt;\/p&gt;\\\\n\",\"image\":\"https:\/\/escenanorte.com\/wp-content\/uploads\/2026\/06\/Ardatzak_Ejes_Zirkozaurre01-@Juankar-Garcia.jpg\",\"url\":\"https:\/\/escenanorte.com\/ast\/evento\/ardatzak-ejes-zirkozaurre-euskadi\/\",\"eventAttendanceMode\":\"https:\/\/schema.org\/OfflineEventAttendanceMode\",\"eventStatus\":\"https:\/\/schema.org\/EventScheduled\",\"startDate\":\"2026-09-18T19:00:00+02:00\",\"endDate\":\"2026-09-18T19:50:00+02:00\",\"location\":{\"@type\":\"Place\",\"name\":\"Parque Gallarza\",\"description\":\"\",\"image\":\"https:\/\/escenanorte.com\/wp-content\/uploads\/2026\/08\/Parque-GALLARZA.jpeg\",\"url\":\"\",\"address\":{\"@type\":\"PostalAddress\",\"streetAddress\":\"Avenida P\\u00e9rez Gald\\u00f3s, 17\",\"addressLocality\":\"Logro\\u00f1o\",\"addressRegion\":\"La Rioja\",\"postalCode\":\"26002\"},\"telephone\":\"\",\"sameAs\":\"\"},\"offers\":{\"@type\":\"Offer\",\"price\":\"0\",\"priceCurrency\":\"EUR\",\"url\":\"https:\/\/escenanorte.com\/ast\/evento\/ardatzak-ejes-zirkozaurre-euskadi\/\",\"category\":\"primary\",\"availability\":\"inStock\",\"validFrom\":\"1970-01-01T00:00:00+00:00\"},\"performer\":\"Organization\"},{\"@context\":\"http:\/\/schema.org\",\"@type\":\"Event\",\"name\":\"Esto es un poema | Violeta y P\\u00e9ndula, La Rioja\",\"description\":\"&lt;p&gt;Tipo: Teatro, t\\u00edteres y nuevo circo P\\u00fablico: Todos los p\\u00fablicos Duraci\\u00f3n: 60\\u2019 Idioma: Castellano Estreno: 7 de octubre de 2018. Teatro Municipal. Los Titiriteros de Bin\\u00e9far, Bin\\u00e9far (Huesca) \\u2013 Arag\\u00f3n [&hellip;]&lt;\/p&gt;\\\\n\",\"image\":\"https:\/\/escenanorte.com\/wp-content\/uploads\/2026\/06\/1-@Andres-Hernandez-Pena.jpg\",\"url\":\"https:\/\/escenanorte.com\/ast\/evento\/esto-es-un-poema-violeta-y-pendula-la-rioja-3\/\",\"eventAttendanceMode\":\"https:\/\/schema.org\/OfflineEventAttendanceMode\",\"eventStatus\":\"https:\/\/schema.org\/EventScheduled\",\"startDate\":\"2026-09-19T17:00:00+02:00\",\"endDate\":\"2026-09-19T18:00:00+02:00\",\"location\":{\"@type\":\"Place\",\"name\":\"Palacio de Festivales de Cantabria &#8211; Sala Pereda\",\"description\":\"&lt;p&gt;El Palacio de Festivales de Cantabria, situado frente a la bah\\u00eda de Santander, es un emblem\\u00e1tico auditorio de la capital de la comunidad de Cantabria, que se ha convertido en [&hellip;]&lt;\/p&gt;\\\\n\",\"image\":\"https:\/\/escenanorte.com\/wp-content\/uploads\/2020\/08\/3Z8T3598p.jpg\",\"url\":\"\",\"address\":{\"@type\":\"PostalAddress\",\"streetAddress\":\"Gamazo s\/n\",\"addressLocality\":\"Santander\",\"addressRegion\":\"Cantabria\",\"postalCode\":\"39004\",\"addressCountry\":\"Espa\\u00f1a\"},\"telephone\":\"\",\"sameAs\":\"https:\/\/palaciofestivales.com\/\"},\"offers\":{\"@type\":\"Offer\",\"price\":\"6 \\u2013 8\",\"priceCurrency\":\"EUR\",\"url\":\"https:\/\/escenanorte.com\/ast\/evento\/esto-es-un-poema-violeta-y-pendula-la-rioja-3\/\",\"category\":\"primary\",\"availability\":\"inStock\",\"validFrom\":\"1970-01-01T00:00:00+00:00\"},\"performer\":\"Organization\"},{\"@context\":\"http:\/\/schema.org\",\"@type\":\"Event\",\"name\":\"Non pasar\\u00e1n |  \\u00c1rtika C\\u00eda, Galicia\",\"description\":\"&lt;p&gt;Tipo: Teatro P\\u00fablico: Adolescente + Adulto Duraci\\u00f3n: 75\\u2019 Idioma: Castellano \\u2013 Gallego Estreno: 23 de noviembre del 2024. Sala \\u00c1rtika, Vigo (Pontevedra) Galicia \\u2018Non pasar\\u00e1n\\u2019 se desarrolla en un pa\\u00eds\/lugar [&hellip;]&lt;\/p&gt;\\\\n\",\"image\":\"https:\/\/escenanorte.com\/wp-content\/uploads\/2026\/06\/1-No-Pasaran_A9A3891\\u00a9-Vanessa-Rabade_.jpg\",\"url\":\"https:\/\/escenanorte.com\/ast\/evento\/non-pasaran-artika-cia-galicia-2\/\",\"eventAttendanceMode\":\"https:\/\/schema.org\/OfflineEventAttendanceMode\",\"eventStatus\":\"https:\/\/schema.org\/EventScheduled\",\"startDate\":\"2026-09-19T19:00:00+02:00\",\"endDate\":\"2026-09-19T20:15:00+02:00\",\"location\":{\"@type\":\"Place\",\"name\":\"Antiguas Escuelas de Orejo\",\"description\":\"&lt;p&gt;Marina de Cudeyo&lt;\/p&gt;\\\\n\",\"url\":\"\",\"address\":{\"@type\":\"PostalAddress\",\"streetAddress\":\"Orejo\",\"addressLocality\":\"Marina de Cudeyo\",\"addressRegion\":\"Cantabria\",\"postalCode\":\"39719\"},\"telephone\":\"\",\"sameAs\":\"https:\/\/marinadecudeyo.com\/ayto\/tag\/teatro-las-escuelas\/\"},\"offers\":{\"@type\":\"Offer\",\"price\":\"0\",\"priceCurrency\":\"EUR\",\"url\":\"https:\/\/escenanorte.com\/ast\/evento\/non-pasaran-artika-cia-galicia-2\/\",\"category\":\"primary\",\"availability\":\"inStock\",\"validFrom\":\"1970-01-01T00:00:00+00:00\"},\"performer\":\"Organization\"},{\"@context\":\"http:\/\/schema.org\",\"@type\":\"Event\",\"name\":\"Esto es un poema | Violeta y P\\u00e9ndula, La Rioja\",\"description\":\"&lt;p&gt;Tipo: Teatro, t\\u00edteres y nuevo circo P\\u00fablico: Todos los p\\u00fablicos Duraci\\u00f3n: 60\\u2019 Idioma: Castellano Estreno: 7 de octubre de 2018. Teatro Municipal. Los Titiriteros de Bin\\u00e9far, Bin\\u00e9far (Huesca) \\u2013 Arag\\u00f3n [&hellip;]&lt;\/p&gt;\\\\n\",\"image\":\"https:\/\/escenanorte.com\/wp-content\/uploads\/2026\/06\/1-@Andres-Hernandez-Pena.jpg\",\"url\":\"https:\/\/escenanorte.com\/ast\/evento\/esto-es-un-poema-violeta-y-pendula-la-rioja\/\",\"eventAttendanceMode\":\"https:\/\/schema.org\/OfflineEventAttendanceMode\",\"eventStatus\":\"https:\/\/schema.org\/EventScheduled\",\"startDate\":\"2026-09-20T18:00:00+02:00\",\"endDate\":\"2026-09-20T19:00:00+02:00\",\"location\":{\"@type\":\"Place\",\"name\":\"Teatro La Laboral\",\"description\":\"&lt;p&gt;Laboral Ciudad de la Cultura es el resultado de un proyecto de transformaci\\u00f3n que el Gobierno del Principado de Asturias acometi\\u00f3 en 2001 con el fin de dar nueva vida [&hellip;]&lt;\/p&gt;\\\\n\",\"image\":\"https:\/\/escenanorte.com\/wp-content\/uploads\/2026\/08\/teatro-laboral-baja.jpg\",\"url\":\"\",\"address\":{\"@type\":\"PostalAddress\",\"streetAddress\":\"C. Luis Moya Blanco 121\",\"addressLocality\":\"Gij\\u00f3n\",\"addressRegion\":\"Oviedo\",\"postalCode\":\"33394\"},\"telephone\":\"\",\"sameAs\":\"http:\/\/www.laboralciudaddelacultura.com\/\"},\"offers\":{\"@type\":\"Offer\",\"price\":\"0\",\"priceCurrency\":\"EUR\",\"url\":\"https:\/\/escenanorte.com\/ast\/evento\/esto-es-un-poema-violeta-y-pendula-la-rioja\/\",\"category\":\"primary\",\"availability\":\"inStock\",\"validFrom\":\"1970-01-01T00:00:00+00:00\"},\"performer\":\"Organization\"}]\r\n<\/script>\n\t\t\t<script data-js=\"tribe-events-view-data\" type=\"application\/json\">\n\t{\"slug\":\"widget-events-list\",\"prev_url\":\"\",\"next_url\":\"https:\\\/\\\/escenanorte.com\\\/ast\\\/?post_type=tribe_events&eventDisplay=widget-events-list&paged=2\",\"view_class\":\"Tribe\\\\Events\\\\Views\\\\V2\\\\Views\\\\Widgets\\\\Widget_List_View\",\"view_slug\":\"widget-events-list\",\"view_label\":\"View\",\"view\":null,\"should_manage_url\":true,\"id\":null,\"alias-slugs\":null,\"title\":\"Eventos from Septiembre 6 \\u2013 Septiembre 20 \\u2013 Camino Escena Norte\",\"limit\":\"5\",\"no_upcoming_events\":false,\"featured_events_only\":false,\"jsonld_enable\":true,\"tribe_is_list_widget\":false,\"admin_fields\":{\"title\":{\"label\":\"Title:\",\"type\":\"text\",\"parent_classes\":\"\",\"classes\":\"\",\"dependency\":\"\",\"id\":\"widget-tribe-widget-events-list--1-title\",\"name\":\"widget-tribe-widget-events-list[-1][title]\",\"options\":[],\"placeholder\":\"\",\"value\":null},\"limit\":{\"label\":\"Show:\",\"type\":\"number\",\"default\":5,\"min\":1,\"max\":10,\"step\":1,\"parent_classes\":\"\",\"classes\":\"\",\"dependency\":\"\",\"id\":\"widget-tribe-widget-events-list--1-limit\",\"name\":\"widget-tribe-widget-events-list[-1][limit]\",\"options\":[],\"placeholder\":\"\",\"value\":null},\"no_upcoming_events\":{\"label\":\"Hide this widget if there are no upcoming events.\",\"type\":\"checkbox\",\"parent_classes\":\"\",\"classes\":\"\",\"dependency\":\"\",\"id\":\"widget-tribe-widget-events-list--1-no_upcoming_events\",\"name\":\"widget-tribe-widget-events-list[-1][no_upcoming_events]\",\"options\":[],\"placeholder\":\"\",\"value\":null},\"featured_events_only\":{\"label\":\"Limit to featured events only\",\"type\":\"checkbox\",\"parent_classes\":\"\",\"classes\":\"\",\"dependency\":\"\",\"id\":\"widget-tribe-widget-events-list--1-featured_events_only\",\"name\":\"widget-tribe-widget-events-list[-1][featured_events_only]\",\"options\":[],\"placeholder\":\"\",\"value\":null},\"jsonld_enable\":{\"label\":\"Generate JSON-LD data\",\"type\":\"checkbox\",\"parent_classes\":\"\",\"classes\":\"\",\"dependency\":\"\",\"id\":\"widget-tribe-widget-events-list--1-jsonld_enable\",\"name\":\"widget-tribe-widget-events-list[-1][jsonld_enable]\",\"options\":[],\"placeholder\":\"\",\"value\":null}},\"venue\":false,\"country\":false,\"street\":false,\"city\":false,\"region\":false,\"zip\":false,\"phone\":false,\"cost\":false,\"organizer\":false,\"website\":false,\"operand\":\"AND\",\"filters\":\"{\\\"post_tag\\\":[\\\"247\\\"]}\",\"_theme\":\"{}\",\"events\":[82248,82268,82508,82517,81915],\"url\":\"https:\\\/\\\/escenanorte.com\\\/ast\\\/?post_type=tribe_events&eventDisplay=widget-events-list\",\"url_event_date\":false,\"bar\":{\"keyword\":\"\",\"date\":\"\"},\"today\":\"2026-09-06 00:00:00\",\"now\":\"2026-09-06 06:29:00\",\"home_url\":\"https:\\\/\\\/escenanorte.com\\\/ast\\\/\",\"rest_url\":\"https:\\\/\\\/escenanorte.com\\\/ast\\\/wp-json\\\/tribe\\\/views\\\/v2\\\/html\",\"rest_method\":\"GET\",\"rest_nonce\":\"\",\"today_url\":\"https:\\\/\\\/escenanorte.com\\\/ast\\\/?post_type=tribe_events&eventDisplay=widget-events-list&rest_route=%2Fwp%2Fv2%2Fposts%2F81259\",\"today_title\":\"Click to select today's date\",\"today_label\":\"Today\",\"prev_label\":\"\",\"next_label\":\"\",\"date_formats\":{\"compact\":\"n\\\/j\\\/Y\",\"month_and_year_compact\":\"n\\\/Y\",\"month_and_year\":\"F Y\",\"time_range_separator\":\" - \",\"date_time_separator\":\", \"},\"messages\":[],\"start_of_week\":\"1\",\"header_title\":\"\",\"header_title_element\":\"h1\",\"content_title\":\"\",\"show_content_title\":false,\"breadcrumbs\":[],\"backlink\":false,\"before_events\":\"\",\"after_events\":\"\\n<!--\\nThis calendar is powered by The Events Calendar.\\nhttp:\\\/\\\/evnt.is\\\/18wn\\n-->\\n\",\"display_events_bar\":false,\"disable_event_search\":false,\"live_refresh\":true,\"ical\":{\"display_link\":true,\"link\":{\"url\":\"https:\\\/\\\/escenanorte.com\\\/ast\\\/?post_type=tribe_events&#038;eventDisplay=widget-events-list&#038;ical=1\",\"text\":\"Exportar Eventos\",\"title\":\"Usa esto para compartir los datos del calendario con Google Calendar, Apple iCal y otras aplicaciones compatibles\"}},\"container_classes\":[\"tribe-common\",\"tribe-events\",\"tribe-events-view\",\"tribe-events-view--widget-events-list\",\"tribe-events-widget\"],\"container_data\":[],\"is_past\":false,\"breakpoints\":{\"xsmall\":500,\"medium\":768,\"full\":960},\"breakpoint_pointer\":\"8f27136d-0c3c-4e77-b8d1-bbf9f6c308a4\",\"is_initial_load\":false,\"public_views\":{\"list\":{\"view_class\":\"Tribe\\\\Events\\\\Views\\\\V2\\\\Views\\\\List_View\",\"view_url\":\"https:\\\/\\\/escenanorte.com\\\/ast\\\/eventos\\\/lista\\\/\",\"view_label\":\"Llista\",\"aria_label\":\"Display Eventos in Llista View\"},\"month\":{\"view_class\":\"Tribe\\\\Events\\\\Views\\\\V2\\\\Views\\\\Month_View\",\"view_url\":\"https:\\\/\\\/escenanorte.com\\\/ast\\\/eventos\\\/mes\\\/\",\"view_label\":\"Mes\",\"aria_label\":\"Display Eventos in Mes View\"},\"day\":{\"view_class\":\"Tribe\\\\Events\\\\Views\\\\V2\\\\Views\\\\Day_View\",\"view_url\":\"https:\\\/\\\/escenanorte.com\\\/ast\\\/eventos\\\/(\\\/?:today|gei|g\\u00fcei|hoy|gaur|hoxe)\\\/\",\"view_label\":\"D\\u00eda\",\"aria_label\":\"Display Eventos in D\\u00eda View\"}},\"show_latest_past\":false,\"past\":false,\"compatibility_classes\":[\"tribe-compatibility-container\"],\"view_more_text\":\"Ver calendario\",\"view_more_title\":\"View more eventos.\",\"view_more_link\":\"https:\\\/\\\/escenanorte.com\\\/ast\\\/eventos\\\/\",\"widget_title\":\"Pr\\u00f3ximos Eventos\",\"hide_if_no_upcoming_events\":false,\"display\":[],\"subscribe_links\":{\"gcal\":{\"label\":\"Google Calendar\",\"single_label\":\"A\\u00f1adir a Google Calendar\",\"visible\":true,\"block_slug\":\"hasGoogleCalendar\"},\"ical\":{\"label\":\"iCalendar\",\"single_label\":\"Add to iCalendar\",\"visible\":true,\"block_slug\":\"hasiCal\"},\"outlook-365\":{\"label\":\"Outlook 365\",\"single_label\":\"Outlook 365\",\"visible\":true,\"block_slug\":\"hasOutlook365\"},\"outlook-live\":{\"label\":\"Outlook Live\",\"single_label\":\"Outlook Live\",\"visible\":true,\"block_slug\":\"hasOutlookLive\"},\"ics\":{\"label\":\"Export .ics file\",\"single_label\":\"Export .ics file\",\"visible\":true,\"block_slug\":null},\"outlook-ics\":{\"label\":\"Export Outlook .ics file\",\"single_label\":\"Export Outlook .ics file\",\"visible\":true,\"block_slug\":null}},\"_context\":{\"slug\":\"widget-events-list\"}}<\/script>\n\n\t\t\t\t\t\t\t<header class=\"tribe-events-widget-events-list__header\">\n\t\t\t\t\t<h2 class=\"tribe-events-widget-events-list__header-title tribe-common-h6 tribe-common-h--alt\">\n\t\t\t\t\t\tPr\u00f3ximos Eventos\t\t\t\t\t<\/h2>\n\t\t\t\t<\/header>\n\t\t\t\n\t\t\t\n\t\t\t\t<div class=\"tribe-events-widget-events-list__events\">\n\t\t\t\t\t\t\t\t\t\t\t<div  class=\"tribe-common-g-row tribe-events-widget-events-list__event-row\" >\n\n\t<div class=\"tribe-events-widget-events-list__event-date-tag tribe-common-g-col\">\n\t<time class=\"tribe-events-widget-events-list__event-date-tag-datetime\" datetime=\"2026-09-06\">\n\t\t<span class=\"tribe-events-widget-events-list__event-date-tag-month\">\n\t\t\tSep\t\t<\/span>\n\t\t<span class=\"tribe-events-widget-events-list__event-date-tag-daynum tribe-common-h2 tribe-common-h4--min-medium\">\n\t\t\t6\t\t<\/span>\n\t<\/time>\n<\/div>\n\n\t<div class=\"tribe-events-widget-events-list__event-wrapper tribe-common-g-col\">\n\t\t<article  class=\"tribe-events-widget-events-list__event post-82248 tribe_events type-tribe_events status-publish has-post-thumbnail hentry tribe_events_cat-constelaciones-la-rioxa tribe_events_cat-siendas\" >\n\t\t\t<div class=\"tribe-events-widget-events-list__event-details\">\n\n\t\t\t\t<header class=\"tribe-events-widget-events-list__event-header\">\n\t\t\t\t\t<div class=\"tribe-events-widget-events-list__event-datetime-wrapper tribe-common-b2 tribe-common-b3--min-medium\">\n\t\t<time class=\"tribe-events-widget-events-list__event-datetime\" datetime=\"2026-09-06\">\n\t\t<span class=\"tribe-event-date-start\">10:00<\/span> &#8211; <span class=\"tribe-event-time\">13:00<\/span>\t<\/time>\n\t<\/div>\n\t\t\t\t\t<h3 class=\"tribe-events-widget-events-list__event-title tribe-common-h7\">\n\t<a\n\t\thref=\"https:\/\/escenanorte.com\/ast\/evento\/construyendo-la-carcasa-el-trabajo-fisico-en-la-interpretacion-textual-taller\/\"\n\t\ttitle=\"Construyendo la carcasa: el trabajo f\u00edsico en la interpretaci\u00f3n textual | Taller\"\n\t\trel=\"bookmark\"\n\t\tclass=\"tribe-events-widget-events-list__event-title-link tribe-common-anchor-thin\"\n\t>\n\t\tConstruyendo la carcasa: el trabajo f\u00edsico en la interpretaci\u00f3n textual | Taller\t<\/a>\n<\/h3>\n\t\t\t\t<\/header>\n\n\t\t\t\t\n\t\t\t<\/div>\n\t\t<\/article>\n\t<\/div>\n\n<\/div>\n\t\t\t\t\t\t\t\t\t\t\t<div  class=\"tribe-common-g-row tribe-events-widget-events-list__event-row tribe-events-widget-events-list__event-row--featured\" >\n\n\t<div class=\"tribe-events-widget-events-list__event-date-tag tribe-common-g-col\">\n\t<time class=\"tribe-events-widget-events-list__event-date-tag-datetime\" datetime=\"2026-09-18\">\n\t\t<span class=\"tribe-events-widget-events-list__event-date-tag-month\">\n\t\t\tSep\t\t<\/span>\n\t\t<span class=\"tribe-events-widget-events-list__event-date-tag-daynum tribe-common-h2 tribe-common-h4--min-medium\">\n\t\t\t18\t\t<\/span>\n\t<\/time>\n<\/div>\n\n\t<div class=\"tribe-events-widget-events-list__event-wrapper tribe-common-g-col\">\n\t\t<article  class=\"tribe-events-widget-events-list__event post-82268 tribe_events type-tribe_events status-publish has-post-thumbnail hentry tribe_events_cat-constelaciones-la-rioxa\" >\n\t\t\t<div class=\"tribe-events-widget-events-list__event-details\">\n\n\t\t\t\t<header class=\"tribe-events-widget-events-list__event-header\">\n\t\t\t\t\t<div class=\"tribe-events-widget-events-list__event-datetime-wrapper tribe-common-b2 tribe-common-b3--min-medium\">\n\t<em class=\"tribe-events-widget-events-list__event-datetime-featured-icon\">\n\t<svg\n\t class=\"tribe-common-c-svgicon tribe-common-c-svgicon--featured tribe-events-widget-events-list__event-datetime-featured-icon-svg\" \taria-hidden=\"true\"\n\tviewBox=\"0 0 8 10\"\n\txmlns=\"http:\/\/www.w3.org\/2000\/svg\"\n>\n\t<path fill-rule=\"evenodd\" clip-rule=\"evenodd\" d=\"M0 0h8v10L4.049 7.439 0 10V0z\"\/>\n<\/svg>\n<\/em>\n<span class=\"tribe-events-widget-events-list__event-datetime-featured-text tribe-common-a11y-visual-hide\">\n\tDestacado<\/span>\n\t<time class=\"tribe-events-widget-events-list__event-datetime\" datetime=\"2026-09-18\">\n\t\t<span class=\"tribe-event-date-start\">19:00<\/span> &#8211; <span class=\"tribe-event-time\">19:50<\/span>\t<\/time>\n\t<\/div>\n\t\t\t\t\t<h3 class=\"tribe-events-widget-events-list__event-title tribe-common-h7\">\n\t<a\n\t\thref=\"https:\/\/escenanorte.com\/ast\/evento\/ardatzak-ejes-zirkozaurre-euskadi\/\"\n\t\ttitle=\"Ardatzak \/ Ejes | Zirkozaurre,  Euskadi\"\n\t\trel=\"bookmark\"\n\t\tclass=\"tribe-events-widget-events-list__event-title-link tribe-common-anchor-thin\"\n\t>\n\t\tArdatzak \/ Ejes | Zirkozaurre,  Euskadi\t<\/a>\n<\/h3>\n\t\t\t\t<\/header>\n\n\t\t\t\t\n\t\t\t<\/div>\n\t\t<\/article>\n\t<\/div>\n\n<\/div>\n\t\t\t\t\t\t\t\t\t\t\t<div  class=\"tribe-common-g-row tribe-events-widget-events-list__event-row tribe-events-widget-events-list__event-row--featured\" >\n\n\t<div class=\"tribe-events-widget-events-list__event-date-tag tribe-common-g-col\">\n\t<time class=\"tribe-events-widget-events-list__event-date-tag-datetime\" datetime=\"2026-09-19\">\n\t\t<span class=\"tribe-events-widget-events-list__event-date-tag-month\">\n\t\t\tSep\t\t<\/span>\n\t\t<span class=\"tribe-events-widget-events-list__event-date-tag-daynum tribe-common-h2 tribe-common-h4--min-medium\">\n\t\t\t19\t\t<\/span>\n\t<\/time>\n<\/div>\n\n\t<div class=\"tribe-events-widget-events-list__event-wrapper tribe-common-g-col\">\n\t\t<article  class=\"tribe-events-widget-events-list__event post-82508 tribe_events type-tribe_events status-publish has-post-thumbnail hentry tribe_events_cat-constelaciones-cantabria-ast\" >\n\t\t\t<div class=\"tribe-events-widget-events-list__event-details\">\n\n\t\t\t\t<header class=\"tribe-events-widget-events-list__event-header\">\n\t\t\t\t\t<div class=\"tribe-events-widget-events-list__event-datetime-wrapper tribe-common-b2 tribe-common-b3--min-medium\">\n\t<em class=\"tribe-events-widget-events-list__event-datetime-featured-icon\">\n\t<svg\n\t class=\"tribe-common-c-svgicon tribe-common-c-svgicon--featured tribe-events-widget-events-list__event-datetime-featured-icon-svg\" \taria-hidden=\"true\"\n\tviewBox=\"0 0 8 10\"\n\txmlns=\"http:\/\/www.w3.org\/2000\/svg\"\n>\n\t<path fill-rule=\"evenodd\" clip-rule=\"evenodd\" d=\"M0 0h8v10L4.049 7.439 0 10V0z\"\/>\n<\/svg>\n<\/em>\n<span class=\"tribe-events-widget-events-list__event-datetime-featured-text tribe-common-a11y-visual-hide\">\n\tDestacado<\/span>\n\t<time class=\"tribe-events-widget-events-list__event-datetime\" datetime=\"2026-09-19\">\n\t\t<span class=\"tribe-event-date-start\">17:00<\/span> &#8211; <span class=\"tribe-event-time\">18:00<\/span>\t<\/time>\n\t<\/div>\n\t\t\t\t\t<h3 class=\"tribe-events-widget-events-list__event-title tribe-common-h7\">\n\t<a\n\t\thref=\"https:\/\/escenanorte.com\/ast\/evento\/esto-es-un-poema-violeta-y-pendula-la-rioja-3\/\"\n\t\ttitle=\"Esto es un poema | Violeta y P\u00e9ndula, La Rioja\"\n\t\trel=\"bookmark\"\n\t\tclass=\"tribe-events-widget-events-list__event-title-link tribe-common-anchor-thin\"\n\t>\n\t\tEsto es un poema | Violeta y P\u00e9ndula, La Rioja\t<\/a>\n<\/h3>\n\t\t\t\t<\/header>\n\n\t\t\t\t\n\t\t\t<\/div>\n\t\t<\/article>\n\t<\/div>\n\n<\/div>\n\t\t\t\t\t\t\t\t\t\t\t<div  class=\"tribe-common-g-row tribe-events-widget-events-list__event-row tribe-events-widget-events-list__event-row--featured\" >\n\n\t<div class=\"tribe-events-widget-events-list__event-date-tag tribe-common-g-col\">\n\t<time class=\"tribe-events-widget-events-list__event-date-tag-datetime\" datetime=\"2026-09-19\">\n\t\t<span class=\"tribe-events-widget-events-list__event-date-tag-month\">\n\t\t\tSep\t\t<\/span>\n\t\t<span class=\"tribe-events-widget-events-list__event-date-tag-daynum tribe-common-h2 tribe-common-h4--min-medium\">\n\t\t\t19\t\t<\/span>\n\t<\/time>\n<\/div>\n\n\t<div class=\"tribe-events-widget-events-list__event-wrapper tribe-common-g-col\">\n\t\t<article  class=\"tribe-events-widget-events-list__event post-82517 tribe_events type-tribe_events status-publish has-post-thumbnail hentry tribe_events_cat-constelaciones-cantabria-ast\" >\n\t\t\t<div class=\"tribe-events-widget-events-list__event-details\">\n\n\t\t\t\t<header class=\"tribe-events-widget-events-list__event-header\">\n\t\t\t\t\t<div class=\"tribe-events-widget-events-list__event-datetime-wrapper tribe-common-b2 tribe-common-b3--min-medium\">\n\t<em class=\"tribe-events-widget-events-list__event-datetime-featured-icon\">\n\t<svg\n\t class=\"tribe-common-c-svgicon tribe-common-c-svgicon--featured tribe-events-widget-events-list__event-datetime-featured-icon-svg\" \taria-hidden=\"true\"\n\tviewBox=\"0 0 8 10\"\n\txmlns=\"http:\/\/www.w3.org\/2000\/svg\"\n>\n\t<path fill-rule=\"evenodd\" clip-rule=\"evenodd\" d=\"M0 0h8v10L4.049 7.439 0 10V0z\"\/>\n<\/svg>\n<\/em>\n<span class=\"tribe-events-widget-events-list__event-datetime-featured-text tribe-common-a11y-visual-hide\">\n\tDestacado<\/span>\n\t<time class=\"tribe-events-widget-events-list__event-datetime\" datetime=\"2026-09-19\">\n\t\t<span class=\"tribe-event-date-start\">19:00<\/span> &#8211; <span class=\"tribe-event-time\">20:15<\/span>\t<\/time>\n\t<\/div>\n\t\t\t\t\t<h3 class=\"tribe-events-widget-events-list__event-title tribe-common-h7\">\n\t<a\n\t\thref=\"https:\/\/escenanorte.com\/ast\/evento\/non-pasaran-artika-cia-galicia-2\/\"\n\t\ttitle=\"Non pasar\u00e1n |  \u00c1rtika C\u00eda, Galicia\"\n\t\trel=\"bookmark\"\n\t\tclass=\"tribe-events-widget-events-list__event-title-link tribe-common-anchor-thin\"\n\t>\n\t\tNon pasar\u00e1n |  \u00c1rtika C\u00eda, Galicia\t<\/a>\n<\/h3>\n\t\t\t\t<\/header>\n\n\t\t\t\t\n\t\t\t<\/div>\n\t\t<\/article>\n\t<\/div>\n\n<\/div>\n\t\t\t\t\t\t\t\t\t\t\t<div  class=\"tribe-common-g-row tribe-events-widget-events-list__event-row tribe-events-widget-events-list__event-row--featured\" >\n\n\t<div class=\"tribe-events-widget-events-list__event-date-tag tribe-common-g-col\">\n\t<time class=\"tribe-events-widget-events-list__event-date-tag-datetime\" datetime=\"2026-09-20\">\n\t\t<span class=\"tribe-events-widget-events-list__event-date-tag-month\">\n\t\t\tSep\t\t<\/span>\n\t\t<span class=\"tribe-events-widget-events-list__event-date-tag-daynum tribe-common-h2 tribe-common-h4--min-medium\">\n\t\t\t20\t\t<\/span>\n\t<\/time>\n<\/div>\n\n\t<div class=\"tribe-events-widget-events-list__event-wrapper tribe-common-g-col\">\n\t\t<article  class=\"tribe-events-widget-events-list__event post-81915 tribe_events type-tribe_events status-publish has-post-thumbnail hentry tribe_events_cat-constelaciones-asturies\" >\n\t\t\t<div class=\"tribe-events-widget-events-list__event-details\">\n\n\t\t\t\t<header class=\"tribe-events-widget-events-list__event-header\">\n\t\t\t\t\t<div class=\"tribe-events-widget-events-list__event-datetime-wrapper tribe-common-b2 tribe-common-b3--min-medium\">\n\t<em class=\"tribe-events-widget-events-list__event-datetime-featured-icon\">\n\t<svg\n\t class=\"tribe-common-c-svgicon tribe-common-c-svgicon--featured tribe-events-widget-events-list__event-datetime-featured-icon-svg\" \taria-hidden=\"true\"\n\tviewBox=\"0 0 8 10\"\n\txmlns=\"http:\/\/www.w3.org\/2000\/svg\"\n>\n\t<path fill-rule=\"evenodd\" clip-rule=\"evenodd\" d=\"M0 0h8v10L4.049 7.439 0 10V0z\"\/>\n<\/svg>\n<\/em>\n<span class=\"tribe-events-widget-events-list__event-datetime-featured-text tribe-common-a11y-visual-hide\">\n\tDestacado<\/span>\n\t<time class=\"tribe-events-widget-events-list__event-datetime\" datetime=\"2026-09-20\">\n\t\t<span class=\"tribe-event-date-start\">18:00<\/span> &#8211; <span class=\"tribe-event-time\">19:00<\/span>\t<\/time>\n\t<\/div>\n\t\t\t\t\t<h3 class=\"tribe-events-widget-events-list__event-title tribe-common-h7\">\n\t<a\n\t\thref=\"https:\/\/escenanorte.com\/ast\/evento\/esto-es-un-poema-violeta-y-pendula-la-rioja\/\"\n\t\ttitle=\"Esto es un poema | Violeta y P\u00e9ndula, La Rioja\"\n\t\trel=\"bookmark\"\n\t\tclass=\"tribe-events-widget-events-list__event-title-link tribe-common-anchor-thin\"\n\t>\n\t\tEsto es un poema | Violeta y P\u00e9ndula, La Rioja\t<\/a>\n<\/h3>\n\t\t\t\t<\/header>\n\n\t\t\t\t\n\t\t\t<\/div>\n\t\t<\/article>\n\t<\/div>\n\n<\/div>\n\t\t\t\t\t\t\t\t\t<\/div>\n\n\t\t\t\t<div class=\"tribe-events-widget-events-list__view-more tribe-common-b1 tribe-common-b2--min-medium\">\n\t<a\n\t\thref=\"https:\/\/escenanorte.com\/ast\/eventos\/\"\n\t\tclass=\"tribe-events-widget-events-list__view-more-link tribe-common-anchor-thin\"\n\t\ttitle=\"View more eventos.\"\n\t>\n\t\tVer calendario\t<\/a>\n<\/div>\n\n\t\t\t\t\t<\/div>\n\t<\/div>\n<\/div>\n<script data-js='tribe-events-view-nonce-data' type='application\/json'>{\"tvn1\":\"9ef22ae893\",\"tvn2\":\"\"}<\/script>\n<\/div>\n<\/div>\n","protected":false},"excerpt":{"rendered":"<p>En \u2018Elektrical Body\u2019 queremos traducir al movimientu la guapura de la fuercia electromagn\u00e9tico. Inspir\u00e1mosnos nos principios f\u00edsicos d\u2018esta fuercia para faer un percorr\u00edu al travi\u00e9s de la danza: dende\u2019l choque [&hellip;]<\/p>\n","protected":false},"author":6,"featured_media":81749,"comment_status":"closed","ping_status":"open","sticky":false,"template":"","format":"standard","meta":{"footnotes":""},"categories":[250],"tags":[469,308],"class_list":["post-81259","post","type-post","status-publish","format-standard","has-post-thumbnail","hentry","category-espectaculos-ast","tag-dinamo-danza","tag-navarra-ast"],"yoast_head":"<!-- This site is optimized with the Yoast SEO plugin v28.4 - https:\/\/yoast.com\/product\/yoast-seo-wordpress\/ -->\n<title>Elektrical Body - Camino Escena Norte<\/title>\n<meta name=\"robots\" content=\"index, follow, max-snippet:-1, max-image-preview:large, max-video-preview:-1\" \/>\n<link rel=\"canonical\" href=\"https:\/\/escenanorte.com\/ast\/elektrical-body\/\" \/>\n<meta property=\"og:locale\" content=\"en_US\" \/>\n<meta property=\"og:type\" content=\"article\" \/>\n<meta property=\"og:title\" content=\"Elektrical Body - Camino Escena Norte\" \/>\n<meta property=\"og:description\" content=\"En \u2018Elektrical Body\u2019 queremos traducir al movimientu la guapura de la fuercia electromagn\u00e9tico. Inspir\u00e1mosnos nos principios f\u00edsicos d\u2018esta fuercia para faer un percorr\u00edu al travi\u00e9s de la danza: dende\u2019l choque [&hellip;]\" \/>\n<meta property=\"og:url\" content=\"https:\/\/escenanorte.com\/ast\/elektrical-body\/\" \/>\n<meta property=\"og:site_name\" content=\"Camino Escena Norte\" \/>\n<meta property=\"article:publisher\" content=\"https:\/\/www.facebook.com\/escenanorte\" \/>\n<meta property=\"article:published_time\" content=\"2026-06-25T10:31:24+00:00\" \/>\n<meta property=\"article:modified_time\" content=\"2026-08-24T17:43:20+00:00\" \/>\n<meta property=\"og:image\" content=\"https:\/\/escenanorte.com\/wp-content\/uploads\/2026\/06\/ElectrikalBody2020\u00a9BeniaminBoar-5-1-2-3-1-1-1-scaled.jpg\" \/>\n\t<meta property=\"og:image:width\" content=\"2560\" \/>\n\t<meta property=\"og:image:height\" content=\"1707\" \/>\n\t<meta property=\"og:image:type\" content=\"image\/jpeg\" \/>\n<meta name=\"author\" content=\"Nerea Soto Guti\u00e9rrez\" \/>\n<meta name=\"twitter:card\" content=\"summary_large_image\" \/>\n<meta name=\"twitter:label1\" content=\"Written by\" \/>\n\t<meta name=\"twitter:data1\" content=\"Nerea Soto Guti\u00e9rrez\" \/>\n\t<meta name=\"twitter:label2\" content=\"Est. reading time\" \/>\n\t<meta name=\"twitter:data2\" content=\"1 minute\" \/>\n<script type=\"application\/ld+json\" class=\"yoast-schema-graph\">{\"@context\":\"https:\\\/\\\/schema.org\",\"@graph\":[{\"@type\":\"Article\",\"@id\":\"https:\\\/\\\/escenanorte.com\\\/ast\\\/elektrical-body\\\/#article\",\"isPartOf\":{\"@id\":\"https:\\\/\\\/escenanorte.com\\\/ast\\\/elektrical-body\\\/\"},\"author\":{\"name\":\"Nerea Soto Guti\u00e9rrez\",\"@id\":\"https:\\\/\\\/escenanorte.com\\\/ast\\\/#\\\/schema\\\/person\\\/741043df512d54a4fd1ae38714157ba2\"},\"headline\":\"Elektrical Body\",\"datePublished\":\"2026-06-25T10:31:24+00:00\",\"dateModified\":\"2026-08-24T17:43:20+00:00\",\"mainEntityOfPage\":{\"@id\":\"https:\\\/\\\/escenanorte.com\\\/ast\\\/elektrical-body\\\/\"},\"wordCount\":248,\"publisher\":{\"@id\":\"https:\\\/\\\/escenanorte.com\\\/ast\\\/#organization\"},\"image\":{\"@id\":\"https:\\\/\\\/escenanorte.com\\\/ast\\\/elektrical-body\\\/#primaryimage\"},\"thumbnailUrl\":\"https:\\\/\\\/escenanorte.com\\\/wp-content\\\/uploads\\\/2026\\\/06\\\/ElectrikalBody2020\u00a9BeniaminBoar-5-1-2-3-1-1-1-scaled.jpg\",\"keywords\":[\"Dinamo Danza\",\"Navarra\"],\"articleSection\":[\"Espect\u00e1culos\"],\"inLanguage\":\"ast-ES\"},{\"@type\":\"WebPage\",\"@id\":\"https:\\\/\\\/escenanorte.com\\\/ast\\\/elektrical-body\\\/\",\"url\":\"https:\\\/\\\/escenanorte.com\\\/ast\\\/elektrical-body\\\/\",\"name\":\"Elektrical Body - Camino Escena Norte\",\"isPartOf\":{\"@id\":\"https:\\\/\\\/escenanorte.com\\\/ast\\\/#website\"},\"primaryImageOfPage\":{\"@id\":\"https:\\\/\\\/escenanorte.com\\\/ast\\\/elektrical-body\\\/#primaryimage\"},\"image\":{\"@id\":\"https:\\\/\\\/escenanorte.com\\\/ast\\\/elektrical-body\\\/#primaryimage\"},\"thumbnailUrl\":\"https:\\\/\\\/escenanorte.com\\\/wp-content\\\/uploads\\\/2026\\\/06\\\/ElectrikalBody2020\u00a9BeniaminBoar-5-1-2-3-1-1-1-scaled.jpg\",\"datePublished\":\"2026-06-25T10:31:24+00:00\",\"dateModified\":\"2026-08-24T17:43:20+00:00\",\"breadcrumb\":{\"@id\":\"https:\\\/\\\/escenanorte.com\\\/ast\\\/elektrical-body\\\/#breadcrumb\"},\"inLanguage\":\"ast-ES\",\"potentialAction\":[{\"@type\":\"ReadAction\",\"target\":[\"https:\\\/\\\/escenanorte.com\\\/ast\\\/elektrical-body\\\/\"]}]},{\"@type\":\"ImageObject\",\"inLanguage\":\"ast-ES\",\"@id\":\"https:\\\/\\\/escenanorte.com\\\/ast\\\/elektrical-body\\\/#primaryimage\",\"url\":\"https:\\\/\\\/escenanorte.com\\\/wp-content\\\/uploads\\\/2026\\\/06\\\/ElectrikalBody2020\u00a9BeniaminBoar-5-1-2-3-1-1-1-scaled.jpg\",\"contentUrl\":\"https:\\\/\\\/escenanorte.com\\\/wp-content\\\/uploads\\\/2026\\\/06\\\/ElectrikalBody2020\u00a9BeniaminBoar-5-1-2-3-1-1-1-scaled.jpg\",\"width\":2560,\"height\":1707},{\"@type\":\"BreadcrumbList\",\"@id\":\"https:\\\/\\\/escenanorte.com\\\/ast\\\/elektrical-body\\\/#breadcrumb\",\"itemListElement\":[{\"@type\":\"ListItem\",\"position\":1,\"name\":\"Portada\",\"item\":\"https:\\\/\\\/escenanorte.com\\\/ast\\\/\"},{\"@type\":\"ListItem\",\"position\":2,\"name\":\"Elektrical Body\"}]},{\"@type\":\"WebSite\",\"@id\":\"https:\\\/\\\/escenanorte.com\\\/ast\\\/#website\",\"url\":\"https:\\\/\\\/escenanorte.com\\\/ast\\\/\",\"name\":\"Camino Escena Norte\",\"description\":\"Escena Norte\",\"publisher\":{\"@id\":\"https:\\\/\\\/escenanorte.com\\\/ast\\\/#organization\"},\"potentialAction\":[{\"@type\":\"SearchAction\",\"target\":{\"@type\":\"EntryPoint\",\"urlTemplate\":\"https:\\\/\\\/escenanorte.com\\\/ast\\\/?s={search_term_string}\"},\"query-input\":{\"@type\":\"PropertyValueSpecification\",\"valueRequired\":true,\"valueName\":\"search_term_string\"}}],\"inLanguage\":\"ast-ES\"},{\"@type\":\"Organization\",\"@id\":\"https:\\\/\\\/escenanorte.com\\\/ast\\\/#organization\",\"name\":\"Camino Escena Norte\",\"url\":\"https:\\\/\\\/escenanorte.com\\\/ast\\\/\",\"logo\":{\"@type\":\"ImageObject\",\"inLanguage\":\"ast-ES\",\"@id\":\"https:\\\/\\\/escenanorte.com\\\/ast\\\/#\\\/schema\\\/logo\\\/image\\\/\",\"url\":\"https:\\\/\\\/escenanorte.com\\\/wp-content\\\/uploads\\\/2025\\\/09\\\/Logo-Escena-Norte-512.png\",\"contentUrl\":\"https:\\\/\\\/escenanorte.com\\\/wp-content\\\/uploads\\\/2025\\\/09\\\/Logo-Escena-Norte-512.png\",\"width\":512,\"height\":512,\"caption\":\"Camino Escena Norte\"},\"image\":{\"@id\":\"https:\\\/\\\/escenanorte.com\\\/ast\\\/#\\\/schema\\\/logo\\\/image\\\/\"},\"sameAs\":[\"https:\\\/\\\/www.facebook.com\\\/escenanorte\",\"https:\\\/\\\/instagram.com\\\/escenanorte\"]},{\"@type\":\"Person\",\"@id\":\"https:\\\/\\\/escenanorte.com\\\/ast\\\/#\\\/schema\\\/person\\\/741043df512d54a4fd1ae38714157ba2\",\"name\":\"Nerea Soto Guti\u00e9rrez\",\"image\":{\"@type\":\"ImageObject\",\"inLanguage\":\"ast-ES\",\"@id\":\"https:\\\/\\\/secure.gravatar.com\\\/avatar\\\/0d1c36e0c27d71233d62c2562bc6e0af1cc948cc3a54478a74aee71a797a92cc?s=96&d=blank&r=g\",\"url\":\"https:\\\/\\\/secure.gravatar.com\\\/avatar\\\/0d1c36e0c27d71233d62c2562bc6e0af1cc948cc3a54478a74aee71a797a92cc?s=96&d=blank&r=g\",\"contentUrl\":\"https:\\\/\\\/secure.gravatar.com\\\/avatar\\\/0d1c36e0c27d71233d62c2562bc6e0af1cc948cc3a54478a74aee71a797a92cc?s=96&d=blank&r=g\",\"caption\":\"Nerea Soto Guti\u00e9rrez\"},\"sameAs\":[\"https:\\\/\\\/escenanorte.com\"],\"url\":\"https:\\\/\\\/escenanorte.com\\\/ast\\\/author\\\/nereasg\\\/\"}]}<\/script>\n<!-- \/ Yoast SEO plugin. -->","yoast_head_json":{"title":"Elektrical Body - Camino Escena Norte","robots":{"index":"index","follow":"follow","max-snippet":"max-snippet:-1","max-image-preview":"max-image-preview:large","max-video-preview":"max-video-preview:-1"},"canonical":"https:\/\/escenanorte.com\/ast\/elektrical-body\/","og_locale":"en_US","og_type":"article","og_title":"Elektrical Body - Camino Escena Norte","og_description":"En \u2018Elektrical Body\u2019 queremos traducir al movimientu la guapura de la fuercia electromagn\u00e9tico. Inspir\u00e1mosnos nos principios f\u00edsicos d\u2018esta fuercia para faer un percorr\u00edu al travi\u00e9s de la danza: dende\u2019l choque [&hellip;]","og_url":"https:\/\/escenanorte.com\/ast\/elektrical-body\/","og_site_name":"Camino Escena Norte","article_publisher":"https:\/\/www.facebook.com\/escenanorte","article_published_time":"2026-06-25T10:31:24+00:00","article_modified_time":"2026-08-24T17:43:20+00:00","og_image":[{"width":2560,"height":1707,"url":"https:\/\/escenanorte.com\/wp-content\/uploads\/2026\/06\/ElectrikalBody2020\u00a9BeniaminBoar-5-1-2-3-1-1-1-scaled.jpg","type":"image\/jpeg"}],"author":"Nerea Soto Guti\u00e9rrez","twitter_card":"summary_large_image","twitter_misc":{"Written by":"Nerea Soto Guti\u00e9rrez","Est. reading time":"1 minute"},"schema":{"@context":"https:\/\/schema.org","@graph":[{"@type":"Article","@id":"https:\/\/escenanorte.com\/ast\/elektrical-body\/#article","isPartOf":{"@id":"https:\/\/escenanorte.com\/ast\/elektrical-body\/"},"author":{"name":"Nerea Soto Guti\u00e9rrez","@id":"https:\/\/escenanorte.com\/ast\/#\/schema\/person\/741043df512d54a4fd1ae38714157ba2"},"headline":"Elektrical Body","datePublished":"2026-06-25T10:31:24+00:00","dateModified":"2026-08-24T17:43:20+00:00","mainEntityOfPage":{"@id":"https:\/\/escenanorte.com\/ast\/elektrical-body\/"},"wordCount":248,"publisher":{"@id":"https:\/\/escenanorte.com\/ast\/#organization"},"image":{"@id":"https:\/\/escenanorte.com\/ast\/elektrical-body\/#primaryimage"},"thumbnailUrl":"https:\/\/escenanorte.com\/wp-content\/uploads\/2026\/06\/ElectrikalBody2020\u00a9BeniaminBoar-5-1-2-3-1-1-1-scaled.jpg","keywords":["Dinamo Danza","Navarra"],"articleSection":["Espect\u00e1culos"],"inLanguage":"ast-ES"},{"@type":"WebPage","@id":"https:\/\/escenanorte.com\/ast\/elektrical-body\/","url":"https:\/\/escenanorte.com\/ast\/elektrical-body\/","name":"Elektrical Body - Camino Escena Norte","isPartOf":{"@id":"https:\/\/escenanorte.com\/ast\/#website"},"primaryImageOfPage":{"@id":"https:\/\/escenanorte.com\/ast\/elektrical-body\/#primaryimage"},"image":{"@id":"https:\/\/escenanorte.com\/ast\/elektrical-body\/#primaryimage"},"thumbnailUrl":"https:\/\/escenanorte.com\/wp-content\/uploads\/2026\/06\/ElectrikalBody2020\u00a9BeniaminBoar-5-1-2-3-1-1-1-scaled.jpg","datePublished":"2026-06-25T10:31:24+00:00","dateModified":"2026-08-24T17:43:20+00:00","breadcrumb":{"@id":"https:\/\/escenanorte.com\/ast\/elektrical-body\/#breadcrumb"},"inLanguage":"ast-ES","potentialAction":[{"@type":"ReadAction","target":["https:\/\/escenanorte.com\/ast\/elektrical-body\/"]}]},{"@type":"ImageObject","inLanguage":"ast-ES","@id":"https:\/\/escenanorte.com\/ast\/elektrical-body\/#primaryimage","url":"https:\/\/escenanorte.com\/wp-content\/uploads\/2026\/06\/ElectrikalBody2020\u00a9BeniaminBoar-5-1-2-3-1-1-1-scaled.jpg","contentUrl":"https:\/\/escenanorte.com\/wp-content\/uploads\/2026\/06\/ElectrikalBody2020\u00a9BeniaminBoar-5-1-2-3-1-1-1-scaled.jpg","width":2560,"height":1707},{"@type":"BreadcrumbList","@id":"https:\/\/escenanorte.com\/ast\/elektrical-body\/#breadcrumb","itemListElement":[{"@type":"ListItem","position":1,"name":"Portada","item":"https:\/\/escenanorte.com\/ast\/"},{"@type":"ListItem","position":2,"name":"Elektrical Body"}]},{"@type":"WebSite","@id":"https:\/\/escenanorte.com\/ast\/#website","url":"https:\/\/escenanorte.com\/ast\/","name":"Camino Escena Norte","description":"Escena Norte","publisher":{"@id":"https:\/\/escenanorte.com\/ast\/#organization"},"potentialAction":[{"@type":"SearchAction","target":{"@type":"EntryPoint","urlTemplate":"https:\/\/escenanorte.com\/ast\/?s={search_term_string}"},"query-input":{"@type":"PropertyValueSpecification","valueRequired":true,"valueName":"search_term_string"}}],"inLanguage":"ast-ES"},{"@type":"Organization","@id":"https:\/\/escenanorte.com\/ast\/#organization","name":"Camino Escena Norte","url":"https:\/\/escenanorte.com\/ast\/","logo":{"@type":"ImageObject","inLanguage":"ast-ES","@id":"https:\/\/escenanorte.com\/ast\/#\/schema\/logo\/image\/","url":"https:\/\/escenanorte.com\/wp-content\/uploads\/2025\/09\/Logo-Escena-Norte-512.png","contentUrl":"https:\/\/escenanorte.com\/wp-content\/uploads\/2025\/09\/Logo-Escena-Norte-512.png","width":512,"height":512,"caption":"Camino Escena Norte"},"image":{"@id":"https:\/\/escenanorte.com\/ast\/#\/schema\/logo\/image\/"},"sameAs":["https:\/\/www.facebook.com\/escenanorte","https:\/\/instagram.com\/escenanorte"]},{"@type":"Person","@id":"https:\/\/escenanorte.com\/ast\/#\/schema\/person\/741043df512d54a4fd1ae38714157ba2","name":"Nerea Soto Guti\u00e9rrez","image":{"@type":"ImageObject","inLanguage":"ast-ES","@id":"https:\/\/secure.gravatar.com\/avatar\/0d1c36e0c27d71233d62c2562bc6e0af1cc948cc3a54478a74aee71a797a92cc?s=96&d=blank&r=g","url":"https:\/\/secure.gravatar.com\/avatar\/0d1c36e0c27d71233d62c2562bc6e0af1cc948cc3a54478a74aee71a797a92cc?s=96&d=blank&r=g","contentUrl":"https:\/\/secure.gravatar.com\/avatar\/0d1c36e0c27d71233d62c2562bc6e0af1cc948cc3a54478a74aee71a797a92cc?s=96&d=blank&r=g","caption":"Nerea Soto Guti\u00e9rrez"},"sameAs":["https:\/\/escenanorte.com"],"url":"https:\/\/escenanorte.com\/ast\/author\/nereasg\/"}]}},"publishpress_future_action":{"enabled":false,"date":"2026-09-13 06:29:00","action":"change-status","newStatus":"draft","terms":[],"taxonomy":"category","extraData":[]},"publishpress_future_workflow_manual_trigger":{"enabledWorkflows":[]},"_links":{"self":[{"href":"https:\/\/escenanorte.com\/ast\/wp-json\/wp\/v2\/posts\/81259","targetHints":{"allow":["GET"]}}],"collection":[{"href":"https:\/\/escenanorte.com\/ast\/wp-json\/wp\/v2\/posts"}],"about":[{"href":"https:\/\/escenanorte.com\/ast\/wp-json\/wp\/v2\/types\/post"}],"author":[{"embeddable":true,"href":"https:\/\/escenanorte.com\/ast\/wp-json\/wp\/v2\/users\/6"}],"replies":[{"embeddable":true,"href":"https:\/\/escenanorte.com\/ast\/wp-json\/wp\/v2\/comments?post=81259"}],"version-history":[{"count":2,"href":"https:\/\/escenanorte.com\/ast\/wp-json\/wp\/v2\/posts\/81259\/revisions"}],"predecessor-version":[{"id":81830,"href":"https:\/\/escenanorte.com\/ast\/wp-json\/wp\/v2\/posts\/81259\/revisions\/81830"}],"wp:featuredmedia":[{"embeddable":true,"href":"https:\/\/escenanorte.com\/ast\/wp-json\/wp\/v2\/media\/81749"}],"wp:attachment":[{"href":"https:\/\/escenanorte.com\/ast\/wp-json\/wp\/v2\/media?parent=81259"}],"wp:term":[{"taxonomy":"category","embeddable":true,"href":"https:\/\/escenanorte.com\/ast\/wp-json\/wp\/v2\/categories?post=81259"},{"taxonomy":"post_tag","embeddable":true,"href":"https:\/\/escenanorte.com\/ast\/wp-json\/wp\/v2\/tags?post=81259"}],"curies":[{"name":"wp","href":"https:\/\/api.w.org\/{rel}","templated":true}]}}