{"id":68554,"date":"2025-02-10T12:19:39","date_gmt":"2025-02-10T11:19:39","guid":{"rendered":"https:\/\/escenanorte.com\/?p=68554"},"modified":"2025-06-10T13:33:27","modified_gmt":"2025-06-10T11:33:27","slug":"camino-escena-norte-extiende-su-proyecto-de-intercambio-de-artes-escenicas-a-la-rioja","status":"publish","type":"post","link":"https:\/\/escenanorte.com\/ast\/camino-escena-norte-extiende-su-proyecto-de-intercambio-de-artes-escenicas-a-la-rioja\/","title":{"rendered":"Camino Escena Norte extiende su proyecto de intercambio de artes esc\u00e9nicas a La Rioja"},"content":{"rendered":"\n<p><strong>AESCENA y el Gobierno de La Rioja se incorporan al proyecto junto a las asociaciones profesionales y gobiernos auton\u00f3micos, provinciales y forales de Galicia, Asturias, Cantabria, Euskadi y Navarra<\/strong><\/p>\n\n\n\n<p><strong>CEN abre el plazo de inscripci\u00f3n de espect\u00e1culos para el Itinerario Constelaciones de la s\u00e9ptima edici\u00f3n, que se celebrar\u00e1 del 12 de septiembre al 26 de octubre<\/strong><\/p>\n\n\n\n<p>Camino Escena Norte 2024 se convirti\u00f3 en una edici\u00f3n de resistencia debido a la profunda ca\u00edda de las subvenciones estatales. Sin embargo, la s\u00e9ptima edici\u00f3n arranca con fuerza gracias a una gran noticia: la incorporaci\u00f3n de La Rioja al proyecto de intercambio cultural que desde 2019 visibiliza, difunde y distribuye las artes esc\u00e9nicas profesionales gallegas, asturianas, c\u00e1ntabras, vascas y navarras fuera de sus fronteras. En 2025, los profesionales riojanos se pueden sumar a este proyecto, cuyo eje es el Itinerario Constelaciones, que se desarrollar\u00e1 en los seis territorios participantes del 12 de septiembre al 26 de octubre.<\/p>\n\n\n\n<p>La asociaci\u00f3n AESCENA y el Gobierno de La Rioja se incorporan al proyecto junto a las asociaciones profesionales Escena Galega, EscenAsturias, ACEPAE, Eskena y ESNA y gobiernos auton\u00f3micos, provinciales y forales de Galicia, Asturias, Cantabria, Euskadi y Navarra.<\/p>\n\n\n\n<p><strong>Camino Escena Norte abre el plazo de inscripci\u00f3n de espect\u00e1culos para girar en el <em>Itinerario Constelaciones<\/em> de su s\u00e9ptima edici\u00f3n. Las compa\u00f1\u00edas interesadas tienen de plazo del 10 al 21 de febrero para presentar sus candidaturas.<\/strong> Las bases completas se pueden consultar en la <a href=\"https:\/\/escenanorte.com\/es\/inscripcion-espectaculos-2025\/\">p\u00e1gina web<\/a>. Aquellas que finalmente resulten seleccionadas formar\u00e1n parte de la nueva programaci\u00f3n con varias funciones en las seis comunidades que forman parte del proyecto.<\/p>\n\n\n\n<p>El <strong>Cat\u00e1logo de Espect\u00e1culos Recomendados Camino Escena Norte<\/strong> y la programaci\u00f3n del <em>Itinerario Constelacione<\/em>s utilizan un sistema de selecci\u00f3n de espect\u00e1culos basado en comisiones territoriales compuestas por 5 miembros por comunidad, siendo la selecci\u00f3n llevada a cabo por un total de 30 expertos y expertas que trabajan de manera colegiada. En un proceso transparente y garantista, se realiza una selecci\u00f3n individual por parte de cada persona experta y, despu\u00e9s, se realizar\u00e1 una clasificaci\u00f3n en grupo de la que saldr\u00e1n los 36 espect\u00e1culos que conformar\u00e1n el cat\u00e1logo de espect\u00e1culos recomendados. De esos 36, 6 por comunidad, saldr\u00e1n los 18 espect\u00e1culos (3 por comunidad) que girar\u00e1n en el Itinerario Constelaciones 2025, en un trabajo de coprogramaci\u00f3n entre la organizaci\u00f3n de Camino Escena Norte y las distintas sedes que acoger\u00e1n la actividad.<\/p>\n\n\n\n<p>Desde la edici\u00f3n de 2023, el Cat\u00e1logo de Espect\u00e1culos Recomendados Camino Escena Norte es una herramienta muy \u00fatil para los y las profesionales de la programaci\u00f3n de las comunidades del proyecto y del resto del Estado. Esta marca de calidad sirve de promoci\u00f3n y apoyo a la distribuci\u00f3n de los mismos fuera del \u00e1mbito del proyecto.&nbsp;<\/p>\n\n\n\n<p>Desde su inicio, en 2019, CEN ha llevado el teatro, la danza y artes del movimiento y el nuevo circo a escenarios alejados de los circuitos habituales, ofreciendo la oportunidad de acceder a la cultura a p\u00fablicos de municipios y localidades sin acceso a este tipo de espect\u00e1culos. Tambi\u00e9n ha facilitado a las compa\u00f1\u00edas seleccionadas en cada edici\u00f3n el acceso a nuevos espacios y escenarios en los que desarrollar su creatividad.<\/p>\n\n\n\n<p>CEN es una iniciativa promovida por las propias asociaciones profesionales de productoras de artes esc\u00e9nicas ESCENA GALEGA (Galicia), ESCENASTURIAS (Asturias), ACEPAE (Cantabria), ESKENA (Euskadi), ESNA (Navarra) y, desde este a\u00f1o, AESCENA (La Rioja). Todas ellas, unidas en la supraentidad Camino Escena Norte Agrupaci\u00f3n de Inter\u00e9s Econ\u00f3mico, creada espec\u00edficamente para el desarrollo, gesti\u00f3n y producci\u00f3n de este proyecto.&nbsp;CEN cuenta con el apoyo econ\u00f3mico de todos los niveles de la administraci\u00f3n, desde la estatal hasta las entidades locales pasando por los gobiernos auton\u00f3micos, provinciales y forales, as\u00ed como diversos patrocinios privados.<\/p>\n","protected":false},"excerpt":{"rendered":"<p>AESCENA y el Gobierno de La Rioja se incorporan al proyecto junto a las asociaciones profesionales y gobiernos auton\u00f3micos, provinciales y forales de Galicia, Asturias, Cantabria, Euskadi y Navarra CEN [&hellip;]<\/p>\n","protected":false},"author":5,"featured_media":68559,"comment_status":"closed","ping_status":"open","sticky":false,"template":"","format":"standard","meta":{"footnotes":""},"categories":[1],"tags":[],"class_list":["post-68554","post","type-post","status-publish","format-standard","has-post-thumbnail","hentry","category-noticias"],"yoast_head":"<!-- This site is optimized with the Yoast SEO plugin v27.2 - https:\/\/yoast.com\/product\/yoast-seo-wordpress\/ -->\n<title>Camino Escena Norte extiende su proyecto de intercambio de artes esc\u00e9nicas a La Rioja - Camino Escena Norte<\/title>\n<meta name=\"robots\" content=\"index, follow, max-snippet:-1, max-image-preview:large, max-video-preview:-1\" \/>\n<link rel=\"canonical\" href=\"https:\/\/escenanorte.com\/ast\/camino-escena-norte-extiende-su-proyecto-de-intercambio-de-artes-escenicas-a-la-rioja\/\" \/>\n<meta property=\"og:locale\" content=\"en_US\" \/>\n<meta property=\"og:type\" content=\"article\" \/>\n<meta property=\"og:title\" content=\"Camino Escena Norte extiende su proyecto de intercambio de artes esc\u00e9nicas a La Rioja - Camino Escena Norte\" \/>\n<meta property=\"og:description\" content=\"AESCENA y el Gobierno de La Rioja se incorporan al proyecto junto a las asociaciones profesionales y gobiernos auton\u00f3micos, provinciales y forales de Galicia, Asturias, Cantabria, Euskadi y Navarra CEN [&hellip;]\" \/>\n<meta property=\"og:url\" content=\"https:\/\/escenanorte.com\/ast\/camino-escena-norte-extiende-su-proyecto-de-intercambio-de-artes-escenicas-a-la-rioja\/\" \/>\n<meta property=\"og:site_name\" content=\"Camino Escena Norte\" \/>\n<meta property=\"article:publisher\" content=\"https:\/\/www.facebook.com\/escenanorte\" \/>\n<meta property=\"article:published_time\" content=\"2025-02-10T11:19:39+00:00\" \/>\n<meta property=\"article:modified_time\" content=\"2025-06-10T11:33:27+00:00\" \/>\n<meta property=\"og:image\" content=\"https:\/\/escenanorte.com\/wp-content\/uploads\/2025\/02\/DSC0714.jpg\" \/>\n\t<meta property=\"og:image:width\" content=\"1080\" \/>\n\t<meta property=\"og:image:height\" content=\"721\" \/>\n\t<meta property=\"og:image:type\" content=\"image\/jpeg\" \/>\n<meta name=\"author\" content=\"Noelia\" \/>\n<meta name=\"twitter:card\" content=\"summary_large_image\" \/>\n<meta name=\"twitter:label1\" content=\"Written by\" \/>\n\t<meta name=\"twitter:data1\" content=\"Noelia\" \/>\n\t<meta name=\"twitter:label2\" content=\"Est. reading time\" \/>\n\t<meta name=\"twitter:data2\" content=\"3 minutes\" \/>\n<script type=\"application\/ld+json\" class=\"yoast-schema-graph\">{\"@context\":\"https:\/\/schema.org\",\"@graph\":[{\"@type\":\"Article\",\"@id\":\"https:\/\/escenanorte.com\/ast\/camino-escena-norte-extiende-su-proyecto-de-intercambio-de-artes-escenicas-a-la-rioja\/#article\",\"isPartOf\":{\"@id\":\"https:\/\/escenanorte.com\/ast\/camino-escena-norte-extiende-su-proyecto-de-intercambio-de-artes-escenicas-a-la-rioja\/\"},\"author\":{\"name\":\"Noelia\",\"@id\":\"https:\/\/escenanorte.com\/ast\/#\/schema\/person\/e710b5aa0c486f243b4d527a4259c37c\"},\"headline\":\"Camino Escena Norte extiende su proyecto de intercambio de artes esc\u00e9nicas a La Rioja\",\"datePublished\":\"2025-02-10T11:19:39+00:00\",\"dateModified\":\"2025-06-10T11:33:27+00:00\",\"mainEntityOfPage\":{\"@id\":\"https:\/\/escenanorte.com\/ast\/camino-escena-norte-extiende-su-proyecto-de-intercambio-de-artes-escenicas-a-la-rioja\/\"},\"wordCount\":668,\"image\":{\"@id\":\"https:\/\/escenanorte.com\/ast\/camino-escena-norte-extiende-su-proyecto-de-intercambio-de-artes-escenicas-a-la-rioja\/#primaryimage\"},\"thumbnailUrl\":\"https:\/\/escenanorte.com\/wp-content\/uploads\/2025\/02\/DSC0714.jpg\",\"articleSection\":[\"Noticias\"],\"inLanguage\":\"ast-ES\"},{\"@type\":\"WebPage\",\"@id\":\"https:\/\/escenanorte.com\/ast\/camino-escena-norte-extiende-su-proyecto-de-intercambio-de-artes-escenicas-a-la-rioja\/\",\"url\":\"https:\/\/escenanorte.com\/ast\/camino-escena-norte-extiende-su-proyecto-de-intercambio-de-artes-escenicas-a-la-rioja\/\",\"name\":\"Camino Escena Norte extiende su proyecto de intercambio de artes esc\u00e9nicas a La Rioja - Camino Escena Norte\",\"isPartOf\":{\"@id\":\"https:\/\/escenanorte.com\/ast\/#website\"},\"primaryImageOfPage\":{\"@id\":\"https:\/\/escenanorte.com\/ast\/camino-escena-norte-extiende-su-proyecto-de-intercambio-de-artes-escenicas-a-la-rioja\/#primaryimage\"},\"image\":{\"@id\":\"https:\/\/escenanorte.com\/ast\/camino-escena-norte-extiende-su-proyecto-de-intercambio-de-artes-escenicas-a-la-rioja\/#primaryimage\"},\"thumbnailUrl\":\"https:\/\/escenanorte.com\/wp-content\/uploads\/2025\/02\/DSC0714.jpg\",\"datePublished\":\"2025-02-10T11:19:39+00:00\",\"dateModified\":\"2025-06-10T11:33:27+00:00\",\"author\":{\"@id\":\"https:\/\/escenanorte.com\/ast\/#\/schema\/person\/e710b5aa0c486f243b4d527a4259c37c\"},\"breadcrumb\":{\"@id\":\"https:\/\/escenanorte.com\/ast\/camino-escena-norte-extiende-su-proyecto-de-intercambio-de-artes-escenicas-a-la-rioja\/#breadcrumb\"},\"inLanguage\":\"ast-ES\",\"potentialAction\":[{\"@type\":\"ReadAction\",\"target\":[\"https:\/\/escenanorte.com\/ast\/camino-escena-norte-extiende-su-proyecto-de-intercambio-de-artes-escenicas-a-la-rioja\/\"]}]},{\"@type\":\"ImageObject\",\"inLanguage\":\"ast-ES\",\"@id\":\"https:\/\/escenanorte.com\/ast\/camino-escena-norte-extiende-su-proyecto-de-intercambio-de-artes-escenicas-a-la-rioja\/#primaryimage\",\"url\":\"https:\/\/escenanorte.com\/wp-content\/uploads\/2025\/02\/DSC0714.jpg\",\"contentUrl\":\"https:\/\/escenanorte.com\/wp-content\/uploads\/2025\/02\/DSC0714.jpg\",\"width\":1080,\"height\":721},{\"@type\":\"BreadcrumbList\",\"@id\":\"https:\/\/escenanorte.com\/ast\/camino-escena-norte-extiende-su-proyecto-de-intercambio-de-artes-escenicas-a-la-rioja\/#breadcrumb\",\"itemListElement\":[{\"@type\":\"ListItem\",\"position\":1,\"name\":\"Portada\",\"item\":\"https:\/\/escenanorte.com\/ast\/\"},{\"@type\":\"ListItem\",\"position\":2,\"name\":\"Camino Escena Norte extiende su proyecto de intercambio de artes esc\u00e9nicas a La Rioja\"}]},{\"@type\":\"WebSite\",\"@id\":\"https:\/\/escenanorte.com\/ast\/#website\",\"url\":\"https:\/\/escenanorte.com\/ast\/\",\"name\":\"Camino Escena Norte\",\"description\":\"Escena Norte\",\"potentialAction\":[{\"@type\":\"SearchAction\",\"target\":{\"@type\":\"EntryPoint\",\"urlTemplate\":\"https:\/\/escenanorte.com\/ast\/?s={search_term_string}\"},\"query-input\":{\"@type\":\"PropertyValueSpecification\",\"valueRequired\":true,\"valueName\":\"search_term_string\"}}],\"inLanguage\":\"ast-ES\"},{\"@type\":\"Person\",\"@id\":\"https:\/\/escenanorte.com\/ast\/#\/schema\/person\/e710b5aa0c486f243b4d527a4259c37c\",\"name\":\"Noelia\",\"image\":{\"@type\":\"ImageObject\",\"inLanguage\":\"ast-ES\",\"@id\":\"https:\/\/secure.gravatar.com\/avatar\/d590b317b870f28020001606673cfd05bb4d34b9ede2d6a843ea8073c8ac9352?s=96&d=blank&r=g\",\"url\":\"https:\/\/secure.gravatar.com\/avatar\/d590b317b870f28020001606673cfd05bb4d34b9ede2d6a843ea8073c8ac9352?s=96&d=blank&r=g\",\"contentUrl\":\"https:\/\/secure.gravatar.com\/avatar\/d590b317b870f28020001606673cfd05bb4d34b9ede2d6a843ea8073c8ac9352?s=96&d=blank&r=g\",\"caption\":\"Noelia\"},\"url\":\"https:\/\/escenanorte.com\/ast\/author\/noelia\/\"}]}<\/script>\n<!-- \/ Yoast SEO plugin. -->","yoast_head_json":{"title":"Camino Escena Norte extiende su proyecto de intercambio de artes esc\u00e9nicas a La Rioja - Camino Escena Norte","robots":{"index":"index","follow":"follow","max-snippet":"max-snippet:-1","max-image-preview":"max-image-preview:large","max-video-preview":"max-video-preview:-1"},"canonical":"https:\/\/escenanorte.com\/ast\/camino-escena-norte-extiende-su-proyecto-de-intercambio-de-artes-escenicas-a-la-rioja\/","og_locale":"en_US","og_type":"article","og_title":"Camino Escena Norte extiende su proyecto de intercambio de artes esc\u00e9nicas a La Rioja - Camino Escena Norte","og_description":"AESCENA y el Gobierno de La Rioja se incorporan al proyecto junto a las asociaciones profesionales y gobiernos auton\u00f3micos, provinciales y forales de Galicia, Asturias, Cantabria, Euskadi y Navarra CEN [&hellip;]","og_url":"https:\/\/escenanorte.com\/ast\/camino-escena-norte-extiende-su-proyecto-de-intercambio-de-artes-escenicas-a-la-rioja\/","og_site_name":"Camino Escena Norte","article_publisher":"https:\/\/www.facebook.com\/escenanorte","article_published_time":"2025-02-10T11:19:39+00:00","article_modified_time":"2025-06-10T11:33:27+00:00","og_image":[{"width":1080,"height":721,"url":"https:\/\/escenanorte.com\/wp-content\/uploads\/2025\/02\/DSC0714.jpg","type":"image\/jpeg"}],"author":"Noelia","twitter_card":"summary_large_image","twitter_misc":{"Written by":"Noelia","Est. reading time":"3 minutes"},"schema":{"@context":"https:\/\/schema.org","@graph":[{"@type":"Article","@id":"https:\/\/escenanorte.com\/ast\/camino-escena-norte-extiende-su-proyecto-de-intercambio-de-artes-escenicas-a-la-rioja\/#article","isPartOf":{"@id":"https:\/\/escenanorte.com\/ast\/camino-escena-norte-extiende-su-proyecto-de-intercambio-de-artes-escenicas-a-la-rioja\/"},"author":{"name":"Noelia","@id":"https:\/\/escenanorte.com\/ast\/#\/schema\/person\/e710b5aa0c486f243b4d527a4259c37c"},"headline":"Camino Escena Norte extiende su proyecto de intercambio de artes esc\u00e9nicas a La Rioja","datePublished":"2025-02-10T11:19:39+00:00","dateModified":"2025-06-10T11:33:27+00:00","mainEntityOfPage":{"@id":"https:\/\/escenanorte.com\/ast\/camino-escena-norte-extiende-su-proyecto-de-intercambio-de-artes-escenicas-a-la-rioja\/"},"wordCount":668,"image":{"@id":"https:\/\/escenanorte.com\/ast\/camino-escena-norte-extiende-su-proyecto-de-intercambio-de-artes-escenicas-a-la-rioja\/#primaryimage"},"thumbnailUrl":"https:\/\/escenanorte.com\/wp-content\/uploads\/2025\/02\/DSC0714.jpg","articleSection":["Noticias"],"inLanguage":"ast-ES"},{"@type":"WebPage","@id":"https:\/\/escenanorte.com\/ast\/camino-escena-norte-extiende-su-proyecto-de-intercambio-de-artes-escenicas-a-la-rioja\/","url":"https:\/\/escenanorte.com\/ast\/camino-escena-norte-extiende-su-proyecto-de-intercambio-de-artes-escenicas-a-la-rioja\/","name":"Camino Escena Norte extiende su proyecto de intercambio de artes esc\u00e9nicas a La Rioja - Camino Escena Norte","isPartOf":{"@id":"https:\/\/escenanorte.com\/ast\/#website"},"primaryImageOfPage":{"@id":"https:\/\/escenanorte.com\/ast\/camino-escena-norte-extiende-su-proyecto-de-intercambio-de-artes-escenicas-a-la-rioja\/#primaryimage"},"image":{"@id":"https:\/\/escenanorte.com\/ast\/camino-escena-norte-extiende-su-proyecto-de-intercambio-de-artes-escenicas-a-la-rioja\/#primaryimage"},"thumbnailUrl":"https:\/\/escenanorte.com\/wp-content\/uploads\/2025\/02\/DSC0714.jpg","datePublished":"2025-02-10T11:19:39+00:00","dateModified":"2025-06-10T11:33:27+00:00","author":{"@id":"https:\/\/escenanorte.com\/ast\/#\/schema\/person\/e710b5aa0c486f243b4d527a4259c37c"},"breadcrumb":{"@id":"https:\/\/escenanorte.com\/ast\/camino-escena-norte-extiende-su-proyecto-de-intercambio-de-artes-escenicas-a-la-rioja\/#breadcrumb"},"inLanguage":"ast-ES","potentialAction":[{"@type":"ReadAction","target":["https:\/\/escenanorte.com\/ast\/camino-escena-norte-extiende-su-proyecto-de-intercambio-de-artes-escenicas-a-la-rioja\/"]}]},{"@type":"ImageObject","inLanguage":"ast-ES","@id":"https:\/\/escenanorte.com\/ast\/camino-escena-norte-extiende-su-proyecto-de-intercambio-de-artes-escenicas-a-la-rioja\/#primaryimage","url":"https:\/\/escenanorte.com\/wp-content\/uploads\/2025\/02\/DSC0714.jpg","contentUrl":"https:\/\/escenanorte.com\/wp-content\/uploads\/2025\/02\/DSC0714.jpg","width":1080,"height":721},{"@type":"BreadcrumbList","@id":"https:\/\/escenanorte.com\/ast\/camino-escena-norte-extiende-su-proyecto-de-intercambio-de-artes-escenicas-a-la-rioja\/#breadcrumb","itemListElement":[{"@type":"ListItem","position":1,"name":"Portada","item":"https:\/\/escenanorte.com\/ast\/"},{"@type":"ListItem","position":2,"name":"Camino Escena Norte extiende su proyecto de intercambio de artes esc\u00e9nicas a La Rioja"}]},{"@type":"WebSite","@id":"https:\/\/escenanorte.com\/ast\/#website","url":"https:\/\/escenanorte.com\/ast\/","name":"Camino Escena Norte","description":"Escena Norte","potentialAction":[{"@type":"SearchAction","target":{"@type":"EntryPoint","urlTemplate":"https:\/\/escenanorte.com\/ast\/?s={search_term_string}"},"query-input":{"@type":"PropertyValueSpecification","valueRequired":true,"valueName":"search_term_string"}}],"inLanguage":"ast-ES"},{"@type":"Person","@id":"https:\/\/escenanorte.com\/ast\/#\/schema\/person\/e710b5aa0c486f243b4d527a4259c37c","name":"Noelia","image":{"@type":"ImageObject","inLanguage":"ast-ES","@id":"https:\/\/secure.gravatar.com\/avatar\/d590b317b870f28020001606673cfd05bb4d34b9ede2d6a843ea8073c8ac9352?s=96&d=blank&r=g","url":"https:\/\/secure.gravatar.com\/avatar\/d590b317b870f28020001606673cfd05bb4d34b9ede2d6a843ea8073c8ac9352?s=96&d=blank&r=g","contentUrl":"https:\/\/secure.gravatar.com\/avatar\/d590b317b870f28020001606673cfd05bb4d34b9ede2d6a843ea8073c8ac9352?s=96&d=blank&r=g","caption":"Noelia"},"url":"https:\/\/escenanorte.com\/ast\/author\/noelia\/"}]}},"publishpress_future_action":{"enabled":false,"date":"2026-05-06 13:57:04","action":"change-status","newStatus":"draft","terms":[],"taxonomy":"category","extraData":[]},"publishpress_future_workflow_manual_trigger":{"enabledWorkflows":[]},"_links":{"self":[{"href":"https:\/\/escenanorte.com\/ast\/wp-json\/wp\/v2\/posts\/68554","targetHints":{"allow":["GET"]}}],"collection":[{"href":"https:\/\/escenanorte.com\/ast\/wp-json\/wp\/v2\/posts"}],"about":[{"href":"https:\/\/escenanorte.com\/ast\/wp-json\/wp\/v2\/types\/post"}],"author":[{"embeddable":true,"href":"https:\/\/escenanorte.com\/ast\/wp-json\/wp\/v2\/users\/5"}],"replies":[{"embeddable":true,"href":"https:\/\/escenanorte.com\/ast\/wp-json\/wp\/v2\/comments?post=68554"}],"version-history":[{"count":3,"href":"https:\/\/escenanorte.com\/ast\/wp-json\/wp\/v2\/posts\/68554\/revisions"}],"predecessor-version":[{"id":75702,"href":"https:\/\/escenanorte.com\/ast\/wp-json\/wp\/v2\/posts\/68554\/revisions\/75702"}],"wp:featuredmedia":[{"embeddable":true,"href":"https:\/\/escenanorte.com\/ast\/wp-json\/wp\/v2\/media\/68559"}],"wp:attachment":[{"href":"https:\/\/escenanorte.com\/ast\/wp-json\/wp\/v2\/media?parent=68554"}],"wp:term":[{"taxonomy":"category","embeddable":true,"href":"https:\/\/escenanorte.com\/ast\/wp-json\/wp\/v2\/categories?post=68554"},{"taxonomy":"post_tag","embeddable":true,"href":"https:\/\/escenanorte.com\/ast\/wp-json\/wp\/v2\/tags?post=68554"}],"curies":[{"name":"wp","href":"https:\/\/api.w.org\/{rel}","templated":true}]}}