{"id":67615,"date":"2024-09-11T10:42:53","date_gmt":"2024-09-11T08:42:53","guid":{"rendered":"https:\/\/escenanorte.com\/?p=67615"},"modified":"2024-09-11T10:49:10","modified_gmt":"2024-09-11T08:49:10","slug":"anxo-manoel-reconocimiento-julio-pena-2024","status":"publish","type":"post","link":"https:\/\/escenanorte.com\/ast\/anxo-manoel-reconocimiento-julio-pena-2024\/","title":{"rendered":"Anxo Manoel recibe el reconocimiento \u201cJulio Pe\u00f1a\u201d a los valores de cooperaci\u00f3n de Camino Escena Norte"},"content":{"rendered":"\n<p>Las asociaciones promotoras de Camino Escena Norte crearon en 2023 un reconocimiento de car\u00e1cter no competitivo para visibilizar cada a\u00f1o la labor de profesionales y\/o entidades dentro del marco de los valores que maneja nuestro proyecto: la cooperaci\u00f3n interterritorial, el trabajo sectorial en red, la sostenibilidad y la creaci\u00f3n de nuevas oportunidades para las artes esc\u00e9nicas profesionales en Galicia, Asturias, Cantabria, Euskadi y Navarra. <\/p>\n\n\n\n<p>En este 2024, la organizaci\u00f3n contin\u00faa con esta iniciativa y celebra ya la II Edici\u00f3n del Reconocimiento &#8220;Julio Pe\u00f1a&#8221; a los Valores de Cooperaci\u00f3n de Camino Escena Norte. Fallecido el a\u00f1o pasado, justo cuando se encontraba en el proceso de valoraci\u00f3n de los espect\u00e1culos presentados a nuestro ciclo Constelaciones 2023 como parte de la comisi\u00f3n profesional de Cantabria, Julio Pe\u00f1a apoy\u00f3 decididamente este proyecto desde su creaci\u00f3n, creyendo firmemente en este camino de cooperaci\u00f3n que empezaba haya por 2019 y trabajando desde sus responsabilidades en los circuitos esc\u00e9nicos c\u00e1ntabros para su afianzamiento. <\/p>\n\n\n\n<p><strong>El Reconocimiento &#8220;Julio Pe\u00f1a&#8221; a los Valores de Cooperaci\u00f3n de Camino Escena Norte de este 2024 es para Anxo Manoel, <\/strong>asesor del \u00e1rea de Cultura, Turismo e Promoci\u00f3n da Lingua del Concello de Lugo. Se le entregar\u00e1 el galard\u00f3n durante Habitaci\u00f3n Peregrina PRO, que celebramos en Lugo del 17 al 19 de septiembre.<\/p>\n\n\n\n<figure class=\"wp-block-image size-large\"><img loading=\"lazy\" decoding=\"async\" width=\"1024\" height=\"1024\" src=\"https:\/\/escenanorte.com\/wp-content\/uploads\/2024\/09\/CEN24-Reconocimiento-2024-1024x1024.png\" alt=\"\" class=\"wp-image-67630\" srcset=\"https:\/\/escenanorte.com\/wp-content\/uploads\/2024\/09\/CEN24-Reconocimiento-2024-1024x1024.png 1024w, https:\/\/escenanorte.com\/wp-content\/uploads\/2024\/09\/CEN24-Reconocimiento-2024-300x300.png 300w, https:\/\/escenanorte.com\/wp-content\/uploads\/2024\/09\/CEN24-Reconocimiento-2024-150x150.png 150w, https:\/\/escenanorte.com\/wp-content\/uploads\/2024\/09\/CEN24-Reconocimiento-2024-768x768.png 768w, https:\/\/escenanorte.com\/wp-content\/uploads\/2024\/09\/CEN24-Reconocimiento-2024-1536x1536.png 1536w, https:\/\/escenanorte.com\/wp-content\/uploads\/2024\/09\/CEN24-Reconocimiento-2024-2048x2048.png 2048w\" sizes=\"(max-width: 1024px) 100vw, 1024px\" \/><\/figure>\n\n\n\n<p><strong>Sobre Anxo Manoel <\/strong><\/p>\n\n\n\n<p>Anxo Manoel es asesor del \u00e1rea de Cultura, Turismo e Promoci\u00f3n da Lingua del Concello de Lugo. Actor, director y dramaturgo, durante a\u00f1os dirigi\u00f3 la compa\u00f1\u00eda teatral con sede en Lugo Lucec\u00fas Teatro. Persona vinculada y muy activa dentro del sector esc\u00e9nico fue durante a\u00f1os miembro de la Junta Directiva de Escena Galega, concretamente su tesorero. En la actualidad sigue vinculado a la promoci\u00f3n y puesta marcha de distintos proyectos e iniciativas culturales en Lugo, entre las que destacan los <em>Microefectos Dramat\u00farxicos.<\/em><\/p>\n\n\n\n<p>En el a\u00f1o 2019 aparca su faceta como compa\u00f1\u00eda para entrar a formar parte del nuevo equipo de gobierno de la corporaci\u00f3n municipal de Lugo, concretamente como asesor del \u00c1rea de Cultura, Turismo e Promoci\u00f3n da Lingua, con funciones de programaci\u00f3n de contenidos y dise\u00f1o de estrategia para los distintos equipamientos culturales de titularidad municipal. En el \u00e1mbito de las artes esc\u00e9nicas profesionales, la programaci\u00f3n del Concello de Lugo ha dado un giro de 180 grados, con un despliegue de programaci\u00f3n diversa, de calidad y que atiende tanto a las compa\u00f1\u00edas gallegas como a compa\u00f1\u00edas del resto del Estado, cooperando adem\u00e1s con los agentes locales en la puesta en marcha de programaciones espec\u00edficas para la infancia, la danza y las artes del movimiento o las residencias art\u00edsticas.<\/p>\n\n\n\n<p>A nivel de Camino Escena Norte, Anxo encarna de manera perfecta los \u201cvalores de cooperaci\u00f3n\u201d que promovemos con este reconocimiento. <strong>Es gracias a su empe\u00f1o, trabajo e interlocuci\u00f3n que conseguimos en 2020 el apoyo de la Diputaci\u00f3n Provincial de Lugo que posibilita realizar nuestro encuentro.<\/strong> Anxo est\u00e1, adem\u00e1s, siempre atento a lo que necesitamos, posibilitando a nivel municipal no s\u00f3lo la cesi\u00f3n de los espacios, sino toda la interlocuci\u00f3n necesaria para que Habitaci\u00f3n Peregrina PRO se desarrolle a la perfecci\u00f3n. Siempre est\u00e1 adem\u00e1s atento a \u201clo que venga de Camino Escena Norte\u201d y gracias a \u00e9l el Concello de Lugo es el ejemplo de lo que nos gustar\u00eda conseguir en el medio y largo plazo. Compa\u00f1\u00edas participantes (en las giras, el encuentro\u2026) han sido programadas despu\u00e9s en Lugo fuera del \u00e1mbito del proyecto en distintas programaciones. Es por todo esto que reconocemos a Anxo p\u00fablicamente por su esp\u00edritu de cooperaci\u00f3n a trav\u00e9s de este reconocimiento de Camino Escena Norte.<\/p>\n\n\n\n<p><\/p>\n","protected":false},"excerpt":{"rendered":"<p>Las asociaciones promotoras de Camino Escena Norte crearon en 2023 un reconocimiento de car\u00e1cter no competitivo para visibilizar cada a\u00f1o la labor de profesionales y\/o entidades dentro del marco de [&hellip;]<\/p>\n","protected":false},"author":5,"featured_media":67634,"comment_status":"closed","ping_status":"open","sticky":false,"template":"","format":"standard","meta":{"footnotes":""},"categories":[1],"tags":[],"class_list":["post-67615","post","type-post","status-publish","format-standard","has-post-thumbnail","hentry","category-noticias"],"yoast_head":"<!-- This site is optimized with the Yoast SEO plugin v27.2 - https:\/\/yoast.com\/product\/yoast-seo-wordpress\/ -->\n<title>Anxo Manoel recibe el reconocimiento \u201cJulio Pe\u00f1a\u201d a los valores de cooperaci\u00f3n de Camino Escena Norte - Camino Escena Norte<\/title>\n<meta name=\"description\" content=\"Anxo Manoel es asesor del \u00e1rea de Cultura, Turismo e Promoci\u00f3n da Lingua del Concello de Lugo. Recibir\u00e1 el premio en este 2024.\" \/>\n<meta name=\"robots\" content=\"index, follow, max-snippet:-1, max-image-preview:large, max-video-preview:-1\" \/>\n<link rel=\"canonical\" href=\"https:\/\/escenanorte.com\/ast\/anxo-manoel-reconocimiento-julio-pena-2024\/\" \/>\n<meta property=\"og:locale\" content=\"en_US\" \/>\n<meta property=\"og:type\" content=\"article\" \/>\n<meta property=\"og:title\" content=\"Anxo Manoel recibe el reconocimiento \u201cJulio Pe\u00f1a\u201d a los valores de cooperaci\u00f3n de Camino Escena Norte - Camino Escena Norte\" \/>\n<meta property=\"og:description\" content=\"Anxo Manoel es asesor del \u00e1rea de Cultura, Turismo e Promoci\u00f3n da Lingua del Concello de Lugo. Recibir\u00e1 el premio en este 2024.\" \/>\n<meta property=\"og:url\" content=\"https:\/\/escenanorte.com\/ast\/anxo-manoel-reconocimiento-julio-pena-2024\/\" \/>\n<meta property=\"og:site_name\" content=\"Camino Escena Norte\" \/>\n<meta property=\"article:publisher\" content=\"https:\/\/www.facebook.com\/escenanorte\" \/>\n<meta property=\"article:published_time\" content=\"2024-09-11T08:42:53+00:00\" \/>\n<meta property=\"article:modified_time\" content=\"2024-09-11T08:49:10+00:00\" \/>\n<meta property=\"og:image\" content=\"https:\/\/escenanorte.com\/wp-content\/uploads\/2024\/09\/anxomanoel.jpeg\" \/>\n\t<meta property=\"og:image:width\" content=\"958\" \/>\n\t<meta property=\"og:image:height\" content=\"1280\" \/>\n\t<meta property=\"og:image:type\" content=\"image\/jpeg\" \/>\n<meta name=\"author\" content=\"Noelia\" \/>\n<meta name=\"twitter:card\" content=\"summary_large_image\" \/>\n<meta name=\"twitter:label1\" content=\"Written by\" \/>\n\t<meta name=\"twitter:data1\" content=\"Noelia\" \/>\n\t<meta name=\"twitter:label2\" content=\"Est. reading time\" \/>\n\t<meta name=\"twitter:data2\" content=\"3 minutes\" \/>\n<script type=\"application\/ld+json\" class=\"yoast-schema-graph\">{\"@context\":\"https:\/\/schema.org\",\"@graph\":[{\"@type\":\"Article\",\"@id\":\"https:\/\/escenanorte.com\/ast\/anxo-manoel-reconocimiento-julio-pena-2024\/#article\",\"isPartOf\":{\"@id\":\"https:\/\/escenanorte.com\/ast\/anxo-manoel-reconocimiento-julio-pena-2024\/\"},\"author\":{\"name\":\"Noelia\",\"@id\":\"https:\/\/escenanorte.com\/ast\/#\/schema\/person\/e710b5aa0c486f243b4d527a4259c37c\"},\"headline\":\"Anxo Manoel recibe el reconocimiento \u201cJulio Pe\u00f1a\u201d a los valores de cooperaci\u00f3n de Camino Escena Norte\",\"datePublished\":\"2024-09-11T08:42:53+00:00\",\"dateModified\":\"2024-09-11T08:49:10+00:00\",\"mainEntityOfPage\":{\"@id\":\"https:\/\/escenanorte.com\/ast\/anxo-manoel-reconocimiento-julio-pena-2024\/\"},\"wordCount\":653,\"image\":{\"@id\":\"https:\/\/escenanorte.com\/ast\/anxo-manoel-reconocimiento-julio-pena-2024\/#primaryimage\"},\"thumbnailUrl\":\"https:\/\/escenanorte.com\/wp-content\/uploads\/2024\/09\/anxomanoel.jpeg\",\"articleSection\":[\"Noticias\"],\"inLanguage\":\"ast-ES\"},{\"@type\":\"WebPage\",\"@id\":\"https:\/\/escenanorte.com\/ast\/anxo-manoel-reconocimiento-julio-pena-2024\/\",\"url\":\"https:\/\/escenanorte.com\/ast\/anxo-manoel-reconocimiento-julio-pena-2024\/\",\"name\":\"Anxo Manoel recibe el reconocimiento \u201cJulio Pe\u00f1a\u201d a los valores de cooperaci\u00f3n de Camino Escena Norte - Camino Escena Norte\",\"isPartOf\":{\"@id\":\"https:\/\/escenanorte.com\/ast\/#website\"},\"primaryImageOfPage\":{\"@id\":\"https:\/\/escenanorte.com\/ast\/anxo-manoel-reconocimiento-julio-pena-2024\/#primaryimage\"},\"image\":{\"@id\":\"https:\/\/escenanorte.com\/ast\/anxo-manoel-reconocimiento-julio-pena-2024\/#primaryimage\"},\"thumbnailUrl\":\"https:\/\/escenanorte.com\/wp-content\/uploads\/2024\/09\/anxomanoel.jpeg\",\"datePublished\":\"2024-09-11T08:42:53+00:00\",\"dateModified\":\"2024-09-11T08:49:10+00:00\",\"author\":{\"@id\":\"https:\/\/escenanorte.com\/ast\/#\/schema\/person\/e710b5aa0c486f243b4d527a4259c37c\"},\"description\":\"Anxo Manoel es asesor del \u00e1rea de Cultura, Turismo e Promoci\u00f3n da Lingua del Concello de Lugo. Recibir\u00e1 el premio en este 2024.\",\"breadcrumb\":{\"@id\":\"https:\/\/escenanorte.com\/ast\/anxo-manoel-reconocimiento-julio-pena-2024\/#breadcrumb\"},\"inLanguage\":\"ast-ES\",\"potentialAction\":[{\"@type\":\"ReadAction\",\"target\":[\"https:\/\/escenanorte.com\/ast\/anxo-manoel-reconocimiento-julio-pena-2024\/\"]}]},{\"@type\":\"ImageObject\",\"inLanguage\":\"ast-ES\",\"@id\":\"https:\/\/escenanorte.com\/ast\/anxo-manoel-reconocimiento-julio-pena-2024\/#primaryimage\",\"url\":\"https:\/\/escenanorte.com\/wp-content\/uploads\/2024\/09\/anxomanoel.jpeg\",\"contentUrl\":\"https:\/\/escenanorte.com\/wp-content\/uploads\/2024\/09\/anxomanoel.jpeg\",\"width\":958,\"height\":1280},{\"@type\":\"BreadcrumbList\",\"@id\":\"https:\/\/escenanorte.com\/ast\/anxo-manoel-reconocimiento-julio-pena-2024\/#breadcrumb\",\"itemListElement\":[{\"@type\":\"ListItem\",\"position\":1,\"name\":\"Portada\",\"item\":\"https:\/\/escenanorte.com\/ast\/\"},{\"@type\":\"ListItem\",\"position\":2,\"name\":\"Anxo Manoel recibe el reconocimiento \u201cJulio Pe\u00f1a\u201d a los valores de cooperaci\u00f3n de Camino Escena Norte\"}]},{\"@type\":\"WebSite\",\"@id\":\"https:\/\/escenanorte.com\/ast\/#website\",\"url\":\"https:\/\/escenanorte.com\/ast\/\",\"name\":\"Camino Escena Norte\",\"description\":\"Escena Norte\",\"potentialAction\":[{\"@type\":\"SearchAction\",\"target\":{\"@type\":\"EntryPoint\",\"urlTemplate\":\"https:\/\/escenanorte.com\/ast\/?s={search_term_string}\"},\"query-input\":{\"@type\":\"PropertyValueSpecification\",\"valueRequired\":true,\"valueName\":\"search_term_string\"}}],\"inLanguage\":\"ast-ES\"},{\"@type\":\"Person\",\"@id\":\"https:\/\/escenanorte.com\/ast\/#\/schema\/person\/e710b5aa0c486f243b4d527a4259c37c\",\"name\":\"Noelia\",\"image\":{\"@type\":\"ImageObject\",\"inLanguage\":\"ast-ES\",\"@id\":\"https:\/\/secure.gravatar.com\/avatar\/d590b317b870f28020001606673cfd05bb4d34b9ede2d6a843ea8073c8ac9352?s=96&d=blank&r=g\",\"url\":\"https:\/\/secure.gravatar.com\/avatar\/d590b317b870f28020001606673cfd05bb4d34b9ede2d6a843ea8073c8ac9352?s=96&d=blank&r=g\",\"contentUrl\":\"https:\/\/secure.gravatar.com\/avatar\/d590b317b870f28020001606673cfd05bb4d34b9ede2d6a843ea8073c8ac9352?s=96&d=blank&r=g\",\"caption\":\"Noelia\"},\"url\":\"https:\/\/escenanorte.com\/ast\/author\/noelia\/\"}]}<\/script>\n<!-- \/ Yoast SEO plugin. -->","yoast_head_json":{"title":"Anxo Manoel recibe el reconocimiento \u201cJulio Pe\u00f1a\u201d a los valores de cooperaci\u00f3n de Camino Escena Norte - Camino Escena Norte","description":"Anxo Manoel es asesor del \u00e1rea de Cultura, Turismo e Promoci\u00f3n da Lingua del Concello de Lugo. Recibir\u00e1 el premio en este 2024.","robots":{"index":"index","follow":"follow","max-snippet":"max-snippet:-1","max-image-preview":"max-image-preview:large","max-video-preview":"max-video-preview:-1"},"canonical":"https:\/\/escenanorte.com\/ast\/anxo-manoel-reconocimiento-julio-pena-2024\/","og_locale":"en_US","og_type":"article","og_title":"Anxo Manoel recibe el reconocimiento \u201cJulio Pe\u00f1a\u201d a los valores de cooperaci\u00f3n de Camino Escena Norte - Camino Escena Norte","og_description":"Anxo Manoel es asesor del \u00e1rea de Cultura, Turismo e Promoci\u00f3n da Lingua del Concello de Lugo. Recibir\u00e1 el premio en este 2024.","og_url":"https:\/\/escenanorte.com\/ast\/anxo-manoel-reconocimiento-julio-pena-2024\/","og_site_name":"Camino Escena Norte","article_publisher":"https:\/\/www.facebook.com\/escenanorte","article_published_time":"2024-09-11T08:42:53+00:00","article_modified_time":"2024-09-11T08:49:10+00:00","og_image":[{"width":958,"height":1280,"url":"https:\/\/escenanorte.com\/wp-content\/uploads\/2024\/09\/anxomanoel.jpeg","type":"image\/jpeg"}],"author":"Noelia","twitter_card":"summary_large_image","twitter_misc":{"Written by":"Noelia","Est. reading time":"3 minutes"},"schema":{"@context":"https:\/\/schema.org","@graph":[{"@type":"Article","@id":"https:\/\/escenanorte.com\/ast\/anxo-manoel-reconocimiento-julio-pena-2024\/#article","isPartOf":{"@id":"https:\/\/escenanorte.com\/ast\/anxo-manoel-reconocimiento-julio-pena-2024\/"},"author":{"name":"Noelia","@id":"https:\/\/escenanorte.com\/ast\/#\/schema\/person\/e710b5aa0c486f243b4d527a4259c37c"},"headline":"Anxo Manoel recibe el reconocimiento \u201cJulio Pe\u00f1a\u201d a los valores de cooperaci\u00f3n de Camino Escena Norte","datePublished":"2024-09-11T08:42:53+00:00","dateModified":"2024-09-11T08:49:10+00:00","mainEntityOfPage":{"@id":"https:\/\/escenanorte.com\/ast\/anxo-manoel-reconocimiento-julio-pena-2024\/"},"wordCount":653,"image":{"@id":"https:\/\/escenanorte.com\/ast\/anxo-manoel-reconocimiento-julio-pena-2024\/#primaryimage"},"thumbnailUrl":"https:\/\/escenanorte.com\/wp-content\/uploads\/2024\/09\/anxomanoel.jpeg","articleSection":["Noticias"],"inLanguage":"ast-ES"},{"@type":"WebPage","@id":"https:\/\/escenanorte.com\/ast\/anxo-manoel-reconocimiento-julio-pena-2024\/","url":"https:\/\/escenanorte.com\/ast\/anxo-manoel-reconocimiento-julio-pena-2024\/","name":"Anxo Manoel recibe el reconocimiento \u201cJulio Pe\u00f1a\u201d a los valores de cooperaci\u00f3n de Camino Escena Norte - Camino Escena Norte","isPartOf":{"@id":"https:\/\/escenanorte.com\/ast\/#website"},"primaryImageOfPage":{"@id":"https:\/\/escenanorte.com\/ast\/anxo-manoel-reconocimiento-julio-pena-2024\/#primaryimage"},"image":{"@id":"https:\/\/escenanorte.com\/ast\/anxo-manoel-reconocimiento-julio-pena-2024\/#primaryimage"},"thumbnailUrl":"https:\/\/escenanorte.com\/wp-content\/uploads\/2024\/09\/anxomanoel.jpeg","datePublished":"2024-09-11T08:42:53+00:00","dateModified":"2024-09-11T08:49:10+00:00","author":{"@id":"https:\/\/escenanorte.com\/ast\/#\/schema\/person\/e710b5aa0c486f243b4d527a4259c37c"},"description":"Anxo Manoel es asesor del \u00e1rea de Cultura, Turismo e Promoci\u00f3n da Lingua del Concello de Lugo. Recibir\u00e1 el premio en este 2024.","breadcrumb":{"@id":"https:\/\/escenanorte.com\/ast\/anxo-manoel-reconocimiento-julio-pena-2024\/#breadcrumb"},"inLanguage":"ast-ES","potentialAction":[{"@type":"ReadAction","target":["https:\/\/escenanorte.com\/ast\/anxo-manoel-reconocimiento-julio-pena-2024\/"]}]},{"@type":"ImageObject","inLanguage":"ast-ES","@id":"https:\/\/escenanorte.com\/ast\/anxo-manoel-reconocimiento-julio-pena-2024\/#primaryimage","url":"https:\/\/escenanorte.com\/wp-content\/uploads\/2024\/09\/anxomanoel.jpeg","contentUrl":"https:\/\/escenanorte.com\/wp-content\/uploads\/2024\/09\/anxomanoel.jpeg","width":958,"height":1280},{"@type":"BreadcrumbList","@id":"https:\/\/escenanorte.com\/ast\/anxo-manoel-reconocimiento-julio-pena-2024\/#breadcrumb","itemListElement":[{"@type":"ListItem","position":1,"name":"Portada","item":"https:\/\/escenanorte.com\/ast\/"},{"@type":"ListItem","position":2,"name":"Anxo Manoel recibe el reconocimiento \u201cJulio Pe\u00f1a\u201d a los valores de cooperaci\u00f3n de Camino Escena Norte"}]},{"@type":"WebSite","@id":"https:\/\/escenanorte.com\/ast\/#website","url":"https:\/\/escenanorte.com\/ast\/","name":"Camino Escena Norte","description":"Escena Norte","potentialAction":[{"@type":"SearchAction","target":{"@type":"EntryPoint","urlTemplate":"https:\/\/escenanorte.com\/ast\/?s={search_term_string}"},"query-input":{"@type":"PropertyValueSpecification","valueRequired":true,"valueName":"search_term_string"}}],"inLanguage":"ast-ES"},{"@type":"Person","@id":"https:\/\/escenanorte.com\/ast\/#\/schema\/person\/e710b5aa0c486f243b4d527a4259c37c","name":"Noelia","image":{"@type":"ImageObject","inLanguage":"ast-ES","@id":"https:\/\/secure.gravatar.com\/avatar\/d590b317b870f28020001606673cfd05bb4d34b9ede2d6a843ea8073c8ac9352?s=96&d=blank&r=g","url":"https:\/\/secure.gravatar.com\/avatar\/d590b317b870f28020001606673cfd05bb4d34b9ede2d6a843ea8073c8ac9352?s=96&d=blank&r=g","contentUrl":"https:\/\/secure.gravatar.com\/avatar\/d590b317b870f28020001606673cfd05bb4d34b9ede2d6a843ea8073c8ac9352?s=96&d=blank&r=g","caption":"Noelia"},"url":"https:\/\/escenanorte.com\/ast\/author\/noelia\/"}]}},"publishpress_future_action":{"enabled":false,"date":"2026-05-06 12:03:34","action":"change-status","newStatus":"draft","terms":[],"taxonomy":"category","extraData":[]},"publishpress_future_workflow_manual_trigger":{"enabledWorkflows":[]},"_links":{"self":[{"href":"https:\/\/escenanorte.com\/ast\/wp-json\/wp\/v2\/posts\/67615","targetHints":{"allow":["GET"]}}],"collection":[{"href":"https:\/\/escenanorte.com\/ast\/wp-json\/wp\/v2\/posts"}],"about":[{"href":"https:\/\/escenanorte.com\/ast\/wp-json\/wp\/v2\/types\/post"}],"author":[{"embeddable":true,"href":"https:\/\/escenanorte.com\/ast\/wp-json\/wp\/v2\/users\/5"}],"replies":[{"embeddable":true,"href":"https:\/\/escenanorte.com\/ast\/wp-json\/wp\/v2\/comments?post=67615"}],"version-history":[{"count":1,"href":"https:\/\/escenanorte.com\/ast\/wp-json\/wp\/v2\/posts\/67615\/revisions"}],"predecessor-version":[{"id":67638,"href":"https:\/\/escenanorte.com\/ast\/wp-json\/wp\/v2\/posts\/67615\/revisions\/67638"}],"wp:featuredmedia":[{"embeddable":true,"href":"https:\/\/escenanorte.com\/ast\/wp-json\/wp\/v2\/media\/67634"}],"wp:attachment":[{"href":"https:\/\/escenanorte.com\/ast\/wp-json\/wp\/v2\/media?parent=67615"}],"wp:term":[{"taxonomy":"category","embeddable":true,"href":"https:\/\/escenanorte.com\/ast\/wp-json\/wp\/v2\/categories?post=67615"},{"taxonomy":"post_tag","embeddable":true,"href":"https:\/\/escenanorte.com\/ast\/wp-json\/wp\/v2\/tags?post=67615"}],"curies":[{"name":"wp","href":"https:\/\/api.w.org\/{rel}","templated":true}]}}