{"id":31921,"date":"2023-04-11T23:12:57","date_gmt":"2023-04-11T21:12:57","guid":{"rendered":"https:\/\/escenanorte.com\/abierto-el-plazo-de-recepcion-de-proyectos-para-la-red-de-estancias-de-intercambio-cruces\/"},"modified":"2023-04-12T17:10:51","modified_gmt":"2023-04-12T15:10:51","slug":"abierto-el-plazo-de-recepcion-de-proyectos-para-la-red-de-estancias-de-intercambio-cruces","status":"publish","type":"post","link":"https:\/\/escenanorte.com\/ast\/abierto-el-plazo-de-recepcion-de-proyectos-para-la-red-de-estancias-de-intercambio-cruces\/","title":{"rendered":"Abierto el plazo de recepci\u00f3n de proyectos para la red de estancias de intercambio\u00a0Cruces"},"content":{"rendered":"\n<p><em><strong>La tercera edici\u00f3n de esta iniciativa dentro de la programaci\u00f3n del&nbsp;Camino Expandido&nbsp;de&nbsp;Camino Escena Norte&nbsp;tendr\u00e1 lugar con 5 estancias entre el 17 de agosto y el 18 de octubre<\/strong><\/em><\/p>\n\n\n\n<p><strong><em>La Comunidad Foral de Navarra se une a esta iniciativa tanto con la posibilidad de que compa\u00f1\u00edas navarras presenten&nbsp;proyecto como en ser sede de una de las estancias en territorio navarro<\/em><\/strong><\/p>\n\n\n\n<div class=\"wp-block-image\"><figure class=\"aligncenter size-large\"><img loading=\"lazy\" decoding=\"async\" width=\"1024\" height=\"681\" src=\"https:\/\/escenanorte.com\/wp-content\/uploads\/2023\/04\/298184316_1430619574078418_7448567819429357955_n-1024x681.jpg\" alt=\"\" class=\"wp-image-31892\" srcset=\"https:\/\/escenanorte.com\/wp-content\/uploads\/2023\/04\/298184316_1430619574078418_7448567819429357955_n-1024x681.jpg 1024w, https:\/\/escenanorte.com\/wp-content\/uploads\/2023\/04\/298184316_1430619574078418_7448567819429357955_n-300x200.jpg 300w, https:\/\/escenanorte.com\/wp-content\/uploads\/2023\/04\/298184316_1430619574078418_7448567819429357955_n-768x511.jpg 768w, https:\/\/escenanorte.com\/wp-content\/uploads\/2023\/04\/298184316_1430619574078418_7448567819429357955_n-1536x1022.jpg 1536w, https:\/\/escenanorte.com\/wp-content\/uploads\/2023\/04\/298184316_1430619574078418_7448567819429357955_n-scaled.jpg 1280w\" sizes=\"(max-width: 1024px) 100vw, 1024px\" \/><figcaption><em>Teatro del Cuervo (Asturias) trabajando con Teatro Gorakada en el proyecto \u201cShere Khan. El otro libro de la selva\u201d durante la estancia Cruces en Euskadi en Camino Escena Norte 2022<\/em><\/figcaption><\/figure><\/div>\n\n\n\n<p>La red de estancias de intercambio esc\u00e9nico, art\u00edstico y profesional&nbsp;<em>Cruces<\/em>&nbsp;de&nbsp;<em>Camino Escena Norte<\/em>&nbsp;ha abierto el plazo para la presentaci\u00f3n de proyectos de intercambio hasta el martes 9 de mayo a las 14.00 horas. Las bases completas y el formulario de inscripci\u00f3n est\u00e1n <a href=\"https:\/\/escenanorte.com\/ast\/inscripcion-estancies-dintercambiu-encruces\/\" target=\"_blank\" rel=\"noreferrer noopener\">disponibles en la web<\/a>.<\/p>\n\n\n\n<p><em>Cruces<\/em>&nbsp;est\u00e1 dirigida a compa\u00f1\u00edas de las cinco Comunidades participantes en el proyecto (Galicia, Asturias, Cantabria, Euskadi y Navarra) y para proyectos de colaboraci\u00f3n de, al menos, compa\u00f1\u00edas de dos territorios. Un total de ocho sedes posibilitan una red de estancias profesionales que pretenden conectar el trabajo de creadores y creadoras y compa\u00f1\u00edas de los cinco territorios, en los \u00e1mbitos de la creaci\u00f3n, la investigaci\u00f3n esc\u00e9nica, formaci\u00f3n, coproducci\u00f3n y en general del intercambio profesional en el marco de este nuevo territorio com\u00fan creado a partir del proyecto.<\/p>\n\n\n\n<p><em>Cruces<\/em>&nbsp;tiene un presupuesto de 25.000 \u20ac que se repartir\u00e1 en 5 proyectos de estancia (uno a desarrollar en cada Comunidad), con un acompa\u00f1amiento econ\u00f3mico de 5.000 \u20ac cada uno. Las compa\u00f1\u00edas participantes podr\u00e1n trabajar en estancias de un m\u00e1ximo de 10 d\u00edas en algunos de los espacios c\u00f3mplices, con posibilidad de realizar residencia tanto de tipo t\u00e9cnico en espacios esc\u00e9nicos con la dotaci\u00f3n adecuada como estancias de tipo no t\u00e9cnico en las que trabajar en otros procesos de creaci\u00f3n o investigaci\u00f3n.<\/p>\n\n\n\n<p><strong>Ocho espacios c\u00f3mplices<\/strong><\/p>\n\n\n\n<p>Los espacios en los que podr\u00e1n desarrollarse las estancias son CDG Sal\u00f3n Teatro (Santiago de Compostela) + Auditorio do Milladoiro (Ames) en Galicia; Laboral Ciudad de la Cultura &#8211; Centro de Recursos Esc\u00e9nicos del Principado (Gij\u00f3n) en Asturias; Enclave Pronillo-Fundaci\u00f3n Santander Creativa + Palacio de Festivales de Cantabria (Santander) en Cantabria; Centro de Innovaci\u00f3n en Producci\u00f3n Esc\u00e9nica Harrobia Eskena (Bilbao) en EUSKADI y Centro de Arte Contempor\u00e1neo de Huarte (Huarte) + Civivox Iturrama (Pamplona) en Navarra.<\/p>\n\n\n\n<p><strong>Webinar informativa<\/strong><\/p>\n\n\n\n<p>Con el objetivo de explicar las bases de Cruces y resolver dudas en directo, Camino Escena Norte celebrar\u00e1 una sesi\u00f3n informativa el lunes 17 de abril a las 16:00 horas. Se har\u00e1 v\u00eda Zoom y se podr\u00e1 acceder <a href=\"https:\/\/bit.ly\/webinar-cruces2023\" target=\"_blank\" rel=\"noreferrer noopener\">en este enlace<\/a>.<\/p>\n\n\n\n<p><em>ID de reuni\u00f3n: 841 9447 6600<br>C\u00f3digo de acceso: 748110<\/em><\/p>\n","protected":false},"excerpt":{"rendered":"<p>La tercera edici\u00f3n de esta iniciativa dentro de la programaci\u00f3n del&nbsp;Camino Expandido&nbsp;de&nbsp;Camino Escena Norte&nbsp;tendr\u00e1 lugar con 5 estancias entre el 17 de agosto y el 18 de octubre La Comunidad [&hellip;]<\/p>\n","protected":false},"author":5,"featured_media":31897,"comment_status":"closed","ping_status":"open","sticky":false,"template":"","format":"standard","meta":{"footnotes":""},"categories":[14],"tags":[],"class_list":["post-31921","post","type-post","status-publish","format-standard","has-post-thumbnail","hentry","category-noticies"],"yoast_head":"<!-- This site is optimized with the Yoast SEO plugin v27.2 - https:\/\/yoast.com\/product\/yoast-seo-wordpress\/ -->\n<title>Abierto el plazo de recepci\u00f3n de proyectos para la red de estancias de intercambio\u00a0Cruces - Camino Escena Norte<\/title>\n<meta name=\"robots\" content=\"index, follow, max-snippet:-1, max-image-preview:large, max-video-preview:-1\" \/>\n<link rel=\"canonical\" href=\"https:\/\/escenanorte.com\/ast\/abierto-el-plazo-de-recepcion-de-proyectos-para-la-red-de-estancias-de-intercambio-cruces\/\" \/>\n<meta property=\"og:locale\" content=\"en_US\" \/>\n<meta property=\"og:type\" content=\"article\" \/>\n<meta property=\"og:title\" content=\"Abierto el plazo de recepci\u00f3n de proyectos para la red de estancias de intercambio\u00a0Cruces - Camino Escena Norte\" \/>\n<meta property=\"og:description\" content=\"La tercera edici\u00f3n de esta iniciativa dentro de la programaci\u00f3n del&nbsp;Camino Expandido&nbsp;de&nbsp;Camino Escena Norte&nbsp;tendr\u00e1 lugar con 5 estancias entre el 17 de agosto y el 18 de octubre La Comunidad [&hellip;]\" \/>\n<meta property=\"og:url\" content=\"https:\/\/escenanorte.com\/ast\/abierto-el-plazo-de-recepcion-de-proyectos-para-la-red-de-estancias-de-intercambio-cruces\/\" \/>\n<meta property=\"og:site_name\" content=\"Camino Escena Norte\" \/>\n<meta property=\"article:publisher\" content=\"https:\/\/www.facebook.com\/escenanorte\" \/>\n<meta property=\"article:published_time\" content=\"2023-04-11T21:12:57+00:00\" \/>\n<meta property=\"article:modified_time\" content=\"2023-04-12T15:10:51+00:00\" \/>\n<meta property=\"og:image\" content=\"https:\/\/escenanorte.com\/wp-content\/uploads\/2023\/04\/298184316_1430619574078418_7448567819429357955_n-1-scaled.jpg\" \/>\n\t<meta property=\"og:image:width\" content=\"1280\" \/>\n\t<meta property=\"og:image:height\" content=\"851\" \/>\n\t<meta property=\"og:image:type\" content=\"image\/jpeg\" \/>\n<meta name=\"author\" content=\"Noelia\" \/>\n<meta name=\"twitter:card\" content=\"summary_large_image\" \/>\n<meta name=\"twitter:label1\" content=\"Written by\" \/>\n\t<meta name=\"twitter:data1\" content=\"Noelia\" \/>\n\t<meta name=\"twitter:label2\" content=\"Est. reading time\" \/>\n\t<meta name=\"twitter:data2\" content=\"3 minutes\" \/>\n<script type=\"application\/ld+json\" class=\"yoast-schema-graph\">{\"@context\":\"https:\/\/schema.org\",\"@graph\":[{\"@type\":\"Article\",\"@id\":\"https:\/\/escenanorte.com\/ast\/abierto-el-plazo-de-recepcion-de-proyectos-para-la-red-de-estancias-de-intercambio-cruces\/#article\",\"isPartOf\":{\"@id\":\"https:\/\/escenanorte.com\/ast\/abierto-el-plazo-de-recepcion-de-proyectos-para-la-red-de-estancias-de-intercambio-cruces\/\"},\"author\":{\"name\":\"Noelia\",\"@id\":\"https:\/\/escenanorte.com\/ast\/#\/schema\/person\/e710b5aa0c486f243b4d527a4259c37c\"},\"headline\":\"Abierto el plazo de recepci\u00f3n de proyectos para la red de estancias de intercambio\u00a0Cruces\",\"datePublished\":\"2023-04-11T21:12:57+00:00\",\"dateModified\":\"2023-04-12T15:10:51+00:00\",\"mainEntityOfPage\":{\"@id\":\"https:\/\/escenanorte.com\/ast\/abierto-el-plazo-de-recepcion-de-proyectos-para-la-red-de-estancias-de-intercambio-cruces\/\"},\"wordCount\":495,\"image\":{\"@id\":\"https:\/\/escenanorte.com\/ast\/abierto-el-plazo-de-recepcion-de-proyectos-para-la-red-de-estancias-de-intercambio-cruces\/#primaryimage\"},\"thumbnailUrl\":\"https:\/\/escenanorte.com\/wp-content\/uploads\/2023\/04\/298184316_1430619574078418_7448567819429357955_n-1-scaled.jpg\",\"articleSection\":[\"Noticies\"],\"inLanguage\":\"ast-ES\"},{\"@type\":\"WebPage\",\"@id\":\"https:\/\/escenanorte.com\/ast\/abierto-el-plazo-de-recepcion-de-proyectos-para-la-red-de-estancias-de-intercambio-cruces\/\",\"url\":\"https:\/\/escenanorte.com\/ast\/abierto-el-plazo-de-recepcion-de-proyectos-para-la-red-de-estancias-de-intercambio-cruces\/\",\"name\":\"Abierto el plazo de recepci\u00f3n de proyectos para la red de estancias de intercambio\u00a0Cruces - Camino Escena Norte\",\"isPartOf\":{\"@id\":\"https:\/\/escenanorte.com\/ast\/#website\"},\"primaryImageOfPage\":{\"@id\":\"https:\/\/escenanorte.com\/ast\/abierto-el-plazo-de-recepcion-de-proyectos-para-la-red-de-estancias-de-intercambio-cruces\/#primaryimage\"},\"image\":{\"@id\":\"https:\/\/escenanorte.com\/ast\/abierto-el-plazo-de-recepcion-de-proyectos-para-la-red-de-estancias-de-intercambio-cruces\/#primaryimage\"},\"thumbnailUrl\":\"https:\/\/escenanorte.com\/wp-content\/uploads\/2023\/04\/298184316_1430619574078418_7448567819429357955_n-1-scaled.jpg\",\"datePublished\":\"2023-04-11T21:12:57+00:00\",\"dateModified\":\"2023-04-12T15:10:51+00:00\",\"author\":{\"@id\":\"https:\/\/escenanorte.com\/ast\/#\/schema\/person\/e710b5aa0c486f243b4d527a4259c37c\"},\"breadcrumb\":{\"@id\":\"https:\/\/escenanorte.com\/ast\/abierto-el-plazo-de-recepcion-de-proyectos-para-la-red-de-estancias-de-intercambio-cruces\/#breadcrumb\"},\"inLanguage\":\"ast-ES\",\"potentialAction\":[{\"@type\":\"ReadAction\",\"target\":[\"https:\/\/escenanorte.com\/ast\/abierto-el-plazo-de-recepcion-de-proyectos-para-la-red-de-estancias-de-intercambio-cruces\/\"]}]},{\"@type\":\"ImageObject\",\"inLanguage\":\"ast-ES\",\"@id\":\"https:\/\/escenanorte.com\/ast\/abierto-el-plazo-de-recepcion-de-proyectos-para-la-red-de-estancias-de-intercambio-cruces\/#primaryimage\",\"url\":\"https:\/\/escenanorte.com\/wp-content\/uploads\/2023\/04\/298184316_1430619574078418_7448567819429357955_n-1-scaled.jpg\",\"contentUrl\":\"https:\/\/escenanorte.com\/wp-content\/uploads\/2023\/04\/298184316_1430619574078418_7448567819429357955_n-1-scaled.jpg\",\"width\":1280,\"height\":851},{\"@type\":\"BreadcrumbList\",\"@id\":\"https:\/\/escenanorte.com\/ast\/abierto-el-plazo-de-recepcion-de-proyectos-para-la-red-de-estancias-de-intercambio-cruces\/#breadcrumb\",\"itemListElement\":[{\"@type\":\"ListItem\",\"position\":1,\"name\":\"Portada\",\"item\":\"https:\/\/escenanorte.com\/ast\/\"},{\"@type\":\"ListItem\",\"position\":2,\"name\":\"Abierto el plazo de recepci\u00f3n de proyectos para la red de estancias de intercambio\u00a0Cruces\"}]},{\"@type\":\"WebSite\",\"@id\":\"https:\/\/escenanorte.com\/ast\/#website\",\"url\":\"https:\/\/escenanorte.com\/ast\/\",\"name\":\"Camino Escena Norte\",\"description\":\"Escena Norte\",\"potentialAction\":[{\"@type\":\"SearchAction\",\"target\":{\"@type\":\"EntryPoint\",\"urlTemplate\":\"https:\/\/escenanorte.com\/ast\/?s={search_term_string}\"},\"query-input\":{\"@type\":\"PropertyValueSpecification\",\"valueRequired\":true,\"valueName\":\"search_term_string\"}}],\"inLanguage\":\"ast-ES\"},{\"@type\":\"Person\",\"@id\":\"https:\/\/escenanorte.com\/ast\/#\/schema\/person\/e710b5aa0c486f243b4d527a4259c37c\",\"name\":\"Noelia\",\"image\":{\"@type\":\"ImageObject\",\"inLanguage\":\"ast-ES\",\"@id\":\"https:\/\/secure.gravatar.com\/avatar\/d590b317b870f28020001606673cfd05bb4d34b9ede2d6a843ea8073c8ac9352?s=96&d=blank&r=g\",\"url\":\"https:\/\/secure.gravatar.com\/avatar\/d590b317b870f28020001606673cfd05bb4d34b9ede2d6a843ea8073c8ac9352?s=96&d=blank&r=g\",\"contentUrl\":\"https:\/\/secure.gravatar.com\/avatar\/d590b317b870f28020001606673cfd05bb4d34b9ede2d6a843ea8073c8ac9352?s=96&d=blank&r=g\",\"caption\":\"Noelia\"},\"url\":\"https:\/\/escenanorte.com\/ast\/author\/noelia\/\"}]}<\/script>\n<!-- \/ Yoast SEO plugin. -->","yoast_head_json":{"title":"Abierto el plazo de recepci\u00f3n de proyectos para la red de estancias de intercambio\u00a0Cruces - Camino Escena Norte","robots":{"index":"index","follow":"follow","max-snippet":"max-snippet:-1","max-image-preview":"max-image-preview:large","max-video-preview":"max-video-preview:-1"},"canonical":"https:\/\/escenanorte.com\/ast\/abierto-el-plazo-de-recepcion-de-proyectos-para-la-red-de-estancias-de-intercambio-cruces\/","og_locale":"en_US","og_type":"article","og_title":"Abierto el plazo de recepci\u00f3n de proyectos para la red de estancias de intercambio\u00a0Cruces - Camino Escena Norte","og_description":"La tercera edici\u00f3n de esta iniciativa dentro de la programaci\u00f3n del&nbsp;Camino Expandido&nbsp;de&nbsp;Camino Escena Norte&nbsp;tendr\u00e1 lugar con 5 estancias entre el 17 de agosto y el 18 de octubre La Comunidad [&hellip;]","og_url":"https:\/\/escenanorte.com\/ast\/abierto-el-plazo-de-recepcion-de-proyectos-para-la-red-de-estancias-de-intercambio-cruces\/","og_site_name":"Camino Escena Norte","article_publisher":"https:\/\/www.facebook.com\/escenanorte","article_published_time":"2023-04-11T21:12:57+00:00","article_modified_time":"2023-04-12T15:10:51+00:00","og_image":[{"width":1280,"height":851,"url":"https:\/\/escenanorte.com\/wp-content\/uploads\/2023\/04\/298184316_1430619574078418_7448567819429357955_n-1-scaled.jpg","type":"image\/jpeg"}],"author":"Noelia","twitter_card":"summary_large_image","twitter_misc":{"Written by":"Noelia","Est. reading time":"3 minutes"},"schema":{"@context":"https:\/\/schema.org","@graph":[{"@type":"Article","@id":"https:\/\/escenanorte.com\/ast\/abierto-el-plazo-de-recepcion-de-proyectos-para-la-red-de-estancias-de-intercambio-cruces\/#article","isPartOf":{"@id":"https:\/\/escenanorte.com\/ast\/abierto-el-plazo-de-recepcion-de-proyectos-para-la-red-de-estancias-de-intercambio-cruces\/"},"author":{"name":"Noelia","@id":"https:\/\/escenanorte.com\/ast\/#\/schema\/person\/e710b5aa0c486f243b4d527a4259c37c"},"headline":"Abierto el plazo de recepci\u00f3n de proyectos para la red de estancias de intercambio\u00a0Cruces","datePublished":"2023-04-11T21:12:57+00:00","dateModified":"2023-04-12T15:10:51+00:00","mainEntityOfPage":{"@id":"https:\/\/escenanorte.com\/ast\/abierto-el-plazo-de-recepcion-de-proyectos-para-la-red-de-estancias-de-intercambio-cruces\/"},"wordCount":495,"image":{"@id":"https:\/\/escenanorte.com\/ast\/abierto-el-plazo-de-recepcion-de-proyectos-para-la-red-de-estancias-de-intercambio-cruces\/#primaryimage"},"thumbnailUrl":"https:\/\/escenanorte.com\/wp-content\/uploads\/2023\/04\/298184316_1430619574078418_7448567819429357955_n-1-scaled.jpg","articleSection":["Noticies"],"inLanguage":"ast-ES"},{"@type":"WebPage","@id":"https:\/\/escenanorte.com\/ast\/abierto-el-plazo-de-recepcion-de-proyectos-para-la-red-de-estancias-de-intercambio-cruces\/","url":"https:\/\/escenanorte.com\/ast\/abierto-el-plazo-de-recepcion-de-proyectos-para-la-red-de-estancias-de-intercambio-cruces\/","name":"Abierto el plazo de recepci\u00f3n de proyectos para la red de estancias de intercambio\u00a0Cruces - Camino Escena Norte","isPartOf":{"@id":"https:\/\/escenanorte.com\/ast\/#website"},"primaryImageOfPage":{"@id":"https:\/\/escenanorte.com\/ast\/abierto-el-plazo-de-recepcion-de-proyectos-para-la-red-de-estancias-de-intercambio-cruces\/#primaryimage"},"image":{"@id":"https:\/\/escenanorte.com\/ast\/abierto-el-plazo-de-recepcion-de-proyectos-para-la-red-de-estancias-de-intercambio-cruces\/#primaryimage"},"thumbnailUrl":"https:\/\/escenanorte.com\/wp-content\/uploads\/2023\/04\/298184316_1430619574078418_7448567819429357955_n-1-scaled.jpg","datePublished":"2023-04-11T21:12:57+00:00","dateModified":"2023-04-12T15:10:51+00:00","author":{"@id":"https:\/\/escenanorte.com\/ast\/#\/schema\/person\/e710b5aa0c486f243b4d527a4259c37c"},"breadcrumb":{"@id":"https:\/\/escenanorte.com\/ast\/abierto-el-plazo-de-recepcion-de-proyectos-para-la-red-de-estancias-de-intercambio-cruces\/#breadcrumb"},"inLanguage":"ast-ES","potentialAction":[{"@type":"ReadAction","target":["https:\/\/escenanorte.com\/ast\/abierto-el-plazo-de-recepcion-de-proyectos-para-la-red-de-estancias-de-intercambio-cruces\/"]}]},{"@type":"ImageObject","inLanguage":"ast-ES","@id":"https:\/\/escenanorte.com\/ast\/abierto-el-plazo-de-recepcion-de-proyectos-para-la-red-de-estancias-de-intercambio-cruces\/#primaryimage","url":"https:\/\/escenanorte.com\/wp-content\/uploads\/2023\/04\/298184316_1430619574078418_7448567819429357955_n-1-scaled.jpg","contentUrl":"https:\/\/escenanorte.com\/wp-content\/uploads\/2023\/04\/298184316_1430619574078418_7448567819429357955_n-1-scaled.jpg","width":1280,"height":851},{"@type":"BreadcrumbList","@id":"https:\/\/escenanorte.com\/ast\/abierto-el-plazo-de-recepcion-de-proyectos-para-la-red-de-estancias-de-intercambio-cruces\/#breadcrumb","itemListElement":[{"@type":"ListItem","position":1,"name":"Portada","item":"https:\/\/escenanorte.com\/ast\/"},{"@type":"ListItem","position":2,"name":"Abierto el plazo de recepci\u00f3n de proyectos para la red de estancias de intercambio\u00a0Cruces"}]},{"@type":"WebSite","@id":"https:\/\/escenanorte.com\/ast\/#website","url":"https:\/\/escenanorte.com\/ast\/","name":"Camino Escena Norte","description":"Escena Norte","potentialAction":[{"@type":"SearchAction","target":{"@type":"EntryPoint","urlTemplate":"https:\/\/escenanorte.com\/ast\/?s={search_term_string}"},"query-input":{"@type":"PropertyValueSpecification","valueRequired":true,"valueName":"search_term_string"}}],"inLanguage":"ast-ES"},{"@type":"Person","@id":"https:\/\/escenanorte.com\/ast\/#\/schema\/person\/e710b5aa0c486f243b4d527a4259c37c","name":"Noelia","image":{"@type":"ImageObject","inLanguage":"ast-ES","@id":"https:\/\/secure.gravatar.com\/avatar\/d590b317b870f28020001606673cfd05bb4d34b9ede2d6a843ea8073c8ac9352?s=96&d=blank&r=g","url":"https:\/\/secure.gravatar.com\/avatar\/d590b317b870f28020001606673cfd05bb4d34b9ede2d6a843ea8073c8ac9352?s=96&d=blank&r=g","contentUrl":"https:\/\/secure.gravatar.com\/avatar\/d590b317b870f28020001606673cfd05bb4d34b9ede2d6a843ea8073c8ac9352?s=96&d=blank&r=g","caption":"Noelia"},"url":"https:\/\/escenanorte.com\/ast\/author\/noelia\/"}]}},"publishpress_future_action":{"enabled":false,"date":"2026-05-06 17:02:17","action":"change-status","newStatus":"draft","terms":[],"taxonomy":"category","extraData":[]},"publishpress_future_workflow_manual_trigger":{"enabledWorkflows":[]},"_links":{"self":[{"href":"https:\/\/escenanorte.com\/ast\/wp-json\/wp\/v2\/posts\/31921","targetHints":{"allow":["GET"]}}],"collection":[{"href":"https:\/\/escenanorte.com\/ast\/wp-json\/wp\/v2\/posts"}],"about":[{"href":"https:\/\/escenanorte.com\/ast\/wp-json\/wp\/v2\/types\/post"}],"author":[{"embeddable":true,"href":"https:\/\/escenanorte.com\/ast\/wp-json\/wp\/v2\/users\/5"}],"replies":[{"embeddable":true,"href":"https:\/\/escenanorte.com\/ast\/wp-json\/wp\/v2\/comments?post=31921"}],"version-history":[{"count":2,"href":"https:\/\/escenanorte.com\/ast\/wp-json\/wp\/v2\/posts\/31921\/revisions"}],"predecessor-version":[{"id":31942,"href":"https:\/\/escenanorte.com\/ast\/wp-json\/wp\/v2\/posts\/31921\/revisions\/31942"}],"wp:featuredmedia":[{"embeddable":true,"href":"https:\/\/escenanorte.com\/ast\/wp-json\/wp\/v2\/media\/31897"}],"wp:attachment":[{"href":"https:\/\/escenanorte.com\/ast\/wp-json\/wp\/v2\/media?parent=31921"}],"wp:term":[{"taxonomy":"category","embeddable":true,"href":"https:\/\/escenanorte.com\/ast\/wp-json\/wp\/v2\/categories?post=31921"},{"taxonomy":"post_tag","embeddable":true,"href":"https:\/\/escenanorte.com\/ast\/wp-json\/wp\/v2\/tags?post=31921"}],"curies":[{"name":"wp","href":"https:\/\/api.w.org\/{rel}","templated":true}]}}