{"id":30675,"date":"2022-09-08T12:15:58","date_gmt":"2022-09-08T10:15:58","guid":{"rendered":"https:\/\/escenanorte.com\/un-camino-escena-norte-mas-expansivo-busca-la-sonrisa-del-publico-en-las-38-sedes-de-su-cuarta-edicion-2\/"},"modified":"2022-09-08T13:08:02","modified_gmt":"2022-09-08T11:08:02","slug":"un-camino-escena-norte-mas-expansivo-busca-la-sonrisa-del-publico-en-las-38-sedes-de-su-cuarta-edicion-2","status":"publish","type":"post","link":"https:\/\/escenanorte.com\/ast\/un-camino-escena-norte-mas-expansivo-busca-la-sonrisa-del-publico-en-las-38-sedes-de-su-cuarta-edicion-2\/","title":{"rendered":"Un Camino Escena Norte m\u00e1s expansivo busca la sonrisa del p\u00fablico en las 38 sedes de su cuarta edici\u00f3n"},"content":{"rendered":"\n<p><strong><em>Agurain y Vitoria-Gasteiz se suman a otras seis localidades de Bizkaia y Gipuzkoa y ofrecer\u00e1n hasta el 9 de octubre montajes de compa\u00f1\u00edas esc\u00e9nicas de Galicia, Asturias y Cantabria<\/em><\/strong><\/p>\n\n\n\n<p>M\u00e1s compa\u00f1\u00edas, m\u00e1s espect\u00e1culos, m\u00e1s territorios, m\u00e1s propuestas. La cuarta edici\u00f3n de Camino Escena Norte (CEN)se expande en su compromiso por promover el intercambio esc\u00e9nico, art\u00edstico y profesional entre compa\u00f1\u00edas de Galicia, Asturias, Cantabria, Euskadi y, este a\u00f1o, tambi\u00e9n Navarra.<\/p>\n\n\n\n<p>El lema <em>Crecen las sonrisas (<\/em>una alegor\u00eda de la alegr\u00eda de la vuelta a la normalidad tras la pandemia y a volver a ver al p\u00fablico tras los escenarios) encabeza una programaci\u00f3n oficial que se celebrar\u00e1 del 10 de septiembre al 9 de octubre, <strong>con 15 compa\u00f1\u00edas de teatro, danza y nuevo circo mostrando sus espect\u00e1culos en las 38 sedes<\/strong> que forman parte del Itinerario Constelaciones, el circuito de escenarios del CEN.<\/p>\n\n\n\n<p>En Euskadi, los montajes englobados en este circuito <strong>se llevar\u00e1n a cabo desde el viernes de la pr\u00f3xima semana en ocho localidades vascas de los tres Territorios Hist\u00f3ricos,<\/strong> al incorporarse \u00c1lava en esta nueva edici\u00f3n con representaciones en Agurain y Vitoria. En Gipuzkoa repiten Eibar, Mutriku y Hondarribia, mientras que en Bizkaia, adem\u00e1s de Forua y Arratzu, Bilbao se suma a esta iniciativa de intercambio de artes esc\u00e9nicas, capital que cerrar\u00e1 las representaciones en Euskadi, el pr\u00f3ximo 9 de octubre.<\/p>\n\n\n\n<p>Adem\u00e1s de la inclusi\u00f3n de \u00c1lava, la cuarta edici\u00f3n de Camino Escena Norte cuenta con <strong>la incorporaci\u00f3n tambi\u00e9n de la Comunidad Foral de Navarra en el circuito de representaciones<\/strong>, ampliando la presencia del CEN en el hist\u00f3rico itinerario del Camino de Santiago. Esta ampliaci\u00f3n supone, adem\u00e1s, la expansi\u00f3n art\u00edstica de Camino Escena Norte.<\/p>\n\n\n\n<p><a href=\"https:\/\/escenanorte.com\/ast\/\"><strong>Camino Escena Norte<\/strong><\/a><strong> (CEN)<\/strong><strong> <\/strong>es unproyecto de intercambio cultural a trav\u00e9s de las artes esc\u00e9nicas que pretende conectar la producci\u00f3n cultural de Galicia, Asturias, Cantabria, Euskadi y Navarra,<strong> tomando como referencia e hilo conductor el recorrido del Camino a Santiago del Norte<\/strong>. Desde 2019, CEN ha llevado el teatro y la danza a escenarios alejados de los circuitos habituales, ofreciendo la oportunidad de acceder a la cultura a p\u00fablicos de localidades de Galicia, Asturias, Cantabria, Euskadi y Navarra. Tambi\u00e9n ha facilitado a las compa\u00f1\u00edas seleccionadas el acceso a nuevos espacios y escenarios en los que desarrollar su creatividad.<\/p>\n\n\n\n<p><strong>Presentaci\u00f3n del programa hoy en Vitoria-Gasteiz<\/strong><\/p>\n\n\n\n<p>La presentaci\u00f3n en Euskadi de la iniciativa de intercambio cultural se ha llevado a cabo este mediod\u00eda en la P\u00f3rtico de la Catedral de Santa Mar\u00eda de la capital alavesa, con presencia institucional y con diferentes representantes del sector en Euskadi, as\u00ed como de las compa\u00f1\u00edas vascas participantes en el proyecto y que presentar\u00e1n sus montajes en las otras Comunidades: la donostiarra <strong>Vaiv\u00e9n Producciones<\/strong>, que participa con <em>El Enjambre<\/em>; la compa\u00f1\u00eda vizca\u00edna <strong>Erre Produkzioak<\/strong>, con <em>FAKE (Trampantojo)<\/em>; y la alavesa <strong>Teatro Para\u00edso<\/strong>, que subir\u00e1 a las tablas su espect\u00e1culo <em>\u00daniko<\/em>.<\/p>\n\n\n\n<p>El programa de CEN en Euskadi incluye ocho espect\u00e1culos de teatro y danza en otras tantas localidades vascas. La primera cita de CEN en Euskadi ser\u00e1 el viernes de la pr\u00f3xima semana en la localidad alavesa de Agurain (\u00c1lava), con el espect\u00e1culo \u2018<strong>Son\u00e1mbulo\u2019 de la compa\u00f1\u00eda gallega PistaCatro<\/strong>. El domingo 18 de septiembre est\u00e1 prevista la actuaci\u00f3n en Hondarribia (Gipuzkoa) del montaje de la compa\u00f1\u00eda c\u00e1ntabra <strong>La Machina Teatro, \u2018Ecos en el Fango\u2019<\/strong>.&nbsp;<\/p>\n\n\n\n<p>El viernes, 23 de septiembre, recalar\u00e1 en la Iglesia de Santo Tom\u00e1s en Arratzu (Bizkaia) un espect\u00e1culo de danza, \u2018M\u00edmesis\u2019, de la compa\u00f1\u00eda asturiana <strong>Zig Zag Danza. <\/strong>&nbsp;El mismo d\u00eda en Vitoria\u2013Gasteiz se ofrecer\u00e1 otro espect\u00e1culo de danza, &nbsp;\u2018DeMente\u2019, de la compa\u00f1\u00eda gallega <strong>Fran Sieira, <\/strong>montaje que volver\u00e1 a presentarse al d\u00eda siguienteel 24 de septiembre, en el Teatro Coliseo Antzokia de Eibar (Gipuzkoa).<\/p>\n\n\n\n<p>El domingo 25 de septiembre Mutriku (Gipuzkoa) acoger\u00e1 el montaje \u2018La ni\u00f1a de las trenzas al rev\u00e9s\u2019, de la compa\u00f1\u00eda asturiana <strong>El Callej\u00f3n del Gato<\/strong>. Unos d\u00edas m\u00e1s tarde, el viernes 30 de septiembre se ofrecer\u00e1 en la localidad vizca\u00edna de Forua la obra \u2018Como un suspiro\u2019, de la compa\u00f1\u00eda c\u00e1ntabra <strong>Ruido Interno<\/strong>. La \u00faltima representaci\u00f3n de Camino Escena Norte en Euskadi ser\u00e1 el domingo 9 de octubre en el centro Harrobia Eskena de Bilbao el espect\u00e1culo Bailar Agora, de la compa\u00f1\u00eda gallega <strong>Marta Alonso Tejada<\/strong>.<\/p>\n\n\n\n<h1 class=\"wp-block-heading\"><a><\/a>Camino Expandido<\/h1>\n\n\n\n<p>Junto al Itinerario Constelaciones convive el programa Camino Expandido que abarca toda la actividad fuera del circuito de funciones. El crecimiento de la cuarta edici\u00f3n del CEN tambi\u00e9n se refleja en las actividades de esta programaci\u00f3n: refuerzo de Cruces, m\u00e1s compa\u00f1\u00edas inscritas en Habitaci\u00f3n Peregrina PRO y el estreno de ESADS en Camino. El proyecto se complementar\u00e1 con coloquios en l\u00ednea y encuentros con el p\u00fablico tras las representaciones.<\/p>\n\n\n\n<p>El programa<strong> Cruces<\/strong>, dise\u00f1ado para promover el intercambio esc\u00e9nico, art\u00edstico y profesional entre compa\u00f1\u00edas, esla piedra angularde Camino Escena Norte. En 2022, las bases de participaci\u00f3n del proyecto se han flexibilizado. Adem\u00e1s, el programa ha recibido un impulso presupuestario debido a la importancia que cobra para los profesionales implicados en el proyecto la colaboraci\u00f3n con otras formaciones art\u00edsticas de diferentes territorios. Esta red de estancias de creaci\u00f3n esc\u00e9nica e intercambio art\u00edstico y profesional entre Galicia, Asturias, Cantabria y Euskadi comenz\u00f3 el 11 de agosto y finalizar\u00e1 el 10 de septiembre.<\/p>\n\n\n\n<p>Camino Escena Norte estrena en 2022 <strong>ESADS en Camino<\/strong>, un programa de colaboraci\u00f3n con las Escuelas Superiores de Arte Dram\u00e1tico (ESAD) de Galicia y Asturias y la de Arte Dram\u00e1tico y Danza de Euskadi, Dantzerti<strong>.<\/strong>&nbsp; El alumnado de las tres escuelas entrar\u00e1 en contacto con los profesionales en activo que intervienen en la cuarta edici\u00f3n del CEN, a trav\u00e9s de encuentros, talleres acerca de diversas disciplinas art\u00edsticas y pr\u00e1cticas que les permitan acercarse a un d\u00eda de trabajo dentro de una compa\u00f1\u00eda.<a><\/a><\/p>\n\n\n\n<p>Entre el 13 y el 15 de septiembre, el Centro Cultural O Vello C\u00e1rcere de Lugo acoger\u00e1 la tercera edici\u00f3n del encuentro profesional <strong>Habitaci\u00f3n Peregrina PRO<\/strong>, en el que est\u00e1n inscritas 46 compa\u00f1\u00edas y distribuidoras, y participar\u00e1n m\u00e1s de 70 agentes profesionales de las cinco comunidades del CEN, un 35% m\u00e1s que en a\u00f1os anteriores. Centrado en conectar a los diferentes agentes del sector en las cinco comunidades participantes, sus focos de inter\u00e9s son: sinerg\u00edas entre compa\u00f1\u00edas y creadores y creadoras; la reflexi\u00f3n y formaci\u00f3n alrededor de algunos de los retos que afronta el sector esc\u00e9nico y las posibilidades de promoci\u00f3n, visibilizaci\u00f3n y distribuci\u00f3n de las compa\u00f1\u00edas en los distintos territorios de Camino Escena Norte.<\/p>\n\n\n\n<p>CEN es una iniciativa promovida por las propias asociaciones profesionales de productoras de artes esc\u00e9nicas<strong> Escena Galega <\/strong>(Galicia),<strong> EscenAsturias <\/strong>(Asturias),<strong> ACEPAE <\/strong>(Cantabria) y<strong> Eskena <\/strong>(Euskadi).Todas ellas, unidas en la supraentidad Camino Escena Norte Agrupaci\u00f3n de Inter\u00e9s Econ\u00f3mico, creada espec\u00edficamente para el desarrollo, gesti\u00f3n y producci\u00f3n de este proyecto.<\/p>\n\n\n\n<p>CEN cuenta con el apoyo econ\u00f3mico de los gobiernos e instituciones de Galicia, Asturias, Cantabria y Navarra, <strong>adem\u00e1s de las Diputaciones Forales de \u00c1lava, Bizkaia, y Gipuzkoa, en el caso de Euskadi, <\/strong>y de lGobierno de Espa\u00f1a a trav\u00e9s del <strong>INAEM<\/strong>. <strong><a href=\"https:\/\/www.vegalsa.es\/\">Vegalsa-Eroski<\/a><\/strong> se mantiene como patrocinador oficial, con una mayor aportaci\u00f3n econ\u00f3mica para esta edici\u00f3n, que refuerza su compromiso y apuesta por un proyecto que promueve el intercambio cultural entre territorios.<\/p>\n","protected":false},"excerpt":{"rendered":"<p>Agurain y Vitoria-Gasteiz se suman a otras seis localidades de Bizkaia y Gipuzkoa y ofrecer\u00e1n hasta el 9 de octubre montajes de compa\u00f1\u00edas esc\u00e9nicas de Galicia, Asturias y Cantabria M\u00e1s [&hellip;]<\/p>\n","protected":false},"author":5,"featured_media":30696,"comment_status":"closed","ping_status":"open","sticky":false,"template":"","format":"standard","meta":{"footnotes":""},"categories":[14],"tags":[],"class_list":["post-30675","post","type-post","status-publish","format-standard","has-post-thumbnail","hentry","category-noticies"],"yoast_head":"<!-- This site is optimized with the Yoast SEO plugin v27.2 - https:\/\/yoast.com\/product\/yoast-seo-wordpress\/ -->\n<title>Un Camino Escena Norte m\u00e1s expansivo busca la sonrisa del p\u00fablico en las 38 sedes de su cuarta edici\u00f3n - Camino Escena Norte<\/title>\n<meta name=\"robots\" content=\"index, follow, max-snippet:-1, max-image-preview:large, max-video-preview:-1\" \/>\n<link rel=\"canonical\" href=\"https:\/\/escenanorte.com\/ast\/un-camino-escena-norte-mas-expansivo-busca-la-sonrisa-del-publico-en-las-38-sedes-de-su-cuarta-edicion-2\/\" \/>\n<meta property=\"og:locale\" content=\"en_US\" \/>\n<meta property=\"og:type\" content=\"article\" \/>\n<meta property=\"og:title\" content=\"Un Camino Escena Norte m\u00e1s expansivo busca la sonrisa del p\u00fablico en las 38 sedes de su cuarta edici\u00f3n - Camino Escena Norte\" \/>\n<meta property=\"og:description\" content=\"Agurain y Vitoria-Gasteiz se suman a otras seis localidades de Bizkaia y Gipuzkoa y ofrecer\u00e1n hasta el 9 de octubre montajes de compa\u00f1\u00edas esc\u00e9nicas de Galicia, Asturias y Cantabria M\u00e1s [&hellip;]\" \/>\n<meta property=\"og:url\" content=\"https:\/\/escenanorte.com\/ast\/un-camino-escena-norte-mas-expansivo-busca-la-sonrisa-del-publico-en-las-38-sedes-de-su-cuarta-edicion-2\/\" \/>\n<meta property=\"og:site_name\" content=\"Camino Escena Norte\" \/>\n<meta property=\"article:publisher\" content=\"https:\/\/www.facebook.com\/escenanorte\" \/>\n<meta property=\"article:published_time\" content=\"2022-09-08T10:15:58+00:00\" \/>\n<meta property=\"article:modified_time\" content=\"2022-09-08T11:08:02+00:00\" \/>\n<meta property=\"og:image\" content=\"https:\/\/escenanorte.com\/wp-content\/uploads\/2022\/09\/WhatsApp-Image-2022-09-08-at-12.41.20-scaled.jpeg\" \/>\n\t<meta property=\"og:image:width\" content=\"1280\" \/>\n\t<meta property=\"og:image:height\" content=\"960\" \/>\n\t<meta property=\"og:image:type\" content=\"image\/jpeg\" \/>\n<meta name=\"author\" content=\"Noelia\" \/>\n<meta name=\"twitter:card\" content=\"summary_large_image\" \/>\n<meta name=\"twitter:label1\" content=\"Written by\" \/>\n\t<meta name=\"twitter:data1\" content=\"Noelia\" \/>\n\t<meta name=\"twitter:label2\" content=\"Est. reading time\" \/>\n\t<meta name=\"twitter:data2\" content=\"6 minutes\" \/>\n<script type=\"application\/ld+json\" class=\"yoast-schema-graph\">{\"@context\":\"https:\/\/schema.org\",\"@graph\":[{\"@type\":\"Article\",\"@id\":\"https:\/\/escenanorte.com\/ast\/un-camino-escena-norte-mas-expansivo-busca-la-sonrisa-del-publico-en-las-38-sedes-de-su-cuarta-edicion-2\/#article\",\"isPartOf\":{\"@id\":\"https:\/\/escenanorte.com\/ast\/un-camino-escena-norte-mas-expansivo-busca-la-sonrisa-del-publico-en-las-38-sedes-de-su-cuarta-edicion-2\/\"},\"author\":{\"name\":\"Noelia\",\"@id\":\"https:\/\/escenanorte.com\/ast\/#\/schema\/person\/e710b5aa0c486f243b4d527a4259c37c\"},\"headline\":\"Un Camino Escena Norte m\u00e1s expansivo busca la sonrisa del p\u00fablico en las 38 sedes de su cuarta edici\u00f3n\",\"datePublished\":\"2022-09-08T10:15:58+00:00\",\"dateModified\":\"2022-09-08T11:08:02+00:00\",\"mainEntityOfPage\":{\"@id\":\"https:\/\/escenanorte.com\/ast\/un-camino-escena-norte-mas-expansivo-busca-la-sonrisa-del-publico-en-las-38-sedes-de-su-cuarta-edicion-2\/\"},\"wordCount\":1319,\"image\":{\"@id\":\"https:\/\/escenanorte.com\/ast\/un-camino-escena-norte-mas-expansivo-busca-la-sonrisa-del-publico-en-las-38-sedes-de-su-cuarta-edicion-2\/#primaryimage\"},\"thumbnailUrl\":\"https:\/\/escenanorte.com\/wp-content\/uploads\/2022\/09\/WhatsApp-Image-2022-09-08-at-12.41.20-scaled.jpeg\",\"articleSection\":[\"Noticies\"],\"inLanguage\":\"ast-ES\"},{\"@type\":\"WebPage\",\"@id\":\"https:\/\/escenanorte.com\/ast\/un-camino-escena-norte-mas-expansivo-busca-la-sonrisa-del-publico-en-las-38-sedes-de-su-cuarta-edicion-2\/\",\"url\":\"https:\/\/escenanorte.com\/ast\/un-camino-escena-norte-mas-expansivo-busca-la-sonrisa-del-publico-en-las-38-sedes-de-su-cuarta-edicion-2\/\",\"name\":\"Un Camino Escena Norte m\u00e1s expansivo busca la sonrisa del p\u00fablico en las 38 sedes de su cuarta edici\u00f3n - Camino Escena Norte\",\"isPartOf\":{\"@id\":\"https:\/\/escenanorte.com\/ast\/#website\"},\"primaryImageOfPage\":{\"@id\":\"https:\/\/escenanorte.com\/ast\/un-camino-escena-norte-mas-expansivo-busca-la-sonrisa-del-publico-en-las-38-sedes-de-su-cuarta-edicion-2\/#primaryimage\"},\"image\":{\"@id\":\"https:\/\/escenanorte.com\/ast\/un-camino-escena-norte-mas-expansivo-busca-la-sonrisa-del-publico-en-las-38-sedes-de-su-cuarta-edicion-2\/#primaryimage\"},\"thumbnailUrl\":\"https:\/\/escenanorte.com\/wp-content\/uploads\/2022\/09\/WhatsApp-Image-2022-09-08-at-12.41.20-scaled.jpeg\",\"datePublished\":\"2022-09-08T10:15:58+00:00\",\"dateModified\":\"2022-09-08T11:08:02+00:00\",\"author\":{\"@id\":\"https:\/\/escenanorte.com\/ast\/#\/schema\/person\/e710b5aa0c486f243b4d527a4259c37c\"},\"breadcrumb\":{\"@id\":\"https:\/\/escenanorte.com\/ast\/un-camino-escena-norte-mas-expansivo-busca-la-sonrisa-del-publico-en-las-38-sedes-de-su-cuarta-edicion-2\/#breadcrumb\"},\"inLanguage\":\"ast-ES\",\"potentialAction\":[{\"@type\":\"ReadAction\",\"target\":[\"https:\/\/escenanorte.com\/ast\/un-camino-escena-norte-mas-expansivo-busca-la-sonrisa-del-publico-en-las-38-sedes-de-su-cuarta-edicion-2\/\"]}]},{\"@type\":\"ImageObject\",\"inLanguage\":\"ast-ES\",\"@id\":\"https:\/\/escenanorte.com\/ast\/un-camino-escena-norte-mas-expansivo-busca-la-sonrisa-del-publico-en-las-38-sedes-de-su-cuarta-edicion-2\/#primaryimage\",\"url\":\"https:\/\/escenanorte.com\/wp-content\/uploads\/2022\/09\/WhatsApp-Image-2022-09-08-at-12.41.20-scaled.jpeg\",\"contentUrl\":\"https:\/\/escenanorte.com\/wp-content\/uploads\/2022\/09\/WhatsApp-Image-2022-09-08-at-12.41.20-scaled.jpeg\",\"width\":1280,\"height\":960,\"caption\":\"Gorka M\u00ednguez, de Erre Produkzioa; Ana del Val, diputada foral de \u00c1lava de Cultura, deportes y euskera, y Pilar L\u00f3pez, presidenta de Ezkena y directora de Teatro Para\u00edso\"},{\"@type\":\"BreadcrumbList\",\"@id\":\"https:\/\/escenanorte.com\/ast\/un-camino-escena-norte-mas-expansivo-busca-la-sonrisa-del-publico-en-las-38-sedes-de-su-cuarta-edicion-2\/#breadcrumb\",\"itemListElement\":[{\"@type\":\"ListItem\",\"position\":1,\"name\":\"Portada\",\"item\":\"https:\/\/escenanorte.com\/ast\/\"},{\"@type\":\"ListItem\",\"position\":2,\"name\":\"Un Camino Escena Norte m\u00e1s expansivo busca la sonrisa del p\u00fablico en las 38 sedes de su cuarta edici\u00f3n\"}]},{\"@type\":\"WebSite\",\"@id\":\"https:\/\/escenanorte.com\/ast\/#website\",\"url\":\"https:\/\/escenanorte.com\/ast\/\",\"name\":\"Camino Escena Norte\",\"description\":\"Escena Norte\",\"potentialAction\":[{\"@type\":\"SearchAction\",\"target\":{\"@type\":\"EntryPoint\",\"urlTemplate\":\"https:\/\/escenanorte.com\/ast\/?s={search_term_string}\"},\"query-input\":{\"@type\":\"PropertyValueSpecification\",\"valueRequired\":true,\"valueName\":\"search_term_string\"}}],\"inLanguage\":\"ast-ES\"},{\"@type\":\"Person\",\"@id\":\"https:\/\/escenanorte.com\/ast\/#\/schema\/person\/e710b5aa0c486f243b4d527a4259c37c\",\"name\":\"Noelia\",\"image\":{\"@type\":\"ImageObject\",\"inLanguage\":\"ast-ES\",\"@id\":\"https:\/\/secure.gravatar.com\/avatar\/d590b317b870f28020001606673cfd05bb4d34b9ede2d6a843ea8073c8ac9352?s=96&d=blank&r=g\",\"url\":\"https:\/\/secure.gravatar.com\/avatar\/d590b317b870f28020001606673cfd05bb4d34b9ede2d6a843ea8073c8ac9352?s=96&d=blank&r=g\",\"contentUrl\":\"https:\/\/secure.gravatar.com\/avatar\/d590b317b870f28020001606673cfd05bb4d34b9ede2d6a843ea8073c8ac9352?s=96&d=blank&r=g\",\"caption\":\"Noelia\"},\"url\":\"https:\/\/escenanorte.com\/ast\/author\/noelia\/\"}]}<\/script>\n<!-- \/ Yoast SEO plugin. -->","yoast_head_json":{"title":"Un Camino Escena Norte m\u00e1s expansivo busca la sonrisa del p\u00fablico en las 38 sedes de su cuarta edici\u00f3n - Camino Escena Norte","robots":{"index":"index","follow":"follow","max-snippet":"max-snippet:-1","max-image-preview":"max-image-preview:large","max-video-preview":"max-video-preview:-1"},"canonical":"https:\/\/escenanorte.com\/ast\/un-camino-escena-norte-mas-expansivo-busca-la-sonrisa-del-publico-en-las-38-sedes-de-su-cuarta-edicion-2\/","og_locale":"en_US","og_type":"article","og_title":"Un Camino Escena Norte m\u00e1s expansivo busca la sonrisa del p\u00fablico en las 38 sedes de su cuarta edici\u00f3n - Camino Escena Norte","og_description":"Agurain y Vitoria-Gasteiz se suman a otras seis localidades de Bizkaia y Gipuzkoa y ofrecer\u00e1n hasta el 9 de octubre montajes de compa\u00f1\u00edas esc\u00e9nicas de Galicia, Asturias y Cantabria M\u00e1s [&hellip;]","og_url":"https:\/\/escenanorte.com\/ast\/un-camino-escena-norte-mas-expansivo-busca-la-sonrisa-del-publico-en-las-38-sedes-de-su-cuarta-edicion-2\/","og_site_name":"Camino Escena Norte","article_publisher":"https:\/\/www.facebook.com\/escenanorte","article_published_time":"2022-09-08T10:15:58+00:00","article_modified_time":"2022-09-08T11:08:02+00:00","og_image":[{"width":1280,"height":960,"url":"https:\/\/escenanorte.com\/wp-content\/uploads\/2022\/09\/WhatsApp-Image-2022-09-08-at-12.41.20-scaled.jpeg","type":"image\/jpeg"}],"author":"Noelia","twitter_card":"summary_large_image","twitter_misc":{"Written by":"Noelia","Est. reading time":"6 minutes"},"schema":{"@context":"https:\/\/schema.org","@graph":[{"@type":"Article","@id":"https:\/\/escenanorte.com\/ast\/un-camino-escena-norte-mas-expansivo-busca-la-sonrisa-del-publico-en-las-38-sedes-de-su-cuarta-edicion-2\/#article","isPartOf":{"@id":"https:\/\/escenanorte.com\/ast\/un-camino-escena-norte-mas-expansivo-busca-la-sonrisa-del-publico-en-las-38-sedes-de-su-cuarta-edicion-2\/"},"author":{"name":"Noelia","@id":"https:\/\/escenanorte.com\/ast\/#\/schema\/person\/e710b5aa0c486f243b4d527a4259c37c"},"headline":"Un Camino Escena Norte m\u00e1s expansivo busca la sonrisa del p\u00fablico en las 38 sedes de su cuarta edici\u00f3n","datePublished":"2022-09-08T10:15:58+00:00","dateModified":"2022-09-08T11:08:02+00:00","mainEntityOfPage":{"@id":"https:\/\/escenanorte.com\/ast\/un-camino-escena-norte-mas-expansivo-busca-la-sonrisa-del-publico-en-las-38-sedes-de-su-cuarta-edicion-2\/"},"wordCount":1319,"image":{"@id":"https:\/\/escenanorte.com\/ast\/un-camino-escena-norte-mas-expansivo-busca-la-sonrisa-del-publico-en-las-38-sedes-de-su-cuarta-edicion-2\/#primaryimage"},"thumbnailUrl":"https:\/\/escenanorte.com\/wp-content\/uploads\/2022\/09\/WhatsApp-Image-2022-09-08-at-12.41.20-scaled.jpeg","articleSection":["Noticies"],"inLanguage":"ast-ES"},{"@type":"WebPage","@id":"https:\/\/escenanorte.com\/ast\/un-camino-escena-norte-mas-expansivo-busca-la-sonrisa-del-publico-en-las-38-sedes-de-su-cuarta-edicion-2\/","url":"https:\/\/escenanorte.com\/ast\/un-camino-escena-norte-mas-expansivo-busca-la-sonrisa-del-publico-en-las-38-sedes-de-su-cuarta-edicion-2\/","name":"Un Camino Escena Norte m\u00e1s expansivo busca la sonrisa del p\u00fablico en las 38 sedes de su cuarta edici\u00f3n - Camino Escena Norte","isPartOf":{"@id":"https:\/\/escenanorte.com\/ast\/#website"},"primaryImageOfPage":{"@id":"https:\/\/escenanorte.com\/ast\/un-camino-escena-norte-mas-expansivo-busca-la-sonrisa-del-publico-en-las-38-sedes-de-su-cuarta-edicion-2\/#primaryimage"},"image":{"@id":"https:\/\/escenanorte.com\/ast\/un-camino-escena-norte-mas-expansivo-busca-la-sonrisa-del-publico-en-las-38-sedes-de-su-cuarta-edicion-2\/#primaryimage"},"thumbnailUrl":"https:\/\/escenanorte.com\/wp-content\/uploads\/2022\/09\/WhatsApp-Image-2022-09-08-at-12.41.20-scaled.jpeg","datePublished":"2022-09-08T10:15:58+00:00","dateModified":"2022-09-08T11:08:02+00:00","author":{"@id":"https:\/\/escenanorte.com\/ast\/#\/schema\/person\/e710b5aa0c486f243b4d527a4259c37c"},"breadcrumb":{"@id":"https:\/\/escenanorte.com\/ast\/un-camino-escena-norte-mas-expansivo-busca-la-sonrisa-del-publico-en-las-38-sedes-de-su-cuarta-edicion-2\/#breadcrumb"},"inLanguage":"ast-ES","potentialAction":[{"@type":"ReadAction","target":["https:\/\/escenanorte.com\/ast\/un-camino-escena-norte-mas-expansivo-busca-la-sonrisa-del-publico-en-las-38-sedes-de-su-cuarta-edicion-2\/"]}]},{"@type":"ImageObject","inLanguage":"ast-ES","@id":"https:\/\/escenanorte.com\/ast\/un-camino-escena-norte-mas-expansivo-busca-la-sonrisa-del-publico-en-las-38-sedes-de-su-cuarta-edicion-2\/#primaryimage","url":"https:\/\/escenanorte.com\/wp-content\/uploads\/2022\/09\/WhatsApp-Image-2022-09-08-at-12.41.20-scaled.jpeg","contentUrl":"https:\/\/escenanorte.com\/wp-content\/uploads\/2022\/09\/WhatsApp-Image-2022-09-08-at-12.41.20-scaled.jpeg","width":1280,"height":960,"caption":"Gorka M\u00ednguez, de Erre Produkzioa; Ana del Val, diputada foral de \u00c1lava de Cultura, deportes y euskera, y Pilar L\u00f3pez, presidenta de Ezkena y directora de Teatro Para\u00edso"},{"@type":"BreadcrumbList","@id":"https:\/\/escenanorte.com\/ast\/un-camino-escena-norte-mas-expansivo-busca-la-sonrisa-del-publico-en-las-38-sedes-de-su-cuarta-edicion-2\/#breadcrumb","itemListElement":[{"@type":"ListItem","position":1,"name":"Portada","item":"https:\/\/escenanorte.com\/ast\/"},{"@type":"ListItem","position":2,"name":"Un Camino Escena Norte m\u00e1s expansivo busca la sonrisa del p\u00fablico en las 38 sedes de su cuarta edici\u00f3n"}]},{"@type":"WebSite","@id":"https:\/\/escenanorte.com\/ast\/#website","url":"https:\/\/escenanorte.com\/ast\/","name":"Camino Escena Norte","description":"Escena Norte","potentialAction":[{"@type":"SearchAction","target":{"@type":"EntryPoint","urlTemplate":"https:\/\/escenanorte.com\/ast\/?s={search_term_string}"},"query-input":{"@type":"PropertyValueSpecification","valueRequired":true,"valueName":"search_term_string"}}],"inLanguage":"ast-ES"},{"@type":"Person","@id":"https:\/\/escenanorte.com\/ast\/#\/schema\/person\/e710b5aa0c486f243b4d527a4259c37c","name":"Noelia","image":{"@type":"ImageObject","inLanguage":"ast-ES","@id":"https:\/\/secure.gravatar.com\/avatar\/d590b317b870f28020001606673cfd05bb4d34b9ede2d6a843ea8073c8ac9352?s=96&d=blank&r=g","url":"https:\/\/secure.gravatar.com\/avatar\/d590b317b870f28020001606673cfd05bb4d34b9ede2d6a843ea8073c8ac9352?s=96&d=blank&r=g","contentUrl":"https:\/\/secure.gravatar.com\/avatar\/d590b317b870f28020001606673cfd05bb4d34b9ede2d6a843ea8073c8ac9352?s=96&d=blank&r=g","caption":"Noelia"},"url":"https:\/\/escenanorte.com\/ast\/author\/noelia\/"}]}},"publishpress_future_action":{"enabled":false,"date":"2026-05-06 17:22:49","action":"change-status","newStatus":"draft","terms":[],"taxonomy":"category","extraData":[]},"publishpress_future_workflow_manual_trigger":{"enabledWorkflows":[]},"_links":{"self":[{"href":"https:\/\/escenanorte.com\/ast\/wp-json\/wp\/v2\/posts\/30675","targetHints":{"allow":["GET"]}}],"collection":[{"href":"https:\/\/escenanorte.com\/ast\/wp-json\/wp\/v2\/posts"}],"about":[{"href":"https:\/\/escenanorte.com\/ast\/wp-json\/wp\/v2\/types\/post"}],"author":[{"embeddable":true,"href":"https:\/\/escenanorte.com\/ast\/wp-json\/wp\/v2\/users\/5"}],"replies":[{"embeddable":true,"href":"https:\/\/escenanorte.com\/ast\/wp-json\/wp\/v2\/comments?post=30675"}],"version-history":[{"count":1,"href":"https:\/\/escenanorte.com\/ast\/wp-json\/wp\/v2\/posts\/30675\/revisions"}],"predecessor-version":[{"id":30678,"href":"https:\/\/escenanorte.com\/ast\/wp-json\/wp\/v2\/posts\/30675\/revisions\/30678"}],"wp:featuredmedia":[{"embeddable":true,"href":"https:\/\/escenanorte.com\/ast\/wp-json\/wp\/v2\/media\/30696"}],"wp:attachment":[{"href":"https:\/\/escenanorte.com\/ast\/wp-json\/wp\/v2\/media?parent=30675"}],"wp:term":[{"taxonomy":"category","embeddable":true,"href":"https:\/\/escenanorte.com\/ast\/wp-json\/wp\/v2\/categories?post=30675"},{"taxonomy":"post_tag","embeddable":true,"href":"https:\/\/escenanorte.com\/ast\/wp-json\/wp\/v2\/tags?post=30675"}],"curies":[{"name":"wp","href":"https:\/\/api.w.org\/{rel}","templated":true}]}}