{"id":30515,"date":"2022-09-07T12:12:58","date_gmt":"2022-09-07T10:12:58","guid":{"rendered":"https:\/\/escenanorte.com\/?p=30515"},"modified":"2022-09-07T12:12:59","modified_gmt":"2022-09-07T10:12:59","slug":"un-camin-escena-norte-mas-expansivo-busca-la-sonrisa-del-publico-en-las-38-sedes-de-su-cuarta-edicion","status":"publish","type":"post","link":"https:\/\/escenanorte.com\/ast\/un-camin-escena-norte-mas-expansivo-busca-la-sonrisa-del-publico-en-las-38-sedes-de-su-cuarta-edicion\/","title":{"rendered":"Un Cam\u00edn Escena Norte m\u00e1s expansivo busca la sonrisa del p\u00fablico en las 38 sedes de su cuarta edici\u00f3n"},"content":{"rendered":"\n<p><strong><em>El proyecto de intercambio de artes esc\u00e9nicas celebrar\u00e1 su programaci\u00f3n oficial del 10 de septiembre al 9 de octubre con m\u00e1s participantes, sedes y propuestas<\/em><\/strong><\/p>\n\n\n\n<p><em><strong>El circuito de funciones en Asturias incluye nueve sedes y siete espect\u00e1culos de compa\u00f1\u00edas de Galicia, Cantabria y Euskadi y dar\u00e1 comienzo el 16 de septiembre en Vegadeo<\/strong><\/em><\/p>\n\n\n\n<p>M\u00e1s compa\u00f1\u00edas, m\u00e1s espect\u00e1culos, m\u00e1s territorios, m\u00e1s propuestas. La cuarta edici\u00f3n de Cam\u00edn Escena Norte (CEN) se expande en su compromiso por promover el intercambio esc\u00e9nico, art\u00edstico y profesional entre compa\u00f1\u00edas de Galicia, Asturias, Cantabria, Pa\u00eds Vasco y, este a\u00f1o, tambi\u00e9n Navarra. El lema <em>Crecen las sonrisas<\/em> encabeza una programaci\u00f3n oficial que se celebrar\u00e1 del 10 de septiembre al 9 de octubre, con 15 compa\u00f1\u00edas de teatro, danza y nuevo circo mostrando sus espect\u00e1culos en las 38 sedes que forman parte del Itinerario Constelaciones, el circuito de escenarios del CEN.<\/p>\n\n\n\n<p>La cuarta edici\u00f3n cuenta con importantes novedades, como son la inclusi\u00f3n de la provincia de Araba (completando as\u00ed la programaci\u00f3n en el territorio de Euskadi), y de la Comunidad Foral de Navarra en el circuito de representaciones, ampliando la presencia del CEN en el hist\u00f3rico itinerario del Camino de Santiago. Esta ampliaci\u00f3n supone, adem\u00e1s, la expansi\u00f3n art\u00edstica de Cam\u00edn Escena Norte.<\/p>\n\n\n\n<p>El circuito de funciones en Asturias incluye siete espect\u00e1culos de compa\u00f1\u00edas de Galicia, Cantabria y Euskadi. Comenzar\u00e1 el 16 de septiembre en la Casa de Cultura de Vegadeo con <em>Del otro lado<\/em>, de la compa\u00f1\u00eda Escena Miri\u00f1aque (Cantabria) y finalizar\u00e1 en el Teatro Filarm\u00f3nica de Oviedo\/Uvi\u00e9u el 8 de octubre con <em>Bailar Agora<\/em>, de Marta Alonso Tejada (Galicia).<\/p>\n\n\n\n<p>Las sedes del CEN en Asturias incluyen tambi\u00e9n la Capilla de los Dolores (Grau\/Grado); el Centro de Arte Rupestre Tito Bustillo (Ribadesella\/Ribeseya) y los teatros de la Laboral (Gij\u00f3n\/Xix\u00f3n), Fantasio (Navia), Riera (Villaviciosa) y Clar\u00edn (Sotu\u2019l Barcu) y en el Centro Cultural de Los Canap\u00e9s (Avil\u00e9s).<\/p>\n\n\n\n<p>Las fechas del Itinerario Constelaciones en Asturias son las siguientes:<\/p>\n\n\n\n<p>16.09 | Vegadeo | <em>Del otro lado<\/em>, de Escena Miri\u00f1aque<\/p>\n\n\n\n<p>16.09 | Grau\/Grado | <em>Ecos en el fango<\/em>, de La Machina Teatro<\/p>\n\n\n\n<p>17.09 | Ribadesella\/Ribeseya | <em>Son\u00e1mbulo<\/em>, de PistaCatro<\/p>\n\n\n\n<p>18.09 | Gij\u00f3n\/Xix\u00f3n | <em>Como un suspiro<\/em>, de Ruido Interno<\/p>\n\n\n\n<p>24.09 | Villaviciosa | <em>Del otro lado<\/em>, de Escena Miri\u00f1aque<\/p>\n\n\n\n<p>30.09 | Sotu\u2019l Barcu | <em>Del otro lado<\/em>, de Escena Miri\u00f1aque<\/p>\n\n\n\n<p>01.10 | Navia | <em>Como un suspiro<\/em>, de Ruido Interno<\/p>\n\n\n\n<p>07.10 | Avil\u00e9s | <em>\u00daniko<\/em>, de Teatro Para\u00edso<\/p>\n\n\n\n<p>08.10 | Oviedo\/Uvi\u00e9u | <em>Bailar Agora<\/em>, de Marta Alonso Tejada<\/p>\n\n\n\n<p>Por otra parte, para el circuito, Asturias ha elegido a las compa\u00f1\u00edas <strong>Fantastique Company<\/strong> y <em>El secreto de Julio Verne<\/em>; <strong>El Callej\u00f3n del Gato<\/strong>, con <em>La ni\u00f1a de las trenzas al rev\u00e9s<\/em> y <strong>Zig Zag Danza<\/strong>, que representar\u00e1 <em>M\u00edmesis<\/em>.<\/p>\n\n\n\n<h1 class=\"wp-block-heading\"><a><\/a>Cam\u00edn Expandido<\/h1>\n\n\n\n<p>Junto al Itinerario Constelaciones convive el programa Cam\u00edn Expandido que abarca toda la actividad fuera del circuito de funciones. El crecimiento de la cuarta edici\u00f3n del CEN tambi\u00e9n se refleja en las actividades de esta programaci\u00f3n: refuerzo de Cruces, m\u00e1s compa\u00f1\u00edas inscritas en Habitaci\u00f3n Peregrina PRO y el estreno de ESADS en Cam\u00edn. El proyecto se complementar\u00e1 con coloquios en l\u00ednea y encuentros con el p\u00fablico tras las representaciones.<\/p>\n\n\n\n<p>El programa<strong> Cruces<\/strong>, dise\u00f1ado <a>para promover el intercambio esc\u00e9nico, art\u00edstico y profesional entre compa\u00f1\u00edas<\/a>, esla piedra angularde Cam\u00edn Escena Norte. En 2022, las bases de participaci\u00f3n del proyecto se han flexibilizado. Adem\u00e1s, el programa ha recibido un impulso presupuestario debido a la importancia que cobra para los profesionales implicados en el proyecto la colaboraci\u00f3n con otras formaciones art\u00edsticas de diferentes territorios. Esta red de estancias de creaci\u00f3n esc\u00e9nica e intercambio art\u00edstico y profesional entre Galicia, Asturias, Cantabria y Euskadi comenz\u00f3 el 11 de agosto y finalizar\u00e1 el 10 de septiembre.<\/p>\n\n\n\n<p>Camino Escena Norte estrena en 2022 <strong>ESADS en Cam\u00edn<\/strong>, un programa de colaboraci\u00f3n con las Escuelas Superiores de Arte Dram\u00e1tico (ESAD) de Asturias y Galicia y la de Arte Dram\u00e1tico y Danza de Euskadi, Dantzerti<strong>.<\/strong> &nbsp;El alumnado de las tres escuelas entrar\u00e1 en contacto con los profesionales en activo que intervienen en la cuarta edici\u00f3n del CEN, a trav\u00e9s de encuentros, talleres acerca de diversas disciplinas art\u00edsticas y pr\u00e1cticas que les permitan acercarse a un d\u00eda de trabajo dentro de una compa\u00f1\u00eda.<a><\/a><\/p>\n\n\n\n<p>Entre el 13 y el 15 de septiembre, el Centro Cultural O Vello C\u00e1rcere de Lugo acoger\u00e1 la tercera edici\u00f3n del encuentro profesional <strong>Habitaci\u00f3n Peregrina PRO<\/strong>, en el que est\u00e1n inscritas 44 compa\u00f1\u00edas y distribuidoras, y participar\u00e1n m\u00e1s de 70 agentes profesionales de las cinco comunidades del CEN, un 35% m\u00e1s que en a\u00f1os anteriores. Centrado en conectar a los diferentes agentes del sector en las cinco comunidades participantes, sus focos de inter\u00e9s son: sinerg\u00edas entre compa\u00f1\u00edas y creadores y creadoras; la reflexi\u00f3n y formaci\u00f3n alrededor de algunos de los retos que afronta el sector esc\u00e9nico y las posibilidades de promoci\u00f3n, visibilizaci\u00f3n y distribuci\u00f3n de las compa\u00f1\u00edas en los distintos territorios de Camino Escena Norte.<\/p>\n\n\n\n<p>CEN es una iniciativa promovida por las propias asociaciones profesionales de productoras de artes esc\u00e9nicas<strong> Escena Galega <\/strong>(Galicia),<strong> EscenAsturias <\/strong>(Asturias),<strong> ACEPAE <\/strong>(Cantabria) y<strong> Eskena <\/strong>(Euskadi).Todas ellas, unidas en la supraentidad Camino Escena Norte Agrupaci\u00f3n de Inter\u00e9s Econ\u00f3mico, creada espec\u00edficamente para el desarrollo, gesti\u00f3n y producci\u00f3n de este proyecto.<\/p>\n\n\n\n<p>CEN cuenta con el apoyo econ\u00f3mico del <strong>Gobierno del Principado de Asturias, <\/strong>la <strong>Xunta de Galicia, <\/strong>a trav\u00e9s de la<strong> Axencia Galega das Industrias Culturais (Agadic), Gobierno de Cantabria, Diputaci\u00f3n Foral de Araba, Diputaci\u00f3n Foral de Bizkaia, Diputaci\u00f3n Foral de Gipuzkoa<\/strong> y el <strong>Gobierno de Navarra, <\/strong>adem\u00e1s delGobierno de Espa\u00f1a a trav\u00e9s del <strong>INAEM<\/strong>. Colaboran tambi\u00e9n los ayuntamientos de <strong>Avil\u00e9s, Grau\/Grado,\u00a0 Gij\u00f3n\/Xix\u00f3n, Navia, Oviedo\/Uvi\u00e9u, Ribadesella\/Ribeseya, Sotu\u2019l Barcu, Vegadeo <\/strong>y<strong> Villaviciosa<\/strong>.<\/p>\n\n\n\n<p><strong>Vegalsa-Eroski<\/strong> se mantiene como patrocinador oficial, con una mayor aportaci\u00f3n econ\u00f3mica para esta edici\u00f3n, que refuerza su compromiso y apuesta por un proyecto que promueve el intercambio cultural entre territorios.<\/p>\n","protected":false},"excerpt":{"rendered":"<p>El proyecto de intercambio de artes esc\u00e9nicas celebrar\u00e1 su programaci\u00f3n oficial del 10 de septiembre al 9 de octubre con m\u00e1s participantes, sedes y propuestas El circuito de funciones en [&hellip;]<\/p>\n","protected":false},"author":5,"featured_media":30522,"comment_status":"closed","ping_status":"open","sticky":false,"template":"","format":"standard","meta":{"footnotes":""},"categories":[1],"tags":[],"class_list":["post-30515","post","type-post","status-publish","format-standard","has-post-thumbnail","hentry","category-noticias"],"yoast_head":"<!-- This site is optimized with the Yoast SEO plugin v27.2 - https:\/\/yoast.com\/product\/yoast-seo-wordpress\/ -->\n<title>Un Cam\u00edn Escena Norte m\u00e1s expansivo busca la sonrisa del p\u00fablico en las 38 sedes de su cuarta edici\u00f3n - Camino Escena Norte<\/title>\n<meta name=\"robots\" content=\"index, follow, max-snippet:-1, max-image-preview:large, max-video-preview:-1\" \/>\n<link rel=\"canonical\" href=\"https:\/\/escenanorte.com\/ast\/un-camin-escena-norte-mas-expansivo-busca-la-sonrisa-del-publico-en-las-38-sedes-de-su-cuarta-edicion\/\" \/>\n<meta property=\"og:locale\" content=\"en_US\" \/>\n<meta property=\"og:type\" content=\"article\" \/>\n<meta property=\"og:title\" content=\"Un Cam\u00edn Escena Norte m\u00e1s expansivo busca la sonrisa del p\u00fablico en las 38 sedes de su cuarta edici\u00f3n - Camino Escena Norte\" \/>\n<meta property=\"og:description\" content=\"El proyecto de intercambio de artes esc\u00e9nicas celebrar\u00e1 su programaci\u00f3n oficial del 10 de septiembre al 9 de octubre con m\u00e1s participantes, sedes y propuestas El circuito de funciones en [&hellip;]\" \/>\n<meta property=\"og:url\" content=\"https:\/\/escenanorte.com\/ast\/un-camin-escena-norte-mas-expansivo-busca-la-sonrisa-del-publico-en-las-38-sedes-de-su-cuarta-edicion\/\" \/>\n<meta property=\"og:site_name\" content=\"Camino Escena Norte\" \/>\n<meta property=\"article:publisher\" content=\"https:\/\/www.facebook.com\/escenanorte\" \/>\n<meta property=\"article:published_time\" content=\"2022-09-07T10:12:58+00:00\" \/>\n<meta property=\"article:modified_time\" content=\"2022-09-07T10:12:59+00:00\" \/>\n<meta property=\"og:image\" content=\"https:\/\/escenanorte.com\/wp-content\/uploads\/2022\/09\/image3-scaled.jpeg\" \/>\n\t<meta property=\"og:image:width\" content=\"1280\" \/>\n\t<meta property=\"og:image:height\" content=\"960\" \/>\n\t<meta property=\"og:image:type\" content=\"image\/jpeg\" \/>\n<meta name=\"author\" content=\"Noelia\" \/>\n<meta name=\"twitter:card\" content=\"summary_large_image\" \/>\n<meta name=\"twitter:label1\" content=\"Written by\" \/>\n\t<meta name=\"twitter:data1\" content=\"Noelia\" \/>\n\t<meta name=\"twitter:label2\" content=\"Est. reading time\" \/>\n\t<meta name=\"twitter:data2\" content=\"5 minutes\" \/>\n<script type=\"application\/ld+json\" class=\"yoast-schema-graph\">{\"@context\":\"https:\/\/schema.org\",\"@graph\":[{\"@type\":\"Article\",\"@id\":\"https:\/\/escenanorte.com\/ast\/un-camin-escena-norte-mas-expansivo-busca-la-sonrisa-del-publico-en-las-38-sedes-de-su-cuarta-edicion\/#article\",\"isPartOf\":{\"@id\":\"https:\/\/escenanorte.com\/ast\/un-camin-escena-norte-mas-expansivo-busca-la-sonrisa-del-publico-en-las-38-sedes-de-su-cuarta-edicion\/\"},\"author\":{\"name\":\"Noelia\",\"@id\":\"https:\/\/escenanorte.com\/ast\/#\/schema\/person\/e710b5aa0c486f243b4d527a4259c37c\"},\"headline\":\"Un Cam\u00edn Escena Norte m\u00e1s expansivo busca la sonrisa del p\u00fablico en las 38 sedes de su cuarta edici\u00f3n\",\"datePublished\":\"2022-09-07T10:12:58+00:00\",\"dateModified\":\"2022-09-07T10:12:59+00:00\",\"mainEntityOfPage\":{\"@id\":\"https:\/\/escenanorte.com\/ast\/un-camin-escena-norte-mas-expansivo-busca-la-sonrisa-del-publico-en-las-38-sedes-de-su-cuarta-edicion\/\"},\"wordCount\":1077,\"image\":{\"@id\":\"https:\/\/escenanorte.com\/ast\/un-camin-escena-norte-mas-expansivo-busca-la-sonrisa-del-publico-en-las-38-sedes-de-su-cuarta-edicion\/#primaryimage\"},\"thumbnailUrl\":\"https:\/\/escenanorte.com\/wp-content\/uploads\/2022\/09\/image3-scaled.jpeg\",\"articleSection\":[\"Noticias\"],\"inLanguage\":\"ast-ES\"},{\"@type\":\"WebPage\",\"@id\":\"https:\/\/escenanorte.com\/ast\/un-camin-escena-norte-mas-expansivo-busca-la-sonrisa-del-publico-en-las-38-sedes-de-su-cuarta-edicion\/\",\"url\":\"https:\/\/escenanorte.com\/ast\/un-camin-escena-norte-mas-expansivo-busca-la-sonrisa-del-publico-en-las-38-sedes-de-su-cuarta-edicion\/\",\"name\":\"Un Cam\u00edn Escena Norte m\u00e1s expansivo busca la sonrisa del p\u00fablico en las 38 sedes de su cuarta edici\u00f3n - Camino Escena Norte\",\"isPartOf\":{\"@id\":\"https:\/\/escenanorte.com\/ast\/#website\"},\"primaryImageOfPage\":{\"@id\":\"https:\/\/escenanorte.com\/ast\/un-camin-escena-norte-mas-expansivo-busca-la-sonrisa-del-publico-en-las-38-sedes-de-su-cuarta-edicion\/#primaryimage\"},\"image\":{\"@id\":\"https:\/\/escenanorte.com\/ast\/un-camin-escena-norte-mas-expansivo-busca-la-sonrisa-del-publico-en-las-38-sedes-de-su-cuarta-edicion\/#primaryimage\"},\"thumbnailUrl\":\"https:\/\/escenanorte.com\/wp-content\/uploads\/2022\/09\/image3-scaled.jpeg\",\"datePublished\":\"2022-09-07T10:12:58+00:00\",\"dateModified\":\"2022-09-07T10:12:59+00:00\",\"author\":{\"@id\":\"https:\/\/escenanorte.com\/ast\/#\/schema\/person\/e710b5aa0c486f243b4d527a4259c37c\"},\"breadcrumb\":{\"@id\":\"https:\/\/escenanorte.com\/ast\/un-camin-escena-norte-mas-expansivo-busca-la-sonrisa-del-publico-en-las-38-sedes-de-su-cuarta-edicion\/#breadcrumb\"},\"inLanguage\":\"ast-ES\",\"potentialAction\":[{\"@type\":\"ReadAction\",\"target\":[\"https:\/\/escenanorte.com\/ast\/un-camin-escena-norte-mas-expansivo-busca-la-sonrisa-del-publico-en-las-38-sedes-de-su-cuarta-edicion\/\"]}]},{\"@type\":\"ImageObject\",\"inLanguage\":\"ast-ES\",\"@id\":\"https:\/\/escenanorte.com\/ast\/un-camin-escena-norte-mas-expansivo-busca-la-sonrisa-del-publico-en-las-38-sedes-de-su-cuarta-edicion\/#primaryimage\",\"url\":\"https:\/\/escenanorte.com\/wp-content\/uploads\/2022\/09\/image3-scaled.jpeg\",\"contentUrl\":\"https:\/\/escenanorte.com\/wp-content\/uploads\/2022\/09\/image3-scaled.jpeg\",\"width\":1280,\"height\":960},{\"@type\":\"BreadcrumbList\",\"@id\":\"https:\/\/escenanorte.com\/ast\/un-camin-escena-norte-mas-expansivo-busca-la-sonrisa-del-publico-en-las-38-sedes-de-su-cuarta-edicion\/#breadcrumb\",\"itemListElement\":[{\"@type\":\"ListItem\",\"position\":1,\"name\":\"Portada\",\"item\":\"https:\/\/escenanorte.com\/ast\/\"},{\"@type\":\"ListItem\",\"position\":2,\"name\":\"Un Cam\u00edn Escena Norte m\u00e1s expansivo busca la sonrisa del p\u00fablico en las 38 sedes de su cuarta edici\u00f3n\"}]},{\"@type\":\"WebSite\",\"@id\":\"https:\/\/escenanorte.com\/ast\/#website\",\"url\":\"https:\/\/escenanorte.com\/ast\/\",\"name\":\"Camino Escena Norte\",\"description\":\"Escena Norte\",\"potentialAction\":[{\"@type\":\"SearchAction\",\"target\":{\"@type\":\"EntryPoint\",\"urlTemplate\":\"https:\/\/escenanorte.com\/ast\/?s={search_term_string}\"},\"query-input\":{\"@type\":\"PropertyValueSpecification\",\"valueRequired\":true,\"valueName\":\"search_term_string\"}}],\"inLanguage\":\"ast-ES\"},{\"@type\":\"Person\",\"@id\":\"https:\/\/escenanorte.com\/ast\/#\/schema\/person\/e710b5aa0c486f243b4d527a4259c37c\",\"name\":\"Noelia\",\"image\":{\"@type\":\"ImageObject\",\"inLanguage\":\"ast-ES\",\"@id\":\"https:\/\/secure.gravatar.com\/avatar\/d590b317b870f28020001606673cfd05bb4d34b9ede2d6a843ea8073c8ac9352?s=96&d=blank&r=g\",\"url\":\"https:\/\/secure.gravatar.com\/avatar\/d590b317b870f28020001606673cfd05bb4d34b9ede2d6a843ea8073c8ac9352?s=96&d=blank&r=g\",\"contentUrl\":\"https:\/\/secure.gravatar.com\/avatar\/d590b317b870f28020001606673cfd05bb4d34b9ede2d6a843ea8073c8ac9352?s=96&d=blank&r=g\",\"caption\":\"Noelia\"},\"url\":\"https:\/\/escenanorte.com\/ast\/author\/noelia\/\"}]}<\/script>\n<!-- \/ Yoast SEO plugin. -->","yoast_head_json":{"title":"Un Cam\u00edn Escena Norte m\u00e1s expansivo busca la sonrisa del p\u00fablico en las 38 sedes de su cuarta edici\u00f3n - Camino Escena Norte","robots":{"index":"index","follow":"follow","max-snippet":"max-snippet:-1","max-image-preview":"max-image-preview:large","max-video-preview":"max-video-preview:-1"},"canonical":"https:\/\/escenanorte.com\/ast\/un-camin-escena-norte-mas-expansivo-busca-la-sonrisa-del-publico-en-las-38-sedes-de-su-cuarta-edicion\/","og_locale":"en_US","og_type":"article","og_title":"Un Cam\u00edn Escena Norte m\u00e1s expansivo busca la sonrisa del p\u00fablico en las 38 sedes de su cuarta edici\u00f3n - Camino Escena Norte","og_description":"El proyecto de intercambio de artes esc\u00e9nicas celebrar\u00e1 su programaci\u00f3n oficial del 10 de septiembre al 9 de octubre con m\u00e1s participantes, sedes y propuestas El circuito de funciones en [&hellip;]","og_url":"https:\/\/escenanorte.com\/ast\/un-camin-escena-norte-mas-expansivo-busca-la-sonrisa-del-publico-en-las-38-sedes-de-su-cuarta-edicion\/","og_site_name":"Camino Escena Norte","article_publisher":"https:\/\/www.facebook.com\/escenanorte","article_published_time":"2022-09-07T10:12:58+00:00","article_modified_time":"2022-09-07T10:12:59+00:00","og_image":[{"width":1280,"height":960,"url":"https:\/\/escenanorte.com\/wp-content\/uploads\/2022\/09\/image3-scaled.jpeg","type":"image\/jpeg"}],"author":"Noelia","twitter_card":"summary_large_image","twitter_misc":{"Written by":"Noelia","Est. reading time":"5 minutes"},"schema":{"@context":"https:\/\/schema.org","@graph":[{"@type":"Article","@id":"https:\/\/escenanorte.com\/ast\/un-camin-escena-norte-mas-expansivo-busca-la-sonrisa-del-publico-en-las-38-sedes-de-su-cuarta-edicion\/#article","isPartOf":{"@id":"https:\/\/escenanorte.com\/ast\/un-camin-escena-norte-mas-expansivo-busca-la-sonrisa-del-publico-en-las-38-sedes-de-su-cuarta-edicion\/"},"author":{"name":"Noelia","@id":"https:\/\/escenanorte.com\/ast\/#\/schema\/person\/e710b5aa0c486f243b4d527a4259c37c"},"headline":"Un Cam\u00edn Escena Norte m\u00e1s expansivo busca la sonrisa del p\u00fablico en las 38 sedes de su cuarta edici\u00f3n","datePublished":"2022-09-07T10:12:58+00:00","dateModified":"2022-09-07T10:12:59+00:00","mainEntityOfPage":{"@id":"https:\/\/escenanorte.com\/ast\/un-camin-escena-norte-mas-expansivo-busca-la-sonrisa-del-publico-en-las-38-sedes-de-su-cuarta-edicion\/"},"wordCount":1077,"image":{"@id":"https:\/\/escenanorte.com\/ast\/un-camin-escena-norte-mas-expansivo-busca-la-sonrisa-del-publico-en-las-38-sedes-de-su-cuarta-edicion\/#primaryimage"},"thumbnailUrl":"https:\/\/escenanorte.com\/wp-content\/uploads\/2022\/09\/image3-scaled.jpeg","articleSection":["Noticias"],"inLanguage":"ast-ES"},{"@type":"WebPage","@id":"https:\/\/escenanorte.com\/ast\/un-camin-escena-norte-mas-expansivo-busca-la-sonrisa-del-publico-en-las-38-sedes-de-su-cuarta-edicion\/","url":"https:\/\/escenanorte.com\/ast\/un-camin-escena-norte-mas-expansivo-busca-la-sonrisa-del-publico-en-las-38-sedes-de-su-cuarta-edicion\/","name":"Un Cam\u00edn Escena Norte m\u00e1s expansivo busca la sonrisa del p\u00fablico en las 38 sedes de su cuarta edici\u00f3n - Camino Escena Norte","isPartOf":{"@id":"https:\/\/escenanorte.com\/ast\/#website"},"primaryImageOfPage":{"@id":"https:\/\/escenanorte.com\/ast\/un-camin-escena-norte-mas-expansivo-busca-la-sonrisa-del-publico-en-las-38-sedes-de-su-cuarta-edicion\/#primaryimage"},"image":{"@id":"https:\/\/escenanorte.com\/ast\/un-camin-escena-norte-mas-expansivo-busca-la-sonrisa-del-publico-en-las-38-sedes-de-su-cuarta-edicion\/#primaryimage"},"thumbnailUrl":"https:\/\/escenanorte.com\/wp-content\/uploads\/2022\/09\/image3-scaled.jpeg","datePublished":"2022-09-07T10:12:58+00:00","dateModified":"2022-09-07T10:12:59+00:00","author":{"@id":"https:\/\/escenanorte.com\/ast\/#\/schema\/person\/e710b5aa0c486f243b4d527a4259c37c"},"breadcrumb":{"@id":"https:\/\/escenanorte.com\/ast\/un-camin-escena-norte-mas-expansivo-busca-la-sonrisa-del-publico-en-las-38-sedes-de-su-cuarta-edicion\/#breadcrumb"},"inLanguage":"ast-ES","potentialAction":[{"@type":"ReadAction","target":["https:\/\/escenanorte.com\/ast\/un-camin-escena-norte-mas-expansivo-busca-la-sonrisa-del-publico-en-las-38-sedes-de-su-cuarta-edicion\/"]}]},{"@type":"ImageObject","inLanguage":"ast-ES","@id":"https:\/\/escenanorte.com\/ast\/un-camin-escena-norte-mas-expansivo-busca-la-sonrisa-del-publico-en-las-38-sedes-de-su-cuarta-edicion\/#primaryimage","url":"https:\/\/escenanorte.com\/wp-content\/uploads\/2022\/09\/image3-scaled.jpeg","contentUrl":"https:\/\/escenanorte.com\/wp-content\/uploads\/2022\/09\/image3-scaled.jpeg","width":1280,"height":960},{"@type":"BreadcrumbList","@id":"https:\/\/escenanorte.com\/ast\/un-camin-escena-norte-mas-expansivo-busca-la-sonrisa-del-publico-en-las-38-sedes-de-su-cuarta-edicion\/#breadcrumb","itemListElement":[{"@type":"ListItem","position":1,"name":"Portada","item":"https:\/\/escenanorte.com\/ast\/"},{"@type":"ListItem","position":2,"name":"Un Cam\u00edn Escena Norte m\u00e1s expansivo busca la sonrisa del p\u00fablico en las 38 sedes de su cuarta edici\u00f3n"}]},{"@type":"WebSite","@id":"https:\/\/escenanorte.com\/ast\/#website","url":"https:\/\/escenanorte.com\/ast\/","name":"Camino Escena Norte","description":"Escena Norte","potentialAction":[{"@type":"SearchAction","target":{"@type":"EntryPoint","urlTemplate":"https:\/\/escenanorte.com\/ast\/?s={search_term_string}"},"query-input":{"@type":"PropertyValueSpecification","valueRequired":true,"valueName":"search_term_string"}}],"inLanguage":"ast-ES"},{"@type":"Person","@id":"https:\/\/escenanorte.com\/ast\/#\/schema\/person\/e710b5aa0c486f243b4d527a4259c37c","name":"Noelia","image":{"@type":"ImageObject","inLanguage":"ast-ES","@id":"https:\/\/secure.gravatar.com\/avatar\/d590b317b870f28020001606673cfd05bb4d34b9ede2d6a843ea8073c8ac9352?s=96&d=blank&r=g","url":"https:\/\/secure.gravatar.com\/avatar\/d590b317b870f28020001606673cfd05bb4d34b9ede2d6a843ea8073c8ac9352?s=96&d=blank&r=g","contentUrl":"https:\/\/secure.gravatar.com\/avatar\/d590b317b870f28020001606673cfd05bb4d34b9ede2d6a843ea8073c8ac9352?s=96&d=blank&r=g","caption":"Noelia"},"url":"https:\/\/escenanorte.com\/ast\/author\/noelia\/"}]}},"publishpress_future_action":{"enabled":false,"date":"2026-05-06 17:24:09","action":"change-status","newStatus":"draft","terms":[],"taxonomy":"category","extraData":[]},"publishpress_future_workflow_manual_trigger":{"enabledWorkflows":[]},"_links":{"self":[{"href":"https:\/\/escenanorte.com\/ast\/wp-json\/wp\/v2\/posts\/30515","targetHints":{"allow":["GET"]}}],"collection":[{"href":"https:\/\/escenanorte.com\/ast\/wp-json\/wp\/v2\/posts"}],"about":[{"href":"https:\/\/escenanorte.com\/ast\/wp-json\/wp\/v2\/types\/post"}],"author":[{"embeddable":true,"href":"https:\/\/escenanorte.com\/ast\/wp-json\/wp\/v2\/users\/5"}],"replies":[{"embeddable":true,"href":"https:\/\/escenanorte.com\/ast\/wp-json\/wp\/v2\/comments?post=30515"}],"version-history":[{"count":1,"href":"https:\/\/escenanorte.com\/ast\/wp-json\/wp\/v2\/posts\/30515\/revisions"}],"predecessor-version":[{"id":30526,"href":"https:\/\/escenanorte.com\/ast\/wp-json\/wp\/v2\/posts\/30515\/revisions\/30526"}],"wp:featuredmedia":[{"embeddable":true,"href":"https:\/\/escenanorte.com\/ast\/wp-json\/wp\/v2\/media\/30522"}],"wp:attachment":[{"href":"https:\/\/escenanorte.com\/ast\/wp-json\/wp\/v2\/media?parent=30515"}],"wp:term":[{"taxonomy":"category","embeddable":true,"href":"https:\/\/escenanorte.com\/ast\/wp-json\/wp\/v2\/categories?post=30515"},{"taxonomy":"post_tag","embeddable":true,"href":"https:\/\/escenanorte.com\/ast\/wp-json\/wp\/v2\/tags?post=30515"}],"curies":[{"name":"wp","href":"https:\/\/api.w.org\/{rel}","templated":true}]}}