{"id":18262,"date":"2021-09-16T19:45:07","date_gmt":"2021-09-16T17:45:07","guid":{"rendered":"https:\/\/escenanorte.com\/?p=18262"},"modified":"2021-09-16T19:45:09","modified_gmt":"2021-09-16T17:45:09","slug":"habitacion-peregrina-pro-pecha-a-sua-segunda-edicion-con-case-160-presentacions-e-encontros-profesionais-entre-axentes-das-artes-escenicas","status":"publish","type":"post","link":"https:\/\/escenanorte.com\/ast\/habitacion-peregrina-pro-pecha-a-sua-segunda-edicion-con-case-160-presentacions-e-encontros-profesionais-entre-axentes-das-artes-escenicas\/","title":{"rendered":"Habitaci\u00f3n Peregrina Pro pecha a s\u00faa segunda edici\u00f3n con case 160 presentaci\u00f3ns e encontros profesionais entre axentes das artes esc\u00e9nicas"},"content":{"rendered":"\n<p><strong><em>Medio cento de profesionais vinculados ao sector das artes esc\u00e9nicas e do \u00e1mbito cultural de Galicia, Asturias, Cantabria e Euskadi participaron na iniciativa, celebrada desde o martes 14 no Centro Cultural Vello C\u00e1rcere de Lugo.<\/em><\/strong><\/p>\n\n\n\n<p>O encontro profesional <strong>Habitaci\u00f3n Peregrina Pro<\/strong> bota a chave at\u00e9 o ano que v\u00e9n. O centro cultural O Vello C\u00e1rcere de Lugo acolleu, durante tres xornadas, a segunda edici\u00f3n dunha cita sinalada para os axentes esc\u00e9nicos das catro comunidades aut\u00f3nomas que participan no programa de intercambio art\u00edstico e profesional <strong>Cami\u00f1o Escena Norte<\/strong>. Case 60 profesionais, entre artistas, t\u00e9cnicas municipais de cultura, equipos de programaci\u00f3n e de distribuci\u00f3n, ademais de directoras de teatros, participaron desde o martes 14 nunhas xornadas \u201cenriquecedoras e din\u00e1micas que favorecen e impulsan a conexi\u00f3n profesional entre Galicia, Asturias, Cantabria e Euskadi\u201d, segundo apunta o coordinador do proxecto, Diego V. Meizoso.<br><br>Ao longo destes tres d\u00edas, <strong>Habitaci\u00f3n Peregrina Pro acolleu case 160 xuntanzas<\/strong>, nas que tanto as compa\u00f1\u00edas como as creadoras puideron dar a co\u00f1ecer os seus proxectos a outros axentes culturais a trav\u00e9s de diversas presentaci\u00f3ns, xuntanzas r\u00e1pidas e <em>pitchings<\/em>. Diferentes actividades de dinamizaci\u00f3n e formaci\u00f3n con profesionais de prestixio completaron unha iniciativa que, tal e como apunta Meizoso, \u201cfoi moi positiva tanto a nivel cualitativo coma cuantitativo\u201d e senta as bases para establecer \u201cun espazo de encontro e reflexi\u00f3n anual que nos permita afondar, tam\u00e9n desde a perspectiva profesional, na necesaria conexi\u00f3n cultural dos territorios do norte\u201d, sinala Meizoso.<\/p>\n\n\n\n<p>Ademais do encontro profesional Habitaci\u00f3n Peregrina Pro, a provincia de Lugo acolle novas funci\u00f3ns do Itinerario Constelaci\u00f3ns, o programa de exhibici\u00f3n aberto ao p\u00fablico que Cami\u00f1o Escena Norte ofrece nas catro comunidades aut\u00f3nomas implicadas no proxecto. Esta fin de semana a compa\u00f1\u00eda asturiana A66 Producciones levar\u00e1 o seu espect\u00e1culo <em>Abre el ojo, <\/em>de Francisco de Rojas Zorrilla, \u00e1s localidades de Mondo\u00f1edo e Lugo. A primeira funci\u00f3n desta comedia cl\u00e1sica ser\u00e1 o<strong> s\u00e1bado 18 na praza da Catedral de Mondo\u00f1edo<\/strong> (en caso de choiva ser\u00eda no interior do auditorio Pascual Veiga), mentres que o domingo 19 a funci\u00f3n ter\u00e1 lugar <strong>Auditorio Municipal Gustavo Freire<\/strong>, de Lugo. Ademais, <strong>coa intenci\u00f3n de contextualizar e visualizar esta comedia do s\u00e9culo \u00e1ureo,<\/strong> a compa\u00f1\u00eda realizar\u00e1, na xornada do domingo d\u00faas actividades paralelas dirixidas ao p\u00fablico xeral: <strong>un obradoiro de ritmo versal<\/strong>, nomeado <em>A fala dos cl\u00e1sicos;<\/em> e un <strong>encontro co p\u00fablico ao remate da funci\u00f3n da tarde<\/strong>, no que tam\u00e9n participar\u00e1 Anxo Manoel, de Lucel\u00fas Teatro.<\/p>\n\n\n\n<p><strong>Cami\u00f1o Escena Norte 2021<\/strong><\/p>\n\n\n\n<p><strong>Cami\u00f1o Escena Norte,<\/strong> impulsadopolas entidades profesionais de produtoras de artes esc\u00e9nicas Escena Galega (Galicia), EscenAsturias (Asturias), ACEPAE (Cantabria) e Eskena (Pa\u00eds Vasco)<strong>, <\/strong>prop\u00f3n unha intensa programaci\u00f3n esc\u00e9nica que se expande cada ano \u00e1 fin de <strong>promover sinerx\u00edas, encontros co p\u00fablico e a reflexi\u00f3n<\/strong> no propio sector; ademais de&nbsp; <strong>p\u00f3r en valor a diversidade cultural, ling\u00fc\u00edstica e de formatos e linguaxes <\/strong>da produci\u00f3n esc\u00e9nica galega, asturiana, c\u00e1ntabra e vasca. No 2021, o proxecto ampl\u00eda tanto o n\u00famero de compa\u00f1\u00edas participantes en todas as s\u00faas li\u00f1as de programaci\u00f3n, coma o volume de sedes nas que se desenvolve, nunha clara aposta pola reactivaci\u00f3n do sector esc\u00e9nico.<\/p>\n\n\n\n<p>A iniciativa conta co apoio econ\u00f3mico de gobernos e instituci\u00f3ns das catro comunidades aut\u00f3nomas, as\u00ed como do Goberno de Espa\u00f1a a trav\u00e9s do Ministerio de Cultura e Deporte e do INAEM, e do grupo <strong>Vegalsa-Eroski <\/strong>como patrocinador. En Galicia, o programa conta co apoio destacado da<strong> Axencia Galega das Industrias Culturais (Agadic) da Xunta de Galicia<\/strong>, ademais da Deputaci\u00f3n de Lugo, a Deputaci\u00f3n da Coru\u00f1a,\u00a0 o Concello de Lugo e a Fundaci\u00f3n SGAE.<\/p>\n","protected":false},"excerpt":{"rendered":"<p>Medio cento de profesionais vinculados ao sector das artes esc\u00e9nicas e do \u00e1mbito cultural de Galicia, Asturias, Cantabria e Euskadi participaron na iniciativa, celebrada desde o martes 14 no Centro [&hellip;]<\/p>\n","protected":false},"author":5,"featured_media":18269,"comment_status":"closed","ping_status":"open","sticky":false,"template":"","format":"standard","meta":{"footnotes":""},"categories":[1],"tags":[],"class_list":["post-18262","post","type-post","status-publish","format-standard","has-post-thumbnail","hentry","category-noticias"],"yoast_head":"<!-- This site is optimized with the Yoast SEO plugin v27.2 - https:\/\/yoast.com\/product\/yoast-seo-wordpress\/ -->\n<title>Habitaci\u00f3n Peregrina Pro pecha a s\u00faa segunda edici\u00f3n con case 160 presentaci\u00f3ns e encontros profesionais entre axentes das artes esc\u00e9nicas - Camino Escena Norte<\/title>\n<meta name=\"robots\" content=\"index, follow, max-snippet:-1, max-image-preview:large, max-video-preview:-1\" \/>\n<link rel=\"canonical\" href=\"https:\/\/escenanorte.com\/ast\/habitacion-peregrina-pro-pecha-a-sua-segunda-edicion-con-case-160-presentacions-e-encontros-profesionais-entre-axentes-das-artes-escenicas\/\" \/>\n<meta property=\"og:locale\" content=\"en_US\" \/>\n<meta property=\"og:type\" content=\"article\" \/>\n<meta property=\"og:title\" content=\"Habitaci\u00f3n Peregrina Pro pecha a s\u00faa segunda edici\u00f3n con case 160 presentaci\u00f3ns e encontros profesionais entre axentes das artes esc\u00e9nicas - Camino Escena Norte\" \/>\n<meta property=\"og:description\" content=\"Medio cento de profesionais vinculados ao sector das artes esc\u00e9nicas e do \u00e1mbito cultural de Galicia, Asturias, Cantabria e Euskadi participaron na iniciativa, celebrada desde o martes 14 no Centro [&hellip;]\" \/>\n<meta property=\"og:url\" content=\"https:\/\/escenanorte.com\/ast\/habitacion-peregrina-pro-pecha-a-sua-segunda-edicion-con-case-160-presentacions-e-encontros-profesionais-entre-axentes-das-artes-escenicas\/\" \/>\n<meta property=\"og:site_name\" content=\"Camino Escena Norte\" \/>\n<meta property=\"article:publisher\" content=\"https:\/\/www.facebook.com\/escenanorte\" \/>\n<meta property=\"article:published_time\" content=\"2021-09-16T17:45:07+00:00\" \/>\n<meta property=\"article:modified_time\" content=\"2021-09-16T17:45:09+00:00\" \/>\n<meta property=\"og:image\" content=\"https:\/\/escenanorte.com\/wp-content\/uploads\/2021\/09\/fotofamiliahabpro-ok.jpeg\" \/>\n\t<meta property=\"og:image:width\" content=\"1280\" \/>\n\t<meta property=\"og:image:height\" content=\"853\" \/>\n\t<meta property=\"og:image:type\" content=\"image\/jpeg\" \/>\n<meta name=\"author\" content=\"Noelia\" \/>\n<meta name=\"twitter:card\" content=\"summary_large_image\" \/>\n<meta name=\"twitter:label1\" content=\"Written by\" \/>\n\t<meta name=\"twitter:data1\" content=\"Noelia\" \/>\n\t<meta name=\"twitter:label2\" content=\"Est. reading time\" \/>\n\t<meta name=\"twitter:data2\" content=\"3 minutes\" \/>\n<script type=\"application\/ld+json\" class=\"yoast-schema-graph\">{\"@context\":\"https:\/\/schema.org\",\"@graph\":[{\"@type\":\"Article\",\"@id\":\"https:\/\/escenanorte.com\/ast\/habitacion-peregrina-pro-pecha-a-sua-segunda-edicion-con-case-160-presentacions-e-encontros-profesionais-entre-axentes-das-artes-escenicas\/#article\",\"isPartOf\":{\"@id\":\"https:\/\/escenanorte.com\/ast\/habitacion-peregrina-pro-pecha-a-sua-segunda-edicion-con-case-160-presentacions-e-encontros-profesionais-entre-axentes-das-artes-escenicas\/\"},\"author\":{\"name\":\"Noelia\",\"@id\":\"https:\/\/escenanorte.com\/ast\/#\/schema\/person\/e710b5aa0c486f243b4d527a4259c37c\"},\"headline\":\"Habitaci\u00f3n Peregrina Pro pecha a s\u00faa segunda edici\u00f3n con case 160 presentaci\u00f3ns e encontros profesionais entre axentes das artes esc\u00e9nicas\",\"datePublished\":\"2021-09-16T17:45:07+00:00\",\"dateModified\":\"2021-09-16T17:45:09+00:00\",\"mainEntityOfPage\":{\"@id\":\"https:\/\/escenanorte.com\/ast\/habitacion-peregrina-pro-pecha-a-sua-segunda-edicion-con-case-160-presentacions-e-encontros-profesionais-entre-axentes-das-artes-escenicas\/\"},\"wordCount\":681,\"image\":{\"@id\":\"https:\/\/escenanorte.com\/ast\/habitacion-peregrina-pro-pecha-a-sua-segunda-edicion-con-case-160-presentacions-e-encontros-profesionais-entre-axentes-das-artes-escenicas\/#primaryimage\"},\"thumbnailUrl\":\"https:\/\/escenanorte.com\/wp-content\/uploads\/2021\/09\/fotofamiliahabpro-ok.jpeg\",\"articleSection\":[\"Noticias\"],\"inLanguage\":\"ast-ES\"},{\"@type\":\"WebPage\",\"@id\":\"https:\/\/escenanorte.com\/ast\/habitacion-peregrina-pro-pecha-a-sua-segunda-edicion-con-case-160-presentacions-e-encontros-profesionais-entre-axentes-das-artes-escenicas\/\",\"url\":\"https:\/\/escenanorte.com\/ast\/habitacion-peregrina-pro-pecha-a-sua-segunda-edicion-con-case-160-presentacions-e-encontros-profesionais-entre-axentes-das-artes-escenicas\/\",\"name\":\"Habitaci\u00f3n Peregrina Pro pecha a s\u00faa segunda edici\u00f3n con case 160 presentaci\u00f3ns e encontros profesionais entre axentes das artes esc\u00e9nicas - Camino Escena Norte\",\"isPartOf\":{\"@id\":\"https:\/\/escenanorte.com\/ast\/#website\"},\"primaryImageOfPage\":{\"@id\":\"https:\/\/escenanorte.com\/ast\/habitacion-peregrina-pro-pecha-a-sua-segunda-edicion-con-case-160-presentacions-e-encontros-profesionais-entre-axentes-das-artes-escenicas\/#primaryimage\"},\"image\":{\"@id\":\"https:\/\/escenanorte.com\/ast\/habitacion-peregrina-pro-pecha-a-sua-segunda-edicion-con-case-160-presentacions-e-encontros-profesionais-entre-axentes-das-artes-escenicas\/#primaryimage\"},\"thumbnailUrl\":\"https:\/\/escenanorte.com\/wp-content\/uploads\/2021\/09\/fotofamiliahabpro-ok.jpeg\",\"datePublished\":\"2021-09-16T17:45:07+00:00\",\"dateModified\":\"2021-09-16T17:45:09+00:00\",\"author\":{\"@id\":\"https:\/\/escenanorte.com\/ast\/#\/schema\/person\/e710b5aa0c486f243b4d527a4259c37c\"},\"breadcrumb\":{\"@id\":\"https:\/\/escenanorte.com\/ast\/habitacion-peregrina-pro-pecha-a-sua-segunda-edicion-con-case-160-presentacions-e-encontros-profesionais-entre-axentes-das-artes-escenicas\/#breadcrumb\"},\"inLanguage\":\"ast-ES\",\"potentialAction\":[{\"@type\":\"ReadAction\",\"target\":[\"https:\/\/escenanorte.com\/ast\/habitacion-peregrina-pro-pecha-a-sua-segunda-edicion-con-case-160-presentacions-e-encontros-profesionais-entre-axentes-das-artes-escenicas\/\"]}]},{\"@type\":\"ImageObject\",\"inLanguage\":\"ast-ES\",\"@id\":\"https:\/\/escenanorte.com\/ast\/habitacion-peregrina-pro-pecha-a-sua-segunda-edicion-con-case-160-presentacions-e-encontros-profesionais-entre-axentes-das-artes-escenicas\/#primaryimage\",\"url\":\"https:\/\/escenanorte.com\/wp-content\/uploads\/2021\/09\/fotofamiliahabpro-ok.jpeg\",\"contentUrl\":\"https:\/\/escenanorte.com\/wp-content\/uploads\/2021\/09\/fotofamiliahabpro-ok.jpeg\",\"width\":1280,\"height\":853},{\"@type\":\"BreadcrumbList\",\"@id\":\"https:\/\/escenanorte.com\/ast\/habitacion-peregrina-pro-pecha-a-sua-segunda-edicion-con-case-160-presentacions-e-encontros-profesionais-entre-axentes-das-artes-escenicas\/#breadcrumb\",\"itemListElement\":[{\"@type\":\"ListItem\",\"position\":1,\"name\":\"Portada\",\"item\":\"https:\/\/escenanorte.com\/ast\/\"},{\"@type\":\"ListItem\",\"position\":2,\"name\":\"Habitaci\u00f3n Peregrina Pro pecha a s\u00faa segunda edici\u00f3n con case 160 presentaci\u00f3ns e encontros profesionais entre axentes das artes esc\u00e9nicas\"}]},{\"@type\":\"WebSite\",\"@id\":\"https:\/\/escenanorte.com\/ast\/#website\",\"url\":\"https:\/\/escenanorte.com\/ast\/\",\"name\":\"Camino Escena Norte\",\"description\":\"Escena Norte\",\"potentialAction\":[{\"@type\":\"SearchAction\",\"target\":{\"@type\":\"EntryPoint\",\"urlTemplate\":\"https:\/\/escenanorte.com\/ast\/?s={search_term_string}\"},\"query-input\":{\"@type\":\"PropertyValueSpecification\",\"valueRequired\":true,\"valueName\":\"search_term_string\"}}],\"inLanguage\":\"ast-ES\"},{\"@type\":\"Person\",\"@id\":\"https:\/\/escenanorte.com\/ast\/#\/schema\/person\/e710b5aa0c486f243b4d527a4259c37c\",\"name\":\"Noelia\",\"image\":{\"@type\":\"ImageObject\",\"inLanguage\":\"ast-ES\",\"@id\":\"https:\/\/secure.gravatar.com\/avatar\/d590b317b870f28020001606673cfd05bb4d34b9ede2d6a843ea8073c8ac9352?s=96&d=blank&r=g\",\"url\":\"https:\/\/secure.gravatar.com\/avatar\/d590b317b870f28020001606673cfd05bb4d34b9ede2d6a843ea8073c8ac9352?s=96&d=blank&r=g\",\"contentUrl\":\"https:\/\/secure.gravatar.com\/avatar\/d590b317b870f28020001606673cfd05bb4d34b9ede2d6a843ea8073c8ac9352?s=96&d=blank&r=g\",\"caption\":\"Noelia\"},\"url\":\"https:\/\/escenanorte.com\/ast\/author\/noelia\/\"}]}<\/script>\n<!-- \/ Yoast SEO plugin. -->","yoast_head_json":{"title":"Habitaci\u00f3n Peregrina Pro pecha a s\u00faa segunda edici\u00f3n con case 160 presentaci\u00f3ns e encontros profesionais entre axentes das artes esc\u00e9nicas - Camino Escena Norte","robots":{"index":"index","follow":"follow","max-snippet":"max-snippet:-1","max-image-preview":"max-image-preview:large","max-video-preview":"max-video-preview:-1"},"canonical":"https:\/\/escenanorte.com\/ast\/habitacion-peregrina-pro-pecha-a-sua-segunda-edicion-con-case-160-presentacions-e-encontros-profesionais-entre-axentes-das-artes-escenicas\/","og_locale":"en_US","og_type":"article","og_title":"Habitaci\u00f3n Peregrina Pro pecha a s\u00faa segunda edici\u00f3n con case 160 presentaci\u00f3ns e encontros profesionais entre axentes das artes esc\u00e9nicas - Camino Escena Norte","og_description":"Medio cento de profesionais vinculados ao sector das artes esc\u00e9nicas e do \u00e1mbito cultural de Galicia, Asturias, Cantabria e Euskadi participaron na iniciativa, celebrada desde o martes 14 no Centro [&hellip;]","og_url":"https:\/\/escenanorte.com\/ast\/habitacion-peregrina-pro-pecha-a-sua-segunda-edicion-con-case-160-presentacions-e-encontros-profesionais-entre-axentes-das-artes-escenicas\/","og_site_name":"Camino Escena Norte","article_publisher":"https:\/\/www.facebook.com\/escenanorte","article_published_time":"2021-09-16T17:45:07+00:00","article_modified_time":"2021-09-16T17:45:09+00:00","og_image":[{"width":1280,"height":853,"url":"https:\/\/escenanorte.com\/wp-content\/uploads\/2021\/09\/fotofamiliahabpro-ok.jpeg","type":"image\/jpeg"}],"author":"Noelia","twitter_card":"summary_large_image","twitter_misc":{"Written by":"Noelia","Est. reading time":"3 minutes"},"schema":{"@context":"https:\/\/schema.org","@graph":[{"@type":"Article","@id":"https:\/\/escenanorte.com\/ast\/habitacion-peregrina-pro-pecha-a-sua-segunda-edicion-con-case-160-presentacions-e-encontros-profesionais-entre-axentes-das-artes-escenicas\/#article","isPartOf":{"@id":"https:\/\/escenanorte.com\/ast\/habitacion-peregrina-pro-pecha-a-sua-segunda-edicion-con-case-160-presentacions-e-encontros-profesionais-entre-axentes-das-artes-escenicas\/"},"author":{"name":"Noelia","@id":"https:\/\/escenanorte.com\/ast\/#\/schema\/person\/e710b5aa0c486f243b4d527a4259c37c"},"headline":"Habitaci\u00f3n Peregrina Pro pecha a s\u00faa segunda edici\u00f3n con case 160 presentaci\u00f3ns e encontros profesionais entre axentes das artes esc\u00e9nicas","datePublished":"2021-09-16T17:45:07+00:00","dateModified":"2021-09-16T17:45:09+00:00","mainEntityOfPage":{"@id":"https:\/\/escenanorte.com\/ast\/habitacion-peregrina-pro-pecha-a-sua-segunda-edicion-con-case-160-presentacions-e-encontros-profesionais-entre-axentes-das-artes-escenicas\/"},"wordCount":681,"image":{"@id":"https:\/\/escenanorte.com\/ast\/habitacion-peregrina-pro-pecha-a-sua-segunda-edicion-con-case-160-presentacions-e-encontros-profesionais-entre-axentes-das-artes-escenicas\/#primaryimage"},"thumbnailUrl":"https:\/\/escenanorte.com\/wp-content\/uploads\/2021\/09\/fotofamiliahabpro-ok.jpeg","articleSection":["Noticias"],"inLanguage":"ast-ES"},{"@type":"WebPage","@id":"https:\/\/escenanorte.com\/ast\/habitacion-peregrina-pro-pecha-a-sua-segunda-edicion-con-case-160-presentacions-e-encontros-profesionais-entre-axentes-das-artes-escenicas\/","url":"https:\/\/escenanorte.com\/ast\/habitacion-peregrina-pro-pecha-a-sua-segunda-edicion-con-case-160-presentacions-e-encontros-profesionais-entre-axentes-das-artes-escenicas\/","name":"Habitaci\u00f3n Peregrina Pro pecha a s\u00faa segunda edici\u00f3n con case 160 presentaci\u00f3ns e encontros profesionais entre axentes das artes esc\u00e9nicas - Camino Escena Norte","isPartOf":{"@id":"https:\/\/escenanorte.com\/ast\/#website"},"primaryImageOfPage":{"@id":"https:\/\/escenanorte.com\/ast\/habitacion-peregrina-pro-pecha-a-sua-segunda-edicion-con-case-160-presentacions-e-encontros-profesionais-entre-axentes-das-artes-escenicas\/#primaryimage"},"image":{"@id":"https:\/\/escenanorte.com\/ast\/habitacion-peregrina-pro-pecha-a-sua-segunda-edicion-con-case-160-presentacions-e-encontros-profesionais-entre-axentes-das-artes-escenicas\/#primaryimage"},"thumbnailUrl":"https:\/\/escenanorte.com\/wp-content\/uploads\/2021\/09\/fotofamiliahabpro-ok.jpeg","datePublished":"2021-09-16T17:45:07+00:00","dateModified":"2021-09-16T17:45:09+00:00","author":{"@id":"https:\/\/escenanorte.com\/ast\/#\/schema\/person\/e710b5aa0c486f243b4d527a4259c37c"},"breadcrumb":{"@id":"https:\/\/escenanorte.com\/ast\/habitacion-peregrina-pro-pecha-a-sua-segunda-edicion-con-case-160-presentacions-e-encontros-profesionais-entre-axentes-das-artes-escenicas\/#breadcrumb"},"inLanguage":"ast-ES","potentialAction":[{"@type":"ReadAction","target":["https:\/\/escenanorte.com\/ast\/habitacion-peregrina-pro-pecha-a-sua-segunda-edicion-con-case-160-presentacions-e-encontros-profesionais-entre-axentes-das-artes-escenicas\/"]}]},{"@type":"ImageObject","inLanguage":"ast-ES","@id":"https:\/\/escenanorte.com\/ast\/habitacion-peregrina-pro-pecha-a-sua-segunda-edicion-con-case-160-presentacions-e-encontros-profesionais-entre-axentes-das-artes-escenicas\/#primaryimage","url":"https:\/\/escenanorte.com\/wp-content\/uploads\/2021\/09\/fotofamiliahabpro-ok.jpeg","contentUrl":"https:\/\/escenanorte.com\/wp-content\/uploads\/2021\/09\/fotofamiliahabpro-ok.jpeg","width":1280,"height":853},{"@type":"BreadcrumbList","@id":"https:\/\/escenanorte.com\/ast\/habitacion-peregrina-pro-pecha-a-sua-segunda-edicion-con-case-160-presentacions-e-encontros-profesionais-entre-axentes-das-artes-escenicas\/#breadcrumb","itemListElement":[{"@type":"ListItem","position":1,"name":"Portada","item":"https:\/\/escenanorte.com\/ast\/"},{"@type":"ListItem","position":2,"name":"Habitaci\u00f3n Peregrina Pro pecha a s\u00faa segunda edici\u00f3n con case 160 presentaci\u00f3ns e encontros profesionais entre axentes das artes esc\u00e9nicas"}]},{"@type":"WebSite","@id":"https:\/\/escenanorte.com\/ast\/#website","url":"https:\/\/escenanorte.com\/ast\/","name":"Camino Escena Norte","description":"Escena Norte","potentialAction":[{"@type":"SearchAction","target":{"@type":"EntryPoint","urlTemplate":"https:\/\/escenanorte.com\/ast\/?s={search_term_string}"},"query-input":{"@type":"PropertyValueSpecification","valueRequired":true,"valueName":"search_term_string"}}],"inLanguage":"ast-ES"},{"@type":"Person","@id":"https:\/\/escenanorte.com\/ast\/#\/schema\/person\/e710b5aa0c486f243b4d527a4259c37c","name":"Noelia","image":{"@type":"ImageObject","inLanguage":"ast-ES","@id":"https:\/\/secure.gravatar.com\/avatar\/d590b317b870f28020001606673cfd05bb4d34b9ede2d6a843ea8073c8ac9352?s=96&d=blank&r=g","url":"https:\/\/secure.gravatar.com\/avatar\/d590b317b870f28020001606673cfd05bb4d34b9ede2d6a843ea8073c8ac9352?s=96&d=blank&r=g","contentUrl":"https:\/\/secure.gravatar.com\/avatar\/d590b317b870f28020001606673cfd05bb4d34b9ede2d6a843ea8073c8ac9352?s=96&d=blank&r=g","caption":"Noelia"},"url":"https:\/\/escenanorte.com\/ast\/author\/noelia\/"}]}},"publishpress_future_action":{"enabled":false,"date":"2026-05-06 17:23:21","action":"change-status","newStatus":"draft","terms":[],"taxonomy":"category","extraData":[]},"publishpress_future_workflow_manual_trigger":{"enabledWorkflows":[]},"_links":{"self":[{"href":"https:\/\/escenanorte.com\/ast\/wp-json\/wp\/v2\/posts\/18262","targetHints":{"allow":["GET"]}}],"collection":[{"href":"https:\/\/escenanorte.com\/ast\/wp-json\/wp\/v2\/posts"}],"about":[{"href":"https:\/\/escenanorte.com\/ast\/wp-json\/wp\/v2\/types\/post"}],"author":[{"embeddable":true,"href":"https:\/\/escenanorte.com\/ast\/wp-json\/wp\/v2\/users\/5"}],"replies":[{"embeddable":true,"href":"https:\/\/escenanorte.com\/ast\/wp-json\/wp\/v2\/comments?post=18262"}],"version-history":[{"count":1,"href":"https:\/\/escenanorte.com\/ast\/wp-json\/wp\/v2\/posts\/18262\/revisions"}],"predecessor-version":[{"id":18273,"href":"https:\/\/escenanorte.com\/ast\/wp-json\/wp\/v2\/posts\/18262\/revisions\/18273"}],"wp:featuredmedia":[{"embeddable":true,"href":"https:\/\/escenanorte.com\/ast\/wp-json\/wp\/v2\/media\/18269"}],"wp:attachment":[{"href":"https:\/\/escenanorte.com\/ast\/wp-json\/wp\/v2\/media?parent=18262"}],"wp:term":[{"taxonomy":"category","embeddable":true,"href":"https:\/\/escenanorte.com\/ast\/wp-json\/wp\/v2\/categories?post=18262"},{"taxonomy":"post_tag","embeddable":true,"href":"https:\/\/escenanorte.com\/ast\/wp-json\/wp\/v2\/tags?post=18262"}],"curies":[{"name":"wp","href":"https:\/\/api.w.org\/{rel}","templated":true}]}}