{"id":82301,"global_id":"escenanorte.com\/ast\/?id=82301","global_id_lineage":["escenanorte.com\/ast\/?id=82301"],"author":"1","status":"publish","date":"2026-09-02 09:00:50","date_utc":"2026-09-02 07:00:50","modified":"2026-09-02 09:29:30","modified_utc":"2026-09-02 07:29:30","url":"https:\/\/escenanorte.com\/ast\/evento\/ardatzak-ejes-zirkozaurre-euskadi-2\/","rest_url":"https:\/\/escenanorte.com\/ast\/wp-json\/tribe\/events\/v1\/events\/82301","title":"Ardatzak \/ Ejes | Zirkozaurre,  Euskadi","description":"<h5 class=\"wp-block-heading\"><strong>Tipo: Circo<\/strong><\/h5>\n<ul class=\"wp-block-list\">\n<li class=\"has-small-font-size\"><strong>P\u00fablico: Todos los p\u00fablicos<\/strong><\/li>\n<li class=\"has-small-font-size\"><strong>Duraci\u00f3n: 50\u2019<\/strong><\/li>\n<li class=\"has-small-font-size\"><strong>Idioma: Castellano \u2013 Euskera<\/strong><\/li>\n<li class=\"has-small-font-size\"><strong>Estreno: 15 de mayo de 2025. Umore Azoka, Leioa (Bizkaia) \u2013 Euskadi<\/strong><\/li>\n<\/ul>\n<p class=\"wp-block-paragraph\"><strong>Y para ti, \u00bfqu\u00e9 es un di\u00e1bolo?<\/strong><\/p>\n<p class=\"wp-block-paragraph\"><strong>Para las\/os m\u00e1s peque\u00f1as\/os, probablemente sea un objeto ex\u00f3tico, desconocido. Un extra\u00f1o que hipnotiza cuando le prestas atenci\u00f3n.<\/strong><\/p>\n<p class=\"wp-block-paragraph\"><strong>Con a\u00f1oranza y sonrisa c\u00f3mplice lo vemos muchas\/os de sus mayores. Hubo generaciones, del blanco y negro al color, para las que el di\u00e1bolo fue un juguete habitual. El bonito recuerdo de una infancia en la que tampoco faltaron la pelota, la peonza, las canicas o las chapas.<\/strong><\/p>\n<p class=\"wp-block-paragraph\"><strong>Los malabaristas Gorka e Imanol necesitan girar para estar estables. Como los di\u00e1bolos. Con ellos descubrieron el circo, uno de los ejes que dan sentido a sus vidas. \u2018Ardatzak\u2019 es m\u00e1s que un espect\u00e1culo. Es, sobre todo, un homenaje repleto de verdad y poes\u00eda.<\/strong><\/p>\n<p class=\"wp-block-paragraph\">En <strong>Zirkozaurre <\/strong>nos gusta crear y por eso contamos con compa\u00f1\u00eda propia. Es el fruto de la apetencia\u2026 y de los procesos de investigaci\u00f3n y perfeccionamiento de t\u00e9cnica y representaci\u00f3n que desarrollamos en nuestro espacio.<\/p>\n<p class=\"wp-block-paragraph\"><strong>Zirkozaurre <\/strong>surgi\u00f3 en 2011 como una apuesta por la profesionalizaci\u00f3n del sector del circo y nuestras primeras producciones vieron la luz en 2014.<\/p>\n<p class=\"wp-block-paragraph\">En los \u00faltimos a\u00f1os, hemos estrenado los espect\u00e1culos \u2018Kobr3\u2019 (2020), \u2018Harreman\u2019 (2023) y \u2018Ardatzak \/ Ejes\u2019 (2025), con largas giras y reconocimientos.<\/p>\n<p><span style=\"color: #339966;\"><strong>\u24d8 Evento al aire libre en la Plaza Mayor de Enciso, en caso de condiciones climatol\u00f3gicas adversas se celebrar\u00e1 en el Front\u00f3n de Munilla.<\/strong><\/span><\/p>\n<div class=\"epyt-video-wrapper\"><iframe loading=\"lazy\"  id=\"_ytid_30200\"  width=\"800\" height=\"450\"  data-origwidth=\"800\" data-origheight=\"450\"  data-relstop=\"1\" src=\"https:\/\/www.youtube-nocookie.com\/embed\/cKy5hPUhCAA?enablejsapi=1&#038;origin=https:\/\/escenanorte.com&#038;autoplay=0&#038;cc_load_policy=1&#038;cc_lang_pref=es&#038;iv_load_policy=1&#038;loop=0&#038;rel=0&#038;fs=1&#038;playsinline=0&#038;autohide=2&#038;hl=ast_ES&#038;theme=dark&#038;color=red&#038;controls=1&#038;disablekb=0&#038;\" class=\"__youtube_prefs__  epyt-is-override  no-lazyload\" title=\"YouTube player\"  allow=\"fullscreen; accelerometer; autoplay; clipboard-write; encrypted-media; gyroscope; picture-in-picture; web-share\" referrerpolicy=\"strict-origin-when-cross-origin\" allowfullscreen data-no-lazy=\"1\" data-skipgform_ajax_framebjll=\"\"><\/iframe><\/div>","excerpt":"","slug":"ardatzak-ejes-zirkozaurre-euskadi-2","image":{"url":"https:\/\/escenanorte.com\/wp-content\/uploads\/2026\/06\/Ardatzak_Ejes_Zirkozaurre01-@Juankar-Garcia.jpg","id":81750,"extension":"jpg","width":2000,"height":1333,"filesize":514809,"sizes":{"medium":{"width":300,"height":200,"mime-type":"image\/jpeg","filesize":24622,"url":"https:\/\/escenanorte.com\/wp-content\/uploads\/2026\/06\/Ardatzak_Ejes_Zirkozaurre01-@Juankar-Garcia-300x200.jpg"},"large":{"width":1024,"height":682,"mime-type":"image\/jpeg","filesize":111440,"url":"https:\/\/escenanorte.com\/wp-content\/uploads\/2026\/06\/Ardatzak_Ejes_Zirkozaurre01-@Juankar-Garcia-1024x682.jpg"},"thumbnail":{"width":150,"height":150,"mime-type":"image\/jpeg","filesize":18471,"url":"https:\/\/escenanorte.com\/wp-content\/uploads\/2026\/06\/Ardatzak_Ejes_Zirkozaurre01-@Juankar-Garcia-150x150.jpg"},"medium_large":{"width":768,"height":512,"mime-type":"image\/jpeg","filesize":69642,"url":"https:\/\/escenanorte.com\/wp-content\/uploads\/2026\/06\/Ardatzak_Ejes_Zirkozaurre01-@Juankar-Garcia-768x512.jpg"},"1536x1536":{"width":1536,"height":1024,"mime-type":"image\/jpeg","filesize":234363,"url":"https:\/\/escenanorte.com\/wp-content\/uploads\/2026\/06\/Ardatzak_Ejes_Zirkozaurre01-@Juankar-Garcia-1536x1024.jpg"}}},"all_day":false,"start_date":"2026-10-03 18:00:00","start_date_details":{"year":"2026","month":"10","day":"03","hour":"18","minutes":"00","seconds":"00"},"end_date":"2026-10-03 18:50:00","end_date_details":{"year":"2026","month":"10","day":"03","hour":"18","minutes":"50","seconds":"00"},"utc_start_date":"2026-10-03 16:00:00","utc_start_date_details":{"year":"2026","month":"10","day":"03","hour":"16","minutes":"00","seconds":"00"},"utc_end_date":"2026-10-03 16:50:00","utc_end_date_details":{"year":"2026","month":"10","day":"03","hour":"16","minutes":"50","seconds":"00"},"timezone":"Europe\/Madrid","timezone_abbr":"CEST","cost":"Entrada libre hasta completar aforo","cost_details":{"currency_symbol":"\u20ac","currency_code":"EUR","currency_position":"suffix","values":["0"]},"website":"","show_map":true,"show_map_link":true,"hide_from_listings":false,"sticky":true,"featured":true,"categories":[{"name":"Constelaciones La Rioxa","slug":"constelaciones-la-rioxa","term_group":0,"term_taxonomy_id":403,"taxonomy":"tribe_events_cat","description":"","parent":0,"count":10,"filter":"raw","id":403,"urls":{"self":"https:\/\/escenanorte.com\/ast\/wp-json\/tribe\/events\/v1\/categories\/403","collection":"https:\/\/escenanorte.com\/ast\/wp-json\/tribe\/events\/v1\/categories"}}],"tags":[],"venue":{"id":82304,"author":"1","status":"publish","date":"2026-08-29 13:17:53","date_utc":"2026-08-29 11:17:53","modified":"2026-08-29 20:21:58","modified_utc":"2026-08-29 18:21:58","url":"https:\/\/escenanorte.com\/es\/lugar\/plaza-mayor-de-enciso\/","venue":"Plaza Mayor de Enciso","slug":"plaza-mayor-de-enciso","image":{"url":"https:\/\/escenanorte.com\/wp-content\/uploads\/2026\/08\/Enciso-scaled.jpeg","id":82336,"extension":"jpeg","width":2560,"height":1152,"filesize":695174,"sizes":{"medium":{"width":300,"height":135,"mime-type":"image\/jpeg","filesize":29969,"url":"https:\/\/escenanorte.com\/wp-content\/uploads\/2026\/08\/Enciso-300x135.jpeg"},"large":{"width":1024,"height":461,"mime-type":"image\/jpeg","filesize":133900,"url":"https:\/\/escenanorte.com\/wp-content\/uploads\/2026\/08\/Enciso-1024x461.jpeg"},"thumbnail":{"width":150,"height":150,"mime-type":"image\/jpeg","filesize":24516,"url":"https:\/\/escenanorte.com\/wp-content\/uploads\/2026\/08\/Enciso-150x150.jpeg"},"medium_large":{"width":768,"height":345,"mime-type":"image\/jpeg","filesize":86123,"url":"https:\/\/escenanorte.com\/wp-content\/uploads\/2026\/08\/Enciso-768x345.jpeg"},"1536x1536":{"width":1536,"height":691,"mime-type":"image\/jpeg","filesize":270415,"url":"https:\/\/escenanorte.com\/wp-content\/uploads\/2026\/08\/Enciso-1536x691.jpeg"},"2048x2048":{"width":2048,"height":921,"mime-type":"image\/jpeg","filesize":458059,"url":"https:\/\/escenanorte.com\/wp-content\/uploads\/2026\/08\/Enciso-2048x921.jpeg"}},"original_image":"Enciso.jpeg"},"address":"Plaza Mayor","city":"Enciso","province":"La Rioja","zip":"26586","website":"https:\/\/aytoenciso.larioja.org","stateprovince":"La Rioja","json_ld":{"@type":"Place","name":"Plaza Mayor de Enciso","description":"","image":"https:\/\/escenanorte.com\/wp-content\/uploads\/2026\/08\/Enciso-scaled.jpeg","url":"","address":{"@type":"PostalAddress","streetAddress":"Plaza Mayor","addressLocality":"Enciso","addressRegion":"La Rioja","postalCode":"26586"},"telephone":"","sameAs":"https:\/\/aytoenciso.larioja.org"},"show_map":true,"show_map_link":true,"global_id":"escenanorte.com\/ast\/?id=82304","global_id_lineage":["escenanorte.com\/ast\/?id=82304"]},"organizer":[],"custom_fields":[],"json_ld":{"@context":"http:\/\/schema.org","@type":"Event","name":"Ardatzak \/ Ejes | Zirkozaurre,  Euskadi","description":"&lt;p&gt;Tipo: Circo P\u00fablico: Todos los p\u00fablicos Duraci\u00f3n: 50\u2019 Idioma: Castellano \u2013 Euskera Estreno: 15 de mayo de 2025. Umore Azoka, Leioa (Bizkaia) \u2013 Euskadi Y para ti, \u00bfqu\u00e9 es un [&hellip;]&lt;\/p&gt;\\n","image":"https:\/\/escenanorte.com\/wp-content\/uploads\/2026\/06\/Ardatzak_Ejes_Zirkozaurre01-@Juankar-Garcia.jpg","url":"https:\/\/escenanorte.com\/ast\/evento\/ardatzak-ejes-zirkozaurre-euskadi-2\/","eventAttendanceMode":"https:\/\/schema.org\/OfflineEventAttendanceMode","eventStatus":"https:\/\/schema.org\/EventScheduled","startDate":"2026-10-03T18:00:00+02:00","endDate":"2026-10-03T18:50:00+02:00","location":{"@type":"Place","name":"Plaza Mayor de Enciso","description":"","image":"https:\/\/escenanorte.com\/wp-content\/uploads\/2026\/08\/Enciso-scaled.jpeg","url":"","address":{"@type":"PostalAddress","streetAddress":"Plaza Mayor","addressLocality":"Enciso","addressRegion":"La Rioja","postalCode":"26586"},"telephone":"","sameAs":"https:\/\/aytoenciso.larioja.org"},"offers":{"@type":"Offer","price":"0","priceCurrency":"EUR","url":"https:\/\/escenanorte.com\/ast\/evento\/ardatzak-ejes-zirkozaurre-euskadi-2\/","category":"primary","availability":"inStock","validFrom":"1970-01-01T00:00:00+00:00"},"performer":"Organization"}}